{"id":512811,"date":"2025-11-05T05:29:15","date_gmt":"2025-11-05T05:29:15","guid":{"rendered":"https:\/\/www.europesays.com\/fr\/512811\/"},"modified":"2025-11-05T05:29:15","modified_gmt":"2025-11-05T05:29:15","slug":"en-direct-guerre-en-ukraine-la-russie-accroit-fortement-sa-pression-sur-le-bastion-de-pokrovsk","status":"publish","type":"post","link":"https:\/\/www.europesays.com\/fr\/512811\/","title":{"rendered":"EN DIRECT &#8211; Guerre en Ukraine : la Russie accro\u00eet fortement sa pression sur le bastion de Pokrovsk"},"content":{"rendered":"<ul class=\"jsx-862013697 ArticleChapo__List\">\n<li class=\"jsx-862013697 ArticleChapo__List_Item flex\">Le pr\u00e9sident Volodymyr Zelensky a annonc\u00e9 mardi s&rsquo;\u00eatre rendu aupr\u00e8s des troupes ukrainiennes combattant dans la zone de Pokrovsk.<\/li>\n<li class=\"jsx-862013697 ArticleChapo__List_Item flex\">Cette ville strat\u00e9gique du Donbass est en difficult\u00e9 face aux attaques de l&rsquo;arm\u00e9e russe.<\/li>\n<li class=\"jsx-862013697 ArticleChapo__List_Item flex\">Suivez les derni\u00e8res informations.<\/li>\n<\/ul>\n<p><a href=\"https:\/\/www.tf1info.fr\/actualite\/guerre-ukraine-russie-une-rencontre-donald-trump-vladimir-poutine-historique-le-vendredi-15-aout-2025-en-alaska-sans-volodymyr-zelensky-14326\/\" rel=\"noopener\" class=\"jsx-484472199 Link jsx-1428418400 jsx-554215408\" target=\"_blank\"><\/p>\n<p style=\"font-weight:400\" class=\"jsx-1837267516\">Suivez la couverture compl\u00e8te<\/p>\n<p style=\"font-weight:800\" class=\"jsx-1837267516\">Ukraine-Russie : l&rsquo;espoir de n\u00e9gociations au point mort<\/p>\n<p><\/a><\/p>\n<p data-module=\"article-paragraph\" class=\"jsx-3046738180 Paragraph\">Le pr\u00e9sident Volodymyr Zelensky a annonc\u00e9 mardi 4 novembre s&rsquo;\u00eatre rendu aupr\u00e8s des troupes ukrainiennes combattant dans <a href=\"https:\/\/www.tf1info.fr\/international\/guerre-ukraine-russie-on-prepare-a-accepter-la-chute-sur-lci-un-expert-militaire-fait-le-point-sur-la-situation-a-pokrovsk-2404098.html\" target=\"_blank\" rel=\"noopener\">la zone de Pokrovsk<\/a>, une ville strat\u00e9gique du Donbass en difficult\u00e9 face aux attaques de l&rsquo;arm\u00e9e russe. \u00ab\u00a0J&rsquo;ai rencontr\u00e9 nos soldats au poste de commandement du 1er corps de la Garde nationale d&rsquo;Ukraine Azov (&#8230;), qui m\u00e8ne la d\u00e9fense dans la zone de Dobropillia\u00a0\u00bb, pr\u00e8s de Pokrovsk, a indiqu\u00e9 Volodymyr Zelensky sur les r\u00e9seaux sociaux.<\/p>\n<p data-module=\"article-paragraph\" class=\"jsx-3046738180 Paragraph Paragraph__End\">La Russie a fortement accru sa pression ces derniers jours sur le bastion de Pokrovsk, situ\u00e9 dans la r\u00e9gion industrielle du Donbass que le Kremlin cherche \u00e0 conqu\u00e9rir en priorit\u00e9. L&rsquo;arm\u00e9e ukrainienne a affirm\u00e9 samedi qu&rsquo;une op\u00e9ration \u00ab\u00a0complexe\u00a0\u00bb impliquant des forces sp\u00e9ciales \u00e9tait en cours pour chasser les soldats russes infiltr\u00e9s dans cette ville mini\u00e8re. Des observateurs militaires craignent que l&rsquo;agglom\u00e9ration de Pokrovsk-Myrnograd, qui comptait 100.000 habitants avant le d\u00e9but de l&rsquo;invasion en 2022, ne soit prochainement encercl\u00e9e et tombe sous le contr\u00f4le de la Russie.<\/p>\n<p>L&rsquo;appel de Zelensky \u00e0 Orban<\/p>\n<p data-module=\"article-paragraph\" class=\"jsx-3046738180 Paragraph Paragraph__End\">Le pr\u00e9sident ukrainien <a href=\"https:\/\/www.tf1info.fr\/international\/direct-guerre-ukraine-russie-la-situation-sur-le-front-a-pokrovsk-et-les-dernieres-informations-du-mardi-4-novembre-2025-2404480.html\" target=\"_blank\" rel=\"noopener\">a par ailleurs appel\u00e9 mardi Viktor Orban<\/a> \u00e0 \u00ab\u00a0ne pas bloquer\u00a0\u00bb le processus d&rsquo;adh\u00e9sion de son pays \u00e0 l&rsquo;Union europ\u00e9enne, que Bruxelles consid\u00e8re en bonne voie, au contraire de la G\u00e9orgie, jug\u00e9e d\u00e9sormais plus \u00e9loign\u00e9e des Vingt-Sept. \u00ab\u00a0Nous aimerions vraiment que le Premier ministre hongrois nous soutienne ou du moins qu&rsquo;il ne nous bloque pas\u00a0\u00bb, a-t-il d\u00e9clar\u00e9 au cours d&rsquo;un forum sur l&rsquo;\u00e9largissement de l&rsquo;UE organis\u00e9 par Euronews \u00e0 Bruxelles. Mais Viktor Orban a imm\u00e9diatement r\u00e9affirm\u00e9 sur Facebook que \u00ab\u00a0la Hongrie ne soutient pas et ne soutiendra pas l&rsquo;adh\u00e9sion de l&rsquo;Ukraine \u00e0 l&rsquo;Union europ\u00e9enne\u00a0\u00bb, ajoutant que cela \u00ab\u00a0entra\u00eenerait une guerre en Europe et co\u00fbterait de l&rsquo;argent \u00e0 la Hongrie au profit de l&rsquo;Ukraine\u00a0\u00bb.<\/p>\n<p><a href=\"https:\/\/www.tf1info.fr\/international\/verif-guerre-ukraine-russie-une-reddition-de-soldats-ukrainiens-est-elle-vraiment-en-cours-en-pleine-bataille-decisive-a-pokrovsk-2404584.html\" rel=\"noopener\" class=\"jsx-3308031228 Link flex\" target=\"_blank\"><img decoding=\"async\" src=\"https:\/\/www.europesays.com\/fr\/wp-content\/uploads\/2025\/11\/couv-les-verif-pokr-9a3e94-0@1x.jpeg\" alt=\"Capture d'\u00e9cran X \/ Les V\u00e9rificateurs\" loading=\"lazy\" importance=\"low\" fetchpriority=\"low\" class=\"\" aria-hidden=\"true\"\/><\/p>\n<p class=\"jsx-3657663356 ReadMoreArticle__Title\">Lire aussi<\/p>\n<p class=\"jsx-3657663356\">V\u00c9RIF&rsquo; &#8211; Une reddition de soldats ukrainiens est-elle vraiment en cours, en pleine bataille d\u00e9cisive \u00e0 Pokrovsk ?<\/p>\n<p><\/a><\/p>\n<p data-module=\"article-paragraph\" class=\"jsx-3046738180 Paragraph Paragraph__End\">Entam\u00e9e tambour battant au lendemain de l&rsquo;invasion russe en f\u00e9vrier 2022, la proc\u00e9dure en vue de l&rsquo;entr\u00e9e de l&rsquo;Ukraine dans l&rsquo;Union europ\u00e9enne est \u00e0 l&rsquo;arr\u00eat depuis plusieurs mois. Ce processus d&rsquo;adh\u00e9sion, long et complexe, exige l&rsquo;unanimit\u00e9 des 27 Etats membres \u00e0 chaque nouvelle \u00e9tape. Or le chef du gouvernement hongrois a d\u00e9cid\u00e9 de geler de facto le processus d&rsquo;adh\u00e9sion en usant de son droit de veto.\u00a0<\/p>\n<p data-module=\"article-paragraph\" class=\"jsx-3046738180 Paragraph Paragraph__End\">De son c\u00f4t\u00e9, le pr\u00e9sident Vladimir Poutine a promulgu\u00e9 mardi une loi autorisant le recours \u00e0 des r\u00e9servistes pour prot\u00e9ger les raffineries de p\u00e9trole et autres infrastructures \u00e9nerg\u00e9tiques en Russie, sur fond de frappes ukrainiennes contre de telles installations quasiment chaque semaine. Ces attaques de drones ukrainiennes provoquent r\u00e9guli\u00e8rement des d\u00e9g\u00e2ts dans des usines des secteurs p\u00e9trolier et gazier et sur des conduites destin\u00e9es au transport des hydrocarbures, conduisant \u00e0 une hausse des prix du carburant.<\/p>\n<p>La r\u00e9daction de TF1info<\/p>\n","protected":false},"excerpt":{"rendered":"Le pr\u00e9sident Volodymyr Zelensky a annonc\u00e9 mardi s&rsquo;\u00eatre rendu aupr\u00e8s des troupes ukrainiennes combattant dans la zone de&hellip;\n","protected":false},"author":2,"featured_media":436184,"comment_status":"","ping_status":"","sticky":false,"template":"","format":"standard","meta":{"footnotes":""},"categories":[1591],"tags":[1111,11,1921,1887,1922,12,1885,1886,132,220,1917,59253,364,133,1920,135,134],"class_list":{"0":"post-512811","1":"post","2":"type-post","3":"status-publish","4":"format-standard","5":"has-post-thumbnail","7":"category-russie","8":"tag-actu","9":"tag-actualites","10":"tag-article-video","11":"tag-federation-de-russie","12":"tag-info","13":"tag-news","14":"tag-russia","15":"tag-russian-federation","16":"tag-russie","17":"tag-ukraine","18":"tag-ukraine-4-annee-de-guerre","19":"tag-ukraine-russie-lespoir-de-negociations-au-point-mort","20":"tag-union-europeenne","21":"tag-video","22":"tag-video-international","23":"tag-vladimir-poutine","24":"tag-volodymyr-zelensky"},"share_on_mastodon":{"url":"https:\/\/pubeurope.com\/@fr\/115495447125800362","error":""},"_links":{"self":[{"href":"https:\/\/www.europesays.com\/fr\/wp-json\/wp\/v2\/posts\/512811","targetHints":{"allow":["GET"]}}],"collection":[{"href":"https:\/\/www.europesays.com\/fr\/wp-json\/wp\/v2\/posts"}],"about":[{"href":"https:\/\/www.europesays.com\/fr\/wp-json\/wp\/v2\/types\/post"}],"author":[{"embeddable":true,"href":"https:\/\/www.europesays.com\/fr\/wp-json\/wp\/v2\/users\/2"}],"replies":[{"embeddable":true,"href":"https:\/\/www.europesays.com\/fr\/wp-json\/wp\/v2\/comments?post=512811"}],"version-history":[{"count":0,"href":"https:\/\/www.europesays.com\/fr\/wp-json\/wp\/v2\/posts\/512811\/revisions"}],"wp:featuredmedia":[{"embeddable":true,"href":"https:\/\/www.europesays.com\/fr\/wp-json\/wp\/v2\/media\/436184"}],"wp:attachment":[{"href":"https:\/\/www.europesays.com\/fr\/wp-json\/wp\/v2\/media?parent=512811"}],"wp:term":[{"taxonomy":"category","embeddable":true,"href":"https:\/\/www.europesays.com\/fr\/wp-json\/wp\/v2\/categories?post=512811"},{"taxonomy":"post_tag","embeddable":true,"href":"https:\/\/www.europesays.com\/fr\/wp-json\/wp\/v2\/tags?post=512811"}],"curies":[{"name":"wp","href":"https:\/\/api.w.org\/{rel}","templated":true}]}}