{"id":512812,"date":"2025-11-05T05:30:17","date_gmt":"2025-11-05T05:30:17","guid":{"rendered":"https:\/\/www.europesays.com\/fr\/512812\/"},"modified":"2025-11-05T05:30:17","modified_gmt":"2025-11-05T05:30:17","slug":"zelensky-appelle-orban-a-ne-pas-bloquer-ladhesion-de-kiev-a-lue","status":"publish","type":"post","link":"https:\/\/www.europesays.com\/fr\/512812\/","title":{"rendered":"Zelensky appelle Orban \u00e0 ne pas bloquer l\u2019adh\u00e9sion de Kiev \u00e0 l\u2019UE\u2026"},"content":{"rendered":"<p>L\u2019Ukraine appelle Orban \u00e0 ne pas bloquer son adh\u00e9sion \u00e0 l\u2019UE<\/p>\n<p>Volodymyr Zelensky a appel\u00e9 mardi Viktor Orban \u00e0 \u00ab\u00a0ne pas bloquer\u00a0\u00bb le processus d\u2019adh\u00e9sion de son pays \u00e0 l\u2019Union europ\u00e9enne, que Bruxelles consid\u00e8re en bonne voie, au contraire de la G\u00e9orgie, jug\u00e9e d\u00e9sormais plus \u00e9loign\u00e9e des 27. \u00ab\u00a0Nous aimerions vraiment que le Premier ministre hongrois nous soutienne ou du moins qu\u2019il ne nous bloque pas\u00a0\u00bb, a-t-il d\u00e9clar\u00e9 au cours d\u2019un forum sur l\u2019\u00e9largissement de l\u2019UE organis\u00e9 par Euronews \u00e0 Bruxelles.<\/p>\n<p>Mais Viktor Orban a imm\u00e9diatement r\u00e9affirm\u00e9 sur Facebook que \u00ab\u00a0la Hongrie ne soutient pas et ne soutiendra pas l\u2019adh\u00e9sion de l\u2019Ukraine \u00e0 l\u2019Union europ\u00e9enne\u00a0\u00bb, ajoutant que cela \u00ab\u00a0entra\u00eenerait une guerre en Europe et co\u00fbterait de l\u2019argent \u00e0 la Hongrie au profit de l\u2019Ukraine\u00a0\u00bb.<\/p>\n<p>Poutine autorise l\u2019envoi de r\u00e9servistes pour d\u00e9fendre les raffineries<\/p>\n<p>Le pr\u00e9sident russe a promulgu\u00e9 mardi une loi autorisant le recours \u00e0 des r\u00e9servistes pour prot\u00e9ger les raffineries de p\u00e9trole et autres infrastructures \u00e9nerg\u00e9tiques en Russie, sur fond de frappes ukrainiennes contre de telles installations quasiment chaque semaine.<\/p>\n<p>Ces attaques de drones ukrainiennes provoquent r\u00e9guli\u00e8rement des d\u00e9g\u00e2ts dans des usines des secteurs p\u00e9trolier et gazier et sur des conduites destin\u00e9es au transport des hydrocarbures, conduisant \u00e0 une hausse des prix du carburant.<\/p>\n<p>Bienvenue dans ce nouveau Live<\/p>\n<p>Bonjour \u00e0 toutes et \u00e0 tous. Comme chaque jour, la r\u00e9daction de 20 Minutes est mobilis\u00e9e pour vous donner l\u2019ensemble des informations sur le conflit entre Moscou et Kiev.<\/p>\n<p>Ces derniers mois, les Ukrainiens ont multipli\u00e9 les attaques sur les d\u00e9p\u00f4ts et les raffineries de p\u00e9trole russes pour tenter de tarir la rente des hydrocarbures qui finance l\u2019effort de guerre du Kremlin. La Russie a de son c\u00f4t\u00e9 proc\u00e9d\u00e9 \u00e0 plusieurs vagues de frappes sur les installations \u00e9lectriques et gazi\u00e8res en Ukraine, y causant des coupures de courant, \u00e0 l\u2019approche de l\u2019hiver.<\/p>\n","protected":false},"excerpt":{"rendered":"L\u2019Ukraine appelle Orban \u00e0 ne pas bloquer son adh\u00e9sion \u00e0 l\u2019UE Volodymyr Zelensky a appel\u00e9 mardi Viktor Orban&hellip;\n","protected":false},"author":2,"featured_media":512813,"comment_status":"","ping_status":"","sticky":false,"template":"","format":"standard","meta":{"footnotes":""},"categories":[1590],"tags":[47,11,75,73,1777,674,131,74,12,132,220,133,135,134],"class_list":{"0":"post-512812","1":"post","2":"type-post","3":"status-publish","4":"format-standard","5":"has-post-thumbnail","7":"category-ukraine","8":"tag-actualite","9":"tag-actualites","10":"tag-donald-trump","11":"tag-etats-unis","12":"tag-eu","13":"tag-europe","14":"tag-guerre-en-ukraine","15":"tag-monde","16":"tag-news","17":"tag-russie","18":"tag-ukraine","19":"tag-video","20":"tag-vladimir-poutine","21":"tag-volodymyr-zelensky"},"share_on_mastodon":{"url":"https:\/\/pubeurope.com\/@fr\/115495451035274235","error":""},"_links":{"self":[{"href":"https:\/\/www.europesays.com\/fr\/wp-json\/wp\/v2\/posts\/512812","targetHints":{"allow":["GET"]}}],"collection":[{"href":"https:\/\/www.europesays.com\/fr\/wp-json\/wp\/v2\/posts"}],"about":[{"href":"https:\/\/www.europesays.com\/fr\/wp-json\/wp\/v2\/types\/post"}],"author":[{"embeddable":true,"href":"https:\/\/www.europesays.com\/fr\/wp-json\/wp\/v2\/users\/2"}],"replies":[{"embeddable":true,"href":"https:\/\/www.europesays.com\/fr\/wp-json\/wp\/v2\/comments?post=512812"}],"version-history":[{"count":0,"href":"https:\/\/www.europesays.com\/fr\/wp-json\/wp\/v2\/posts\/512812\/revisions"}],"wp:featuredmedia":[{"embeddable":true,"href":"https:\/\/www.europesays.com\/fr\/wp-json\/wp\/v2\/media\/512813"}],"wp:attachment":[{"href":"https:\/\/www.europesays.com\/fr\/wp-json\/wp\/v2\/media?parent=512812"}],"wp:term":[{"taxonomy":"category","embeddable":true,"href":"https:\/\/www.europesays.com\/fr\/wp-json\/wp\/v2\/categories?post=512812"},{"taxonomy":"post_tag","embeddable":true,"href":"https:\/\/www.europesays.com\/fr\/wp-json\/wp\/v2\/tags?post=512812"}],"curies":[{"name":"wp","href":"https:\/\/api.w.org\/{rel}","templated":true}]}}