{"id":512817,"date":"2025-11-05T05:33:11","date_gmt":"2025-11-05T05:33:11","guid":{"rendered":"https:\/\/www.europesays.com\/fr\/512817\/"},"modified":"2025-11-05T05:33:11","modified_gmt":"2025-11-05T05:33:11","slug":"en-allemagne-le-retour-des-syriens-chez-eux-divise-la-droite","status":"publish","type":"post","link":"https:\/\/www.europesays.com\/fr\/512817\/","title":{"rendered":"En Allemagne, le retour des Syriens chez eux divise la droite"},"content":{"rendered":"<p>En quoi consiste la pol\u00e9mique\u00a0sur les Syriens en Allemagne\u00a0?<\/p>\n<p>Le ministre chr\u00e9tien-d\u00e9mocrate des affaires \u00e9trang\u00e8res, <a href=\"https:\/\/www.la-croix.com\/international\/allemagne-johann-wadephul-un-fidele-du-futur-chancelier-merz-a-la-tete-de-la-diplomatie-20250428\" data-tracking=\"inpage_click\" data-tracking-action=\"lire un article\" data-tracking-category=\"recirculation\" target=\"_blank\" rel=\"noopener\">Johann Wadephul<\/a>, a visiblement \u00e9t\u00e9 tr\u00e8s touch\u00e9 par sa visite, le 31\u00a0octobre, d\u2019une banlieue de la capitale syrienne, Damas, ravag\u00e9e par treize ann\u00e9es de guerre civile. Devant la presse, le chef de la diplomatie a jug\u00e9 un retour des Syriens dans leur pays \u00ab\u00a0tr\u00e8s difficilement possible \u00e0 court terme\u00a0\u00bb. Depuis, les milieux conservateurs de son pays se d\u00e9cha\u00eenent.<\/p>\n<p>Cet article est r\u00e9serv\u00e9 aux abonn\u00e9s<\/p>\n<p>\n                    Vous souhaitez lire la suite\u00a0? Abonnez-vous sans engagement \u00e0 notre offre num\u00e9rique\n                <\/p>\n<p>                <a href=\"https:\/\/www.la-croix.com\/abonnement\" class=\"default-paywall__subscribe-button\" data-tracking=\"cta_click\" data-tracking-action=\"voir la page abonnement\" data-tracking-category=\"abonnement\" target=\"_blank\" rel=\"noopener\">Je m&rsquo;abonne<\/a><\/p>\n","protected":false},"excerpt":{"rendered":"En quoi consiste la pol\u00e9mique\u00a0sur les Syriens en Allemagne\u00a0? Le ministre chr\u00e9tien-d\u00e9mocrate des affaires \u00e9trang\u00e8res, Johann Wadephul, a&hellip;\n","protected":false},"author":2,"featured_media":512818,"comment_status":"","ping_status":"","sticky":false,"template":"","format":"standard","meta":{"footnotes":""},"categories":[1587],"tags":[11,672,1804,1805,1803,1777,674,1801,12,1802],"class_list":{"0":"post-512817","1":"post","2":"type-post","3":"status-publish","4":"format-standard","5":"has-post-thumbnail","7":"category-allemagne","8":"tag-actualites","9":"tag-allemagne","10":"tag-bundesrepublik-deutschland","11":"tag-de","12":"tag-deutschland","13":"tag-eu","14":"tag-europe","15":"tag-germany","16":"tag-news","17":"tag-republique-federale-dallemagne"},"share_on_mastodon":{"url":"https:\/\/pubeurope.com\/@fr\/115495462932342573","error":""},"_links":{"self":[{"href":"https:\/\/www.europesays.com\/fr\/wp-json\/wp\/v2\/posts\/512817","targetHints":{"allow":["GET"]}}],"collection":[{"href":"https:\/\/www.europesays.com\/fr\/wp-json\/wp\/v2\/posts"}],"about":[{"href":"https:\/\/www.europesays.com\/fr\/wp-json\/wp\/v2\/types\/post"}],"author":[{"embeddable":true,"href":"https:\/\/www.europesays.com\/fr\/wp-json\/wp\/v2\/users\/2"}],"replies":[{"embeddable":true,"href":"https:\/\/www.europesays.com\/fr\/wp-json\/wp\/v2\/comments?post=512817"}],"version-history":[{"count":0,"href":"https:\/\/www.europesays.com\/fr\/wp-json\/wp\/v2\/posts\/512817\/revisions"}],"wp:featuredmedia":[{"embeddable":true,"href":"https:\/\/www.europesays.com\/fr\/wp-json\/wp\/v2\/media\/512818"}],"wp:attachment":[{"href":"https:\/\/www.europesays.com\/fr\/wp-json\/wp\/v2\/media?parent=512817"}],"wp:term":[{"taxonomy":"category","embeddable":true,"href":"https:\/\/www.europesays.com\/fr\/wp-json\/wp\/v2\/categories?post=512817"},{"taxonomy":"post_tag","embeddable":true,"href":"https:\/\/www.europesays.com\/fr\/wp-json\/wp\/v2\/tags?post=512817"}],"curies":[{"name":"wp","href":"https:\/\/api.w.org\/{rel}","templated":true}]}}