{"id":512819,"date":"2025-11-05T05:34:12","date_gmt":"2025-11-05T05:34:12","guid":{"rendered":"https:\/\/www.europesays.com\/fr\/512819\/"},"modified":"2025-11-05T05:34:12","modified_gmt":"2025-11-05T05:34:12","slug":"shein-tiktok-ukraine-pourquoi-la-dependance-de-leurope-a-la-chine-na-jamais-paru-aussi-dangereuse-lexpress","status":"publish","type":"post","link":"https:\/\/www.europesays.com\/fr\/512819\/","title":{"rendered":"Shein, TikTok, Ukraine\u2026 Pourquoi la d\u00e9pendance de l\u2019Europe \u00e0 la Chine n\u2019a jamais paru aussi dangereuse \u2013 L&rsquo;Express"},"content":{"rendered":"<p class=\"paragraph article-body-paragraph article__item   article-body-paragraph--first \">\u00ab\u00a012 sur une \u00e9chelle de 0 \u00e0 10\u00a0\u00bb. C\u2019est la note dithyrambique attribu\u00e9e par <a href=\"https:\/\/www.lexpress.fr\/monde\/amerique\/donald-trump_1702460.html\" target=\"_self\" rel=\"nofollow noopener\" title=\"https:\/\/www.lexpress.fr\/monde\/amerique\/donald-trump_1702460.html\">Donald Trump<\/a> \u00e0 sa n\u00e9gociation avec <a href=\"https:\/\/www.lexpress.fr\/monde\/asie\/face-a-lotan-xi-jinping-propose-une-coalition-a-la-carte-STANB6MRLVFUBFHMR4U5I62YHQ\/\" target=\"_self\" rel=\"nofollow noopener\" title=\"https:\/\/www.lexpress.fr\/monde\/asie\/face-a-lotan-xi-jinping-propose-une-coalition-a-la-carte-STANB6MRLVFUBFHMR4U5I62YHQ\/\">son homologue chinois Xi Jinping,<\/a> le 30 octobre, en Cor\u00e9e du Sud, qui a permis une tr\u00eave commerciale entre les deux superpuissances. Peut-\u00eatre aurait-il d\u00fb utiliser un boulier chinois pour aboutir \u00e0 un calcul plus juste. Car non seulement l\u2019apaisement pourrait \u00eatre de courte dur\u00e9e, tant la rivalit\u00e9 sino-am\u00e9ricaine est intense, mais Trump a fait nombre de concessions, sans obtenir d\u2019avanc\u00e9e majeure.<\/p>\n<p><strong class=\"article-body-link-list__item text-gray-800 article-body-link-list__item--one-item\">LIRE AUSSI : <a class=\"article-body-link-list__item-link\" href=\"https:\/\/www.lexpress.fr\/idees-et-debats\/xi-jinping-a-tenu-tete-a-donald-trump-mais-les-sommets-diplomatiques-decryptes-par-margaret-mcmillan-PXOX6RKEYFGZXEI73VMDTPEXME\/\" rel=\"nofollow noopener\" target=\"_blank\">\u00ab\u00a0Xi Jinping a tenu t\u00eate \u00e0 Donald Trump, mais\u2026\u00a0\u00bb : les sommets diplomatiques d\u00e9crypt\u00e9s par Margaret McMillan (Oxford)<\/a><\/strong><\/p>\n<p class=\"paragraph article-body-paragraph article__item   \">Principal soulagement, P\u00e9kin a suspendu pour un an ses restrictions sur les exportations <a href=\"https:\/\/www.lexpress.fr\/monde\/europe\/terres-rares-la-chine-compromet-le-rearmement-de-leurope-et-fait-le-jeu-de-poutine-EZP7DGXFSRB4XCB5TYJ7DMKXPE\/\" target=\"_self\" rel=\"nofollow noopener\" title=\"https:\/\/www.lexpress.fr\/monde\/europe\/terres-rares-la-chine-compromet-le-rearmement-de-leurope-et-fait-le-jeu-de-poutine-EZP7DGXFSRB4XCB5TYJ7DMKXPE\/\">de terres rares, <\/a>dont elle a le quasi-monopole et qui sont cruciales pour le secteur de la high-tech am\u00e9ricaine. Dans la foul\u00e9e, les Europ\u00e9ens, eux aussi vis\u00e9s par cette mesure qui aurait paralys\u00e9 leurs fabricants de moteurs \u00e9lectriques, d\u2019\u00e9oliennes ou de missiles, ont \u00e9galement \u00e9t\u00e9 \u00e9pargn\u00e9s. Alors que les 27 craignent d\u2019\u00eatre les victimes collat\u00e9rales de la course entre Washington et P\u00e9kin pour le leadership mondial, jamais la d\u00e9pendance \u00e0 la Chine n\u2019a paru aussi dangereuse.<\/p>\n<p>Xi Jinping n\u2019a cess\u00e9 de consolider son pouvoir<\/p>\n<p class=\"paragraph article-body-paragraph article__item   \">Car l\u2019empire du Milieu ne craint plus d\u00e9sormais de montrer sa force. \u00ab\u00a0La mont\u00e9e en puissance de la Chine dans tous les domaines (\u00e9conomique, technologique, militaire et diplomatique) n\u2019a fait qu\u2019affermir sa confiance en elle\u00a0\u00bb, souligne Alice Ekman, directrice de la recherche de l\u2019Institut d\u2019\u00e9tudes de s\u00e9curit\u00e9 de l\u2019Union europ\u00e9enne.<\/p>\n<p><strong class=\"article-body-link-list__item text-gray-800 article-body-link-list__item--one-item\">LIRE AUSSI : <a class=\"article-body-link-list__item-link\" href=\"https:\/\/www.lexpress.fr\/economie\/drones-televiseurs-robots-une-deferlante-de-produits-tech-venant-de-chine-sabat-sur-leurope-XW4RKVTNPZDGZMN6KXCPK7CDSI\/\" rel=\"nofollow noopener\" target=\"_blank\">Drones, t\u00e9l\u00e9viseurs, robots\u2026 Une d\u00e9ferlante de produits tech venant de Chine s\u2019abat sur l\u2019Europe<\/a><\/strong><\/p>\n<p class=\"paragraph article-body-paragraph article__item   \">D\u2019autant que <a href=\"https:\/\/www.lexpress.fr\/idees-et-debats\/xi-jinping-serait-pret-a-sacrifier-le-pib-chinois-pour-attaquer-taiwan-le-sombre-scenario-de-michael-G5TUENCIP5HNHDMSEVUQFAWDHI\/\" target=\"_self\" rel=\"nofollow noopener\" title=\"https:\/\/www.lexpress.fr\/idees-et-debats\/xi-jinping-serait-pret-a-sacrifier-le-pib-chinois-pour-attaquer-taiwan-le-sombre-scenario-de-michael-G5TUENCIP5HNHDMSEVUQFAWDHI\/\">Xi Jinping <\/a>n\u2019a cess\u00e9 en parall\u00e8le de consolider son pouvoir \u2013 il est sorti encore renforc\u00e9 d\u2019un r\u00e9cent pl\u00e9num du Parti communiste qui a fix\u00e9 comme priorit\u00e9 \u00ab\u00a0des am\u00e9liorations substantielles en mati\u00e8re d\u2019autonomie scientifique et technologique\u00a0\u00bb sur la p\u00e9riode 2026-2030. De fait, contrairement aux autres pays harcel\u00e9s par des hausses <a href=\"https:\/\/www.lexpress.fr\/monde\/amerique\/droits-de-douane-les-nouvelles-menaces-de-donald-trump-contre-la-chine-et-lunion-europeenne-56AAABEBWRADHCL4VYIB5LPZQE\/\" target=\"_self\" rel=\"nofollow noopener\" title=\"https:\/\/www.lexpress.fr\/monde\/amerique\/droits-de-douane-les-nouvelles-menaces-de-donald-trump-contre-la-chine-et-lunion-europeenne-56AAABEBWRADHCL4VYIB5LPZQE\/\">de taxes douani\u00e8res<\/a> am\u00e9ricaines depuis avril, la Chine ne s\u2019est pas couch\u00e9e. Mieux, en rendant coup pour coup, elle a prouv\u00e9 qu\u2019elle boxait dans la m\u00eame cat\u00e9gorie et pouvait faire reculer le leader mondial en ciblant ses faiblesses.<\/p>\n<\/p>\n<p class=\"paragraph article-body-paragraph article__item   \">L\u2019ambition de plus en plus affirm\u00e9e de la Chine, qui veut remodeler l\u2019ordre international selon ses int\u00e9r\u00eats, a des r\u00e9percussions sur l\u2019Europe. Sa perc\u00e9e tous azimuts s\u2019incarne \u00e0 pr\u00e9sent dans des marques connues, comme le prouvent l\u2019installation controvers\u00e9e <a href=\"https:\/\/www.lexpress.fr\/societe\/poupees-sexuelles-sur-shein-les-plateformes-temu-aliexpress-et-wish-aussi-visees-par-des-enquetes-ZNL5ICSTVNCTFKRAXO7NOK4E7E\/\" target=\"_self\" rel=\"nofollow noopener\" title=\"https:\/\/www.lexpress.fr\/societe\/poupees-sexuelles-sur-shein-les-plateformes-temu-aliexpress-et-wish-aussi-visees-par-des-enquetes-ZNL5ICSTVNCTFKRAXO7NOK4E7E\/\">de la marque de fast fashion Shein<\/a> dans le b\u00e2timent amiral du BHV, \u00e0 Paris, l\u2019engouement pour les figurines en peluche Labubu ou <a href=\"https:\/\/www.lexpress.fr\/societe\/tiktok-plongee-dans-lenfer-des-moderateurs-nous-sommes-pousses-a-ne-pas-supprimer-les-videos-7Q7N2765IJDUFKE267HEFLWYZA\/\" target=\"_self\" rel=\"nofollow noopener\" title=\"https:\/\/www.lexpress.fr\/societe\/tiktok-plongee-dans-lenfer-des-moderateurs-nous-sommes-pousses-a-ne-pas-supprimer-les-videos-7Q7N2765IJDUFKE267HEFLWYZA\/\">la popularit\u00e9 du r\u00e9seau social TikTok.<\/a><\/p>\n<p>L\u2019UE tente de se prot\u00e9ger<\/p>\n<p class=\"paragraph article-body-paragraph article__item   \">Redoutant de voir la Chine \u00e9couler ses surcapacit\u00e9s de production sur le Vieux Continent, l\u2019Europe, dont le d\u00e9ficit commercial avec le g\u00e9ant asiatique se creuse, tente de se prot\u00e9ger en imposant des normes strictes ou en taxant <a href=\"https:\/\/www.lexpress.fr\/economie\/entreprises\/byd-le-constructeur-chinois-qui-fait-de-lombre-a-tesla-LQCZNMOH6FG3HDQ6UU62JFJR64\/\" target=\"_self\" rel=\"nofollow noopener\" title=\"https:\/\/www.lexpress.fr\/economie\/entreprises\/byd-le-constructeur-chinois-qui-fait-de-lombre-a-tesla-LQCZNMOH6FG3HDQ6UU62JFJR64\/\">certaines marques de voitures \u00e9lectriques <\/a>chinoises, au grand dam de P\u00e9kin.<\/p>\n<p><strong class=\"article-body-link-list__item text-gray-800 article-body-link-list__item--one-item\">LIRE AUSSI : <a class=\"article-body-link-list__item-link\" href=\"https:\/\/www.lexpress.fr\/monde\/asie\/face-a-lotan-xi-jinping-propose-une-coalition-a-la-carte-STANB6MRLVFUBFHMR4U5I62YHQ\/\" rel=\"nofollow noopener\" target=\"_blank\">Face \u00e0 l\u2019Otan, Xi Jinping propose une coalition \u00ab\u00a0\u00e0 la carte\u00a0\u00bb<\/a><\/strong><\/p>\n<p class=\"paragraph article-body-paragraph article__item   \">Ces tensions commerciales s\u2019ajoutent \u00e0 de graves divergences g\u00e9opolitiques : le soutien diplomatique et \u00e9conomique de la Chine \u00e0 la Russie <a href=\"https:\/\/www.lexpress.fr\/monde\/europe\/l-ukraine-hesite-entre-est-et-ouest_1302698.html\" target=\"_self\" rel=\"nofollow noopener\" title=\"https:\/\/www.lexpress.fr\/monde\/europe\/l-ukraine-hesite-entre-est-et-ouest_1302698.html\">dans sa guerre contre l\u2019Ukraine<\/a> a particuli\u00e8rement refroidi les Europ\u00e9ens. Ce qui n\u2019emp\u00eache pas P\u00e9kin de chercher \u00e0 \u00e9loigner l\u2019UE des Etats-Unis, en arguant que l\u2019Am\u00e9rique n\u2019est plus un partenaire fiable. \u00ab\u00a0La Chine souhaite voir l\u2019Europe adopter une approche plus pragmatique \u00e0 son \u00e9gard, compatible avec le nouvel \u00e9quilibre des pouvoirs\u00a0\u00bb, r\u00e9sume Yun Sun, du Stimson Center, \u00e0 Washington.<\/p>\n<p class=\"paragraph article-body-paragraph article__item   \">Pour l\u2019heure, l\u2019UE, trop divis\u00e9e et en retard en mati\u00e8re d\u2019innovation, se trouve en position de faiblesse, face \u00e0 des \u00ab\u00a0hommes forts\u00a0\u00bb am\u00e9ricain et chinois bien d\u00e9termin\u00e9s \u00e0 \u00ab\u00a0rendre leur grandeur\u00a0\u00bb \u00e0 leur pays. Il serait temps qu\u2019elle se pr\u00e9pare elle aussi \u00e0 un v\u00e9ritable rapport de force.<\/p>\n","protected":false},"excerpt":{"rendered":"\u00ab\u00a012 sur une \u00e9chelle de 0 \u00e0 10\u00a0\u00bb. C\u2019est la note dithyrambique attribu\u00e9e par Donald Trump \u00e0 sa&hellip;\n","protected":false},"author":2,"featured_media":512820,"comment_status":"","ping_status":"","sticky":false,"template":"","format":"standard","meta":{"footnotes":""},"categories":[1586],"tags":[11,1777,674,1011,27,74,12,25],"class_list":{"0":"post-512819","1":"post","2":"type-post","3":"status-publish","4":"format-standard","5":"has-post-thumbnail","7":"category-europe","8":"tag-actualites","9":"tag-eu","10":"tag-europe","11":"tag-fr","12":"tag-france","13":"tag-monde","14":"tag-news","15":"tag-republique-francaise"},"share_on_mastodon":{"url":"https:\/\/pubeurope.com\/@fr\/115495466687684628","error":""},"_links":{"self":[{"href":"https:\/\/www.europesays.com\/fr\/wp-json\/wp\/v2\/posts\/512819","targetHints":{"allow":["GET"]}}],"collection":[{"href":"https:\/\/www.europesays.com\/fr\/wp-json\/wp\/v2\/posts"}],"about":[{"href":"https:\/\/www.europesays.com\/fr\/wp-json\/wp\/v2\/types\/post"}],"author":[{"embeddable":true,"href":"https:\/\/www.europesays.com\/fr\/wp-json\/wp\/v2\/users\/2"}],"replies":[{"embeddable":true,"href":"https:\/\/www.europesays.com\/fr\/wp-json\/wp\/v2\/comments?post=512819"}],"version-history":[{"count":0,"href":"https:\/\/www.europesays.com\/fr\/wp-json\/wp\/v2\/posts\/512819\/revisions"}],"wp:featuredmedia":[{"embeddable":true,"href":"https:\/\/www.europesays.com\/fr\/wp-json\/wp\/v2\/media\/512820"}],"wp:attachment":[{"href":"https:\/\/www.europesays.com\/fr\/wp-json\/wp\/v2\/media?parent=512819"}],"wp:term":[{"taxonomy":"category","embeddable":true,"href":"https:\/\/www.europesays.com\/fr\/wp-json\/wp\/v2\/categories?post=512819"},{"taxonomy":"post_tag","embeddable":true,"href":"https:\/\/www.europesays.com\/fr\/wp-json\/wp\/v2\/tags?post=512819"}],"curies":[{"name":"wp","href":"https:\/\/api.w.org\/{rel}","templated":true}]}}