{"id":512831,"date":"2025-11-05T05:42:16","date_gmt":"2025-11-05T05:42:16","guid":{"rendered":"https:\/\/www.europesays.com\/fr\/512831\/"},"modified":"2025-11-05T05:42:16","modified_gmt":"2025-11-05T05:42:16","slug":"la-tenante-du-titre-coco-gauff-toujours-en-course-apres-sa-victoire-contre-jasmine-paolini-aux-finales-wta-lequipe","status":"publish","type":"post","link":"https:\/\/www.europesays.com\/fr\/512831\/","title":{"rendered":"La tenante du titre Coco Gauff toujours en course apr\u00e8s sa victoire contre Jasmine Paolini aux Finales WTA &#8211; L&#039;\u00c9quipe"},"content":{"rendered":"<ol>\n<li><a href=\"https:\/\/news.google.com\/rss\/articles\/CBMi6wFBVV95cUxNQTI5R1Q4ZndMRGZxZkRTZXVfNW94emRYd04zd24zMDBTaDNFOXFaVmw3c3V2TGprWFRXZFVPMUNWSHdsY25Nd3h4T0NTSXVUc2dWUlh1QjdtWFhESWZuQXAzQ0lsVm1kbkxnYmRfWWF1TWVwQkw1QS1NRC10Zk0zMGVzeUlpUEJzZFZGSGlndC1RMHFmakMxX25ucDhTM2dUblB3Q1VoNHRpZHFzRmxaM3FVYmdiVzVnUWxTQzFLSGtZYjkzWm9ZbkNoRTktMzVGZDdyOGhHOGl1a1d4LUsxdFlzekdIZ182Zllj?oc=5\" target=\"_blank\" rel=\"nofollow noopener\">La tenante du titre Coco Gauff toujours en course apr\u00e8s sa victoire contre Jasmine Paolini aux Finales WTA<\/a>&nbsp;&nbsp;L&rsquo;\u00c9quipe<\/li>\n<li><a href=\"https:\/\/news.google.com\/rss\/articles\/CBMiqAFBVV95cUxPcUd6TkVVSDlCT3VadmlhbmZDb3NMdXpmdGlXa3k3UzktUGVMalhIdVNVYTBmaGZsU3ZsZlpWUnhqc2xsWHFkMmtodlpCZHJKNjhpMTRQaFd2WFpaVVduczZ5cFRDakFiMmhxeWtEOEc2LXhpNV9Rb283WU5MTDI1MnE3ZlIwd2k5dUxSVDZhRkFBdEN6MXN3TGtZYUN1aFpnRnI4aWlmNzk?oc=5\" target=\"_blank\" rel=\"nofollow noopener\">Aryna Sabalenka &#8211; Jessica Pegula en direct &#8211; WTA Finals : Tennis Scores &amp; R\u00e9sultats &#8211; 04\/11\/2025<\/a>&nbsp;&nbsp;Eurosport<\/li>\n<li><a href=\"https:\/\/news.google.com\/rss\/articles\/CBMiuwFBVV95cUxOa0k5OGJ1WXBCekFfWjlqTHlTSXFHd2duVnh3aEJlY1VETl9rc0FtdTQzZTltU09wSzZHdDZzRlNtR2lha2tFZEdtSlU4NkZSc3BMZWdDMENuVkJBRVMycEtMSm0yMnlfRWkzVmswRnEyUEhwRm1sb1lUVHpPTVBObFNIWTNrbzh2QWc5WHlyU3kyOWUxcU5kZWpvbkF0d251RTNZVUJ4a1JvTE92T1Rwd3hNYUMzNXZKSE1j?oc=5\" target=\"_blank\" rel=\"nofollow noopener\">Finales WTA &#8211; Gauff se relance dans la course aux demi-finales<\/a>&nbsp;&nbsp;Sports &#8211; Orange<\/li>\n<li><a href=\"https:\/\/news.google.com\/rss\/articles\/CBMi3gFBVV95cUxPTW0xR2poRW1ZMjZWYThHTExMQ2lRVHJTSG9MREJjVjJLM04wUTlsbFM1MDdRS0FjalJzS2RJNnZJYTZHT1VjQW1LX2dJaGxQZ1FUTWpYRVl0TThUaVpNbUhsYUFmMXY1aFVUeTdaSWJTRXdXQ0JNcWxCb0dNd1l5ajBxTWhYNkhsOEREckt3WDAzQWtrVnMza3hpM0ZtVHdkMnRyaER6RTI0dFAtR3Byd2M4dHQ5Y1JoZU81SU9UZWZJUl9wVTlkWlVoT1FnRFhCZ2lGVGdYSVBrblBjWmc?oc=5\" target=\"_blank\" rel=\"nofollow noopener\">Masters WTA: Sabalenka proche des demi-finales, Gauff relanc\u00e9e, Paolini \u00e9limin\u00e9e<\/a>&nbsp;&nbsp;France 24<\/li>\n<li><a href=\"https:\/\/news.google.com\/rss\/articles\/CBMi0wFBVV95cUxOM2gyTXNDdnVaVFBQajhvUVB3dVdxR2xPa29KUWMtNGxJT1pyOWJFLV9HU091QWhaVTVad09UMXQ5VmpPZ0wwbzJsdmVHWHVha25xdDZNa09EYlNJeVRBSFBic2FTbFJNUS01VkFtaXl6ZmlmdmlOM1ExNDJtLTNLWGNhbHFzc21JRTdKX1F3bFRPTE9aNU5WWVVIbnBXel9Pa0dDbFZLcjVEWUlvQ3YxRU0zSTlhRDNPYkQyNHBMRlFHbm5kMjlXel9yNS1rUVdUNm40?oc=5\" target=\"_blank\" rel=\"nofollow noopener\">Masters WTA : Coco Gauff relanc\u00e9e apr\u00e8s sa nouvelle victoire face \u00e0 Jasmine Paolini, \u00e9limin\u00e9e<\/a>&nbsp;&nbsp;Le Figaro<\/li>\n<\/ol>\n","protected":false},"excerpt":{"rendered":"La tenante du titre Coco Gauff toujours en course apr\u00e8s sa victoire contre Jasmine Paolini aux Finales WTA&nbsp;&nbsp;L&rsquo;\u00c9quipe&hellip;\n","protected":false},"author":2,"featured_media":512832,"comment_status":"","ping_status":"","sticky":false,"template":"","format":"standard","meta":{"footnotes":""},"categories":[1415],"tags":[1011,27,60,1467],"class_list":{"0":"post-512831","1":"post","2":"type-post","3":"status-publish","4":"format-standard","5":"has-post-thumbnail","7":"category-tennis","8":"tag-fr","9":"tag-france","10":"tag-sports","11":"tag-tennis"},"share_on_mastodon":{"url":"https:\/\/pubeurope.com\/@fr\/115495498058482030","error":""},"_links":{"self":[{"href":"https:\/\/www.europesays.com\/fr\/wp-json\/wp\/v2\/posts\/512831","targetHints":{"allow":["GET"]}}],"collection":[{"href":"https:\/\/www.europesays.com\/fr\/wp-json\/wp\/v2\/posts"}],"about":[{"href":"https:\/\/www.europesays.com\/fr\/wp-json\/wp\/v2\/types\/post"}],"author":[{"embeddable":true,"href":"https:\/\/www.europesays.com\/fr\/wp-json\/wp\/v2\/users\/2"}],"replies":[{"embeddable":true,"href":"https:\/\/www.europesays.com\/fr\/wp-json\/wp\/v2\/comments?post=512831"}],"version-history":[{"count":0,"href":"https:\/\/www.europesays.com\/fr\/wp-json\/wp\/v2\/posts\/512831\/revisions"}],"wp:featuredmedia":[{"embeddable":true,"href":"https:\/\/www.europesays.com\/fr\/wp-json\/wp\/v2\/media\/512832"}],"wp:attachment":[{"href":"https:\/\/www.europesays.com\/fr\/wp-json\/wp\/v2\/media?parent=512831"}],"wp:term":[{"taxonomy":"category","embeddable":true,"href":"https:\/\/www.europesays.com\/fr\/wp-json\/wp\/v2\/categories?post=512831"},{"taxonomy":"post_tag","embeddable":true,"href":"https:\/\/www.europesays.com\/fr\/wp-json\/wp\/v2\/tags?post=512831"}],"curies":[{"name":"wp","href":"https:\/\/api.w.org\/{rel}","templated":true}]}}