{"id":512833,"date":"2025-11-05T05:46:15","date_gmt":"2025-11-05T05:46:15","guid":{"rendered":"https:\/\/www.europesays.com\/fr\/512833\/"},"modified":"2025-11-05T05:46:15","modified_gmt":"2025-11-05T05:46:15","slug":"cyclisme-gravel-fondriest-pere-et-fille-au-gravel-en-afrique-du-sud-cetait-extreme","status":"publish","type":"post","link":"https:\/\/www.europesays.com\/fr\/512833\/","title":{"rendered":"Cyclisme. Gravel &#8211; Fondriest, p\u00e8re et fille, au gravel en Afrique du Sud : \u00abC&rsquo;\u00e9tait extr\u00eame\u00bb"},"content":{"rendered":"<p> Lire la suite de l&rsquo;article&#13;<\/p>\n<p>\u00a0<\/p>\n<p>&#13;<br \/>\n\u00ab\u00a0Ce contraste permanent qui vous fait vous sentir vivant\u00a0\u00bb&#13;<\/p>\n<p>Le Karoo est une terre d&rsquo;extr\u00eames, alternant montagnes et plaines infinies, poussi\u00e8re et boue, froid glacial et soleil implacable. La <strong><a href=\"https:\/\/www.cyclismactu.net\/..\/news-cyclisme-route-gravel-pidcock-beers-pellaud-drechou-epilogue-du-nedbank-gravel-burn-90829.html\" target=\"_blank\" rel=\"noopener\">Nedbank Gravel Burn<\/a><\/strong> traverse des villages isol\u00e9s, des plaines arides et des vall\u00e9es sculpt\u00e9es par le vent, le long d&rsquo;un parcours qui change de visage chaque jour. \u00ab Ce n&rsquo;est pas seulement une course : c&rsquo;est un voyage au c\u0153ur d&rsquo;une nature \u00e0 l&rsquo;\u00e9tat pur \u00bb, d\u00e9clare <strong><a href=\"https:\/\/www.cyclismactu.net\/..\/news-route-retro-classiques-il-etait-une-fois-jacky-durand-ronde-5-avril-1992-80428.html\" target=\"_blank\" rel=\"noopener\">Maurizio Fondriest<\/a><\/strong>. \u00ab Tout est extr\u00eame. La pluie du premier jour nous a accueillis avec de la boue et du froid, mais aussi avec une \u00e9nergie contagieuse. Malgr\u00e9 les conditions difficiles, on ressentait l&rsquo;esprit du vrai cyclisme, celui qui vous met \u00e0 l&rsquo;\u00e9preuve et vous ram\u00e8ne \u00e0 l&rsquo;essentiel. \u00bb<\/p>\n<p>&#13;<\/p>\n<p>Les premi\u00e8res \u00e9tapes ont \u00e9t\u00e9 marqu\u00e9es par des conditions m\u00e9t\u00e9orologiques quasi \u00e9piques : fortes pluies, routes inond\u00e9es et kilom\u00e8tres de chemins de terre rendus dangereux par une boue \u00e9paisse. Puis, au fil des jours, le Karoo a montr\u00e9 son double visage : des nuits glaciales suivies d&rsquo;apr\u00e8s-midi caniculaires et d&rsquo;un vent constant. \u00ab Un matin, nous nous sommes r\u00e9veill\u00e9s avec du givre sur les tentes \u00bb, explique <strong><a href=\"https:\/\/www.cyclismactu.net\/..\/news-cyclisme-route-gravel-pidcock-beers-pellaud-drechou-epilogue-du-nedbank-gravel-burn-90829.html\" target=\"_blank\" rel=\"noopener\">Fondriest<\/a><\/strong>. \u00ab Nous avions les mains engourdies, mais quand le soleil s&rsquo;est lev\u00e9, c&rsquo;\u00e9tait comme un autre monde. C&rsquo;est ce contraste permanent qui vous fait vous sentir vivant. Chaque \u00e9tape est un petit voyage int\u00e9rieur. \u00bb<\/p>\n<p>&#13;<\/p>\n<p>Dans cet environnement hostile, <strong>Carlotta Fondriest <\/strong>s&rsquo;est distingu\u00e9e par sa constance, sa force mentale et sa capacit\u00e9 d&rsquo;adaptation.\u00c9tape apr\u00e8s \u00e9tape, elle a construit sa performance, remportant finalement la victoire dans sa cat\u00e9gorie d&rsquo;\u00e2ge \u2013 un r\u00e9sultat d&rsquo;une grande valeur sportive et symbolique. \u00ab Carlotta a \u00e9t\u00e9 fantastique \u00bb, commente <strong>Maurizio<\/strong>. \u00ab Elle a couru intelligemment et sereinement, m\u00eame dans les moments les plus difficiles. Elle a tellement grandi, tant sur le plan personnel que sportif. La voir affronter le Karoo avec cet \u00e9tat d&rsquo;esprit est ma plus grande r\u00e9ussite. Le podium est important, mais ce qu&rsquo;elle retiendra de cette exp\u00e9rience a encore plus de valeur. \u00bb<\/p>\n<p>&#13;<\/p>\n<p>\u00a0<\/p>\n<p>&#13;<\/p>\n<p style=\"text-align: center;\">\n<p>&#13;<\/p>\n<p>\u00a0<\/p>\n<p>&#13;<br \/>\n\u00ab\u00a0Cette semaine m&rsquo;a rappel\u00e9 ce que signifie vraiment le cyclisme\u00a0\u00bb&#13;<\/p>\n<p>Au-del\u00e0 de l&rsquo;effort physique et de la comp\u00e9tition, ce qui a vraiment rendu le <strong>Nedbank Gravel Burn <\/strong>unique, c&rsquo;\u00e9tait l&rsquo;atmosph\u00e8re qui r\u00e9gnait au camp chaque soir. M\u00e9caniciens, b\u00e9n\u00e9voles, organisateurs et coureurs se r\u00e9unissaient autour du feu, partageant des histoires, de la nourriture et des rires. \u00ab Cette semaine m&rsquo;a rappel\u00e9 ce que signifie vraiment le cyclisme \u00bb, r\u00e9fl\u00e9chit <strong>Maurizio<\/strong>. \u00ab Ce n&rsquo;est pas seulement une question de watts et de r\u00e9sultats, c&rsquo;est une question de personnes, d&rsquo;\u00e9motions et de moments inoubliables. Nous devons vraiment applaudir Kevin Vermaak et toute son \u00e9quipe : de l&rsquo;organisation impeccable aux b\u00e9n\u00e9voles qui nous ont aid\u00e9s chaque jour, en passant par le DJ qui a redonn\u00e9 le sourire \u00e0 tout le monde chaque soir. Ce qu&rsquo;ils ont cr\u00e9\u00e9 ici est vraiment extraordinaire. \u00bb<\/p>\n<p>&#13;<\/p>\n<p>Pour <strong>Maurizio<\/strong> et <strong>Carlotta<\/strong>, la ligne d&rsquo;arriv\u00e9e n&rsquo;\u00e9tait pas seulement la fin d&rsquo;une course, mais la conclusion d&rsquo;un voyage partag\u00e9, un retour aux sources du sport et \u00e0 la beaut\u00e9 de la simplicit\u00e9. \u00ab Au final, ce qui compte, ce n&rsquo;est pas le classement, mais ce que l&rsquo;on retient de cette exp\u00e9rience \u00bb, conclut <strong>Maurizio<\/strong>. \u00ab Nous avons affront\u00e9 toutes les difficult\u00e9s : la pluie, le froid, le vent et la fatigue, mais toujours ensemble. Ce fut un privil\u00e8ge de vivre cette aventure avec ma fille, au c\u0153ur de l&rsquo;Afrique. C&rsquo;est une semaine que nous n&rsquo;oublierons jamais, et je suis reconnaissant d&rsquo;avoir eu \u00e0 mes c\u00f4t\u00e9s les partenaires avec lesquels j&rsquo;ai tiss\u00e9 des liens forts et personnels au fil des ans. Je tiens \u00e0 remercier sinc\u00e8rement mes partenaires de longue date : Alpecin, Trentino, Fondriest Bici, Q36.5, Banca Mediolanum, FSA et Vision. Ils m&rsquo;ont accompagn\u00e9 sur chaque kilom\u00e8tre de cette terre sauvage, rude et extraordinaire. Nous avons \u00e9crit une belle histoire, et je suis fier de l&rsquo;avoir \u00e9crite avec eux. \u00bb<\/p>\n<p>&#13;<\/p>\n<p>Le rideau tombe sur le <strong>Nedbank Gravel Burn 2025<\/strong>, mais pour<strong> Maurizio <\/strong>et <strong>Carlotta Fondriest<\/strong>, l&rsquo;\u00e9motion est loin d&rsquo;\u00eatre termin\u00e9e.Les moments v\u00e9cus au c\u0153ur du Grand Karoo feront bient\u00f4t l&rsquo;objet d&rsquo;un documentaire, m\u00ealant des images de la course \u00e0 des r\u00e9cits de la carri\u00e8re du champion du monde 1988 \u2013 un voyage \u00e0 travers la poussi\u00e8re, le vent et le c\u0153ur de deux cyclistes unis par une passion intemporelle.\u00a0<\/p>\n","protected":false},"excerpt":{"rendered":"Lire la suite de l&rsquo;article&#13; \u00a0 &#13; \u00ab\u00a0Ce contraste permanent qui vous fait vous sentir vivant\u00a0\u00bb&#13; Le Karoo&hellip;\n","protected":false},"author":2,"featured_media":512834,"comment_status":"","ping_status":"","sticky":false,"template":"","format":"standard","meta":{"footnotes":""},"categories":[1411],"tags":[1154,207,211,1011,27,6620,209,60,210,212,208,213],"class_list":{"0":"post-512833","1":"post","2":"type-post","3":"status-publish","4":"format-standard","5":"has-post-thumbnail","7":"category-cyclisme","8":"tag-cycling","9":"tag-cyclisme","10":"tag-ffc","11":"tag-fr","12":"tag-france","13":"tag-gravel","14":"tag-route","15":"tag-sports","16":"tag-tour-de-france","17":"tag-uci","18":"tag-velo","19":"tag-world-tour"},"share_on_mastodon":{"url":"https:\/\/pubeurope.com\/@fr\/115495513888145320","error":""},"_links":{"self":[{"href":"https:\/\/www.europesays.com\/fr\/wp-json\/wp\/v2\/posts\/512833","targetHints":{"allow":["GET"]}}],"collection":[{"href":"https:\/\/www.europesays.com\/fr\/wp-json\/wp\/v2\/posts"}],"about":[{"href":"https:\/\/www.europesays.com\/fr\/wp-json\/wp\/v2\/types\/post"}],"author":[{"embeddable":true,"href":"https:\/\/www.europesays.com\/fr\/wp-json\/wp\/v2\/users\/2"}],"replies":[{"embeddable":true,"href":"https:\/\/www.europesays.com\/fr\/wp-json\/wp\/v2\/comments?post=512833"}],"version-history":[{"count":0,"href":"https:\/\/www.europesays.com\/fr\/wp-json\/wp\/v2\/posts\/512833\/revisions"}],"wp:featuredmedia":[{"embeddable":true,"href":"https:\/\/www.europesays.com\/fr\/wp-json\/wp\/v2\/media\/512834"}],"wp:attachment":[{"href":"https:\/\/www.europesays.com\/fr\/wp-json\/wp\/v2\/media?parent=512833"}],"wp:term":[{"taxonomy":"category","embeddable":true,"href":"https:\/\/www.europesays.com\/fr\/wp-json\/wp\/v2\/categories?post=512833"},{"taxonomy":"post_tag","embeddable":true,"href":"https:\/\/www.europesays.com\/fr\/wp-json\/wp\/v2\/tags?post=512833"}],"curies":[{"name":"wp","href":"https:\/\/api.w.org\/{rel}","templated":true}]}}