{"id":512837,"date":"2025-11-05T05:49:13","date_gmt":"2025-11-05T05:49:13","guid":{"rendered":"https:\/\/www.europesays.com\/fr\/512837\/"},"modified":"2025-11-05T05:49:13","modified_gmt":"2025-11-05T05:49:13","slug":"mots-de-passe-evidents-systeme-obsolete-cette-enquete-sur-la-securite-du-louvre-revele-certaines-failles-du-musee","status":"publish","type":"post","link":"https:\/\/www.europesays.com\/fr\/512837\/","title":{"rendered":"Mots de passe \u00e9vidents, syst\u00e8me obsol\u00e8te\u2026 Cette enqu\u00eate sur la s\u00e9curit\u00e9 du Louvre r\u00e9v\u00e8le certaines failles du mus\u00e9e"},"content":{"rendered":"<p><a href=\"https:\/\/www.lalibre.be\/international\/europe\/2025\/11\/01\/cambriolage-du-musee-du-louvre-lun-des-cinq-suspects-remis-en-liberte-sans-poursuites-2QPILH7RJZHX5LR22OB3G3QKNM\/\" target=\"_self\" class=\"ap-StoryInterstitialLink ap-StoryElement ap-StoryElement--mb js-paywall-target\" rel=\"nofollow noopener\">Cambriolage du mus\u00e9e du Louvre: l&rsquo;un des cinq suspects remis en libert\u00e9 sans poursuites<\/a><\/p>\n<p class=\"ap-StoryElement ap-StoryElement--mb ap-StoryText\">Certains mots de passe sont particuli\u00e8rement faibles et m\u00eame qualifi\u00e9 de \u00ab\u00a0triviaux\u00a0\u00bb par l&rsquo;Agence nationale de la s\u00e9curit\u00e9 des syst\u00e8mes d&rsquo;information. Ainsi, il suffit de taper \u00ab\u00a0Louvre\u00a0\u00bb pour acc\u00e9der au serveur g\u00e9rant la vid\u00e9osurveillance du mus\u00e9e ou \u00ab\u00a0Thales\u00a0\u00bb pour acc\u00e9der au serveur \u00e9dit\u00e9 par Thales.<\/p>\n<p class=\"ap-StoryElement ap-StoryElement--mb ap-StoryText\">L&rsquo;agence met aussi en \u00e9vidence le fait que certains syst\u00e8mes utilis\u00e9s au Louvre sont \u00ab\u00a0obsol\u00e8tes\u00a0\u00bb, comme Windows 2000 par exemple. Il est donc recommand\u00e9 \u00e0 l&rsquo;\u00e9poque au Louvre de trouver des mots de passe plus complexes et migrer \u00ab\u00a0les syst\u00e8mes obsol\u00e8tes vers des versions maintenues par l&rsquo;\u00e9diteur\u00a0\u00bb. Le Louvre a refus\u00e9 de r\u00e9agir au sujet de ce qui a \u00e9t\u00e9 mis en place suite \u00e0 ces recommandations de 2014.<\/p>\n<p><a href=\"https:\/\/www.lalibre.be\/international\/europe\/2025\/11\/01\/cambriolage-du-louvre-une-suspecte-agee-de-38-ans-mise-en-examen-CCEEM527EFDLXPTKG5L3KYHESQ\/\" target=\"_self\" class=\"ap-StoryInterstitialLink ap-StoryElement ap-StoryElement--mb\" rel=\"nofollow noopener\">Cambriolage du Louvre: deux personnes mises en examen, trois remises en libert\u00e9 sur les cinq interpell\u00e9es mercredi<\/a><\/p>\n<p class=\"ap-StoryElement ap-StoryElement--mb ap-StoryText\">Un autre audit est r\u00e9alis\u00e9 en 2015 par l&rsquo;Institut national des hautes \u00e9tudes de la s\u00e9curit\u00e9 et de la justice. Les r\u00e9sultats sont publi\u00e9s en 2017 et affirment qu&rsquo;il demeure de grosses carences dans le dispositif global. On peut y lire que si le mus\u00e9e \u00ab\u00a0a jusqu&rsquo;\u00e0 pr\u00e9sent \u00e9t\u00e9 relativement \u00e9pargn\u00e9, il ne peut plus ignorer faire potentiellement l&rsquo;objet d&rsquo;une atteinte dont les cons\u00e9quences pourraient se r\u00e9v\u00e9ler dramatiques\u00a0\u00bb.<\/p>\n<p class=\"ap-StoryElement ap-StoryElement--mb ap-StoryText\">En 2025, certains de ces probl\u00e8mes n&rsquo;ont visiblement pas \u00e9t\u00e9 corrig\u00e9s.<\/p>\n","protected":false},"excerpt":{"rendered":"Cambriolage du mus\u00e9e du Louvre: l&rsquo;un des cinq suspects remis en libert\u00e9 sans poursuites Certains mots de passe&hellip;\n","protected":false},"author":2,"featured_media":512838,"comment_status":"","ping_status":"","sticky":false,"template":"","format":"standard","meta":{"footnotes":""},"categories":[1358],"tags":[63369,17,1348,1384,1385,10001,63370,63371,4397,1386,58,59,1011,27,20815,1408,63372,32238,53715,63373],"class_list":{"0":"post-512837","1":"post","2":"type-post","3":"status-publish","4":"format-standard","5":"has-post-thumbnail","7":"category-arts-et-design","8":"tag-philip_reynaers-pumpkin","9":"tag-17","10":"tag-arts","11":"tag-arts-and-design","12":"tag-arts-et-design","13":"tag-brussels","14":"tag-citrouille","15":"tag-decoratie","16":"tag-decoration","17":"tag-design","18":"tag-divertissement","19":"tag-entertainment","20":"tag-fr","21":"tag-france","22":"tag-halloween","23":"tag-horreur","24":"tag-horror","25":"tag-monstres","26":"tag-philip-reynaers","27":"tag-pompoen"},"share_on_mastodon":{"url":"https:\/\/pubeurope.com\/@fr\/115495525631173602","error":""},"_links":{"self":[{"href":"https:\/\/www.europesays.com\/fr\/wp-json\/wp\/v2\/posts\/512837","targetHints":{"allow":["GET"]}}],"collection":[{"href":"https:\/\/www.europesays.com\/fr\/wp-json\/wp\/v2\/posts"}],"about":[{"href":"https:\/\/www.europesays.com\/fr\/wp-json\/wp\/v2\/types\/post"}],"author":[{"embeddable":true,"href":"https:\/\/www.europesays.com\/fr\/wp-json\/wp\/v2\/users\/2"}],"replies":[{"embeddable":true,"href":"https:\/\/www.europesays.com\/fr\/wp-json\/wp\/v2\/comments?post=512837"}],"version-history":[{"count":0,"href":"https:\/\/www.europesays.com\/fr\/wp-json\/wp\/v2\/posts\/512837\/revisions"}],"wp:featuredmedia":[{"embeddable":true,"href":"https:\/\/www.europesays.com\/fr\/wp-json\/wp\/v2\/media\/512838"}],"wp:attachment":[{"href":"https:\/\/www.europesays.com\/fr\/wp-json\/wp\/v2\/media?parent=512837"}],"wp:term":[{"taxonomy":"category","embeddable":true,"href":"https:\/\/www.europesays.com\/fr\/wp-json\/wp\/v2\/categories?post=512837"},{"taxonomy":"post_tag","embeddable":true,"href":"https:\/\/www.europesays.com\/fr\/wp-json\/wp\/v2\/tags?post=512837"}],"curies":[{"name":"wp","href":"https:\/\/api.w.org\/{rel}","templated":true}]}}