{"id":512841,"date":"2025-11-05T05:52:12","date_gmt":"2025-11-05T05:52:12","guid":{"rendered":"https:\/\/www.europesays.com\/fr\/512841\/"},"modified":"2025-11-05T05:52:12","modified_gmt":"2025-11-05T05:52:12","slug":"avec-mes-secrets-et-sans-regret","status":"publish","type":"post","link":"https:\/\/www.europesays.com\/fr\/512841\/","title":{"rendered":"Avec mes secrets et sans regret&#8230;"},"content":{"rendered":"<p><strong>Confidences.\u00a0<\/strong><a href=\"https:\/\/www.journaldesfemmes.fr\/people\/amanda-lear\/\" title=\"Amanda Lear\" target=\"_blank\" rel=\"noopener\">Amanda Lear<\/a> a appel\u00e9 son nouvel album Looking Back (\u00ab\u00a0regarder en arri\u00e8re\u00a0\u00bb en fran\u00e7ais)\u00a0pour une raison bien pr\u00e9cise. \u00ab\u00a0Ca parle de souvenirs, de rencontres rat\u00e9es, d&rsquo;amours qui n&rsquo;ont pas dur\u00e9\u2026 Oui c&rsquo;est une forme de bilan de ma vie amoureuse\u00a0\u00bb, a-t-elle confi\u00e9 \u00e0 T\u00e9l\u00e9 7 Jours. \u00ab\u00a0Dans la chanson \u00e9crite par Amour(s) \u00e9crite par Patxi, je dis : &lsquo;Tous les amours ont une fin \/ alors je pars toujours avant la fin&rsquo; J&rsquo;ai toujours fait \u00e7a. Quand je sentais que \u00e7a vacillait, je m&rsquo;en allais avec mes secrets et sans regret\u00a0\u00bb, a ajout\u00e9 la star.<\/p>\n","protected":false},"excerpt":{"rendered":"Confidences.\u00a0Amanda Lear a appel\u00e9 son nouvel album Looking Back (\u00ab\u00a0regarder en arri\u00e8re\u00a0\u00bb en fran\u00e7ais)\u00a0pour une raison bien pr\u00e9cise.&hellip;\n","protected":false},"author":2,"featured_media":512842,"comment_status":"","ping_status":"","sticky":false,"template":"","format":"standard","meta":{"footnotes":""},"categories":[1355],"tags":[19704,63374,51761,58,59,52292,1011,27,51766,1031,1361,873],"class_list":{"0":"post-512841","1":"post","2":"type-post","3":"status-publish","4":"format-standard","5":"has-post-thumbnail","7":"category-musique","8":"tag-amanda-lear","9":"tag-cms-journaldesfemmes-3246386","10":"tag-controller-content","11":"tag-divertissement","12":"tag-entertainment","13":"tag-format-reportage","14":"tag-fr","15":"tag-france","16":"tag-les-histoires-du-jdf","17":"tag-magazine","18":"tag-music","19":"tag-musique"},"share_on_mastodon":{"url":"https:\/\/pubeurope.com\/@fr\/115495537495612391","error":""},"_links":{"self":[{"href":"https:\/\/www.europesays.com\/fr\/wp-json\/wp\/v2\/posts\/512841","targetHints":{"allow":["GET"]}}],"collection":[{"href":"https:\/\/www.europesays.com\/fr\/wp-json\/wp\/v2\/posts"}],"about":[{"href":"https:\/\/www.europesays.com\/fr\/wp-json\/wp\/v2\/types\/post"}],"author":[{"embeddable":true,"href":"https:\/\/www.europesays.com\/fr\/wp-json\/wp\/v2\/users\/2"}],"replies":[{"embeddable":true,"href":"https:\/\/www.europesays.com\/fr\/wp-json\/wp\/v2\/comments?post=512841"}],"version-history":[{"count":0,"href":"https:\/\/www.europesays.com\/fr\/wp-json\/wp\/v2\/posts\/512841\/revisions"}],"wp:featuredmedia":[{"embeddable":true,"href":"https:\/\/www.europesays.com\/fr\/wp-json\/wp\/v2\/media\/512842"}],"wp:attachment":[{"href":"https:\/\/www.europesays.com\/fr\/wp-json\/wp\/v2\/media?parent=512841"}],"wp:term":[{"taxonomy":"category","embeddable":true,"href":"https:\/\/www.europesays.com\/fr\/wp-json\/wp\/v2\/categories?post=512841"},{"taxonomy":"post_tag","embeddable":true,"href":"https:\/\/www.europesays.com\/fr\/wp-json\/wp\/v2\/tags?post=512841"}],"curies":[{"name":"wp","href":"https:\/\/api.w.org\/{rel}","templated":true}]}}