{"id":512843,"date":"2025-11-05T05:53:13","date_gmt":"2025-11-05T05:53:13","guid":{"rendered":"https:\/\/www.europesays.com\/fr\/512843\/"},"modified":"2025-11-05T05:53:13","modified_gmt":"2025-11-05T05:53:13","slug":"linconnu-de-la-grande-arche-duel-a-monte-carlo-del-norte-deux-procureurs-tas-pas-change","status":"publish","type":"post","link":"https:\/\/www.europesays.com\/fr\/512843\/","title":{"rendered":"\u00ab\u00a0L\u2019Inconnu de la Grande Arche\u00a0\u00bb, \u00ab\u00a0Duel \u00e0 Monte-Carlo del Norte\u00a0\u00bb, \u00ab\u00a0Deux procureurs\u00a0\u00bb, \u00ab\u00a0T\u2019as pas chang\u00e9\u00a0\u00bb\u2026"},"content":{"rendered":"\n<p class=\"article__fact article__fact--false\">LA LISTE DE LA MATINALE<\/p>\n<p>                     <img loading=\"lazy\" decoding=\"async\" src=\"https:\/\/www.europesays.com\/fr\/wp-content\/uploads\/2025\/11\/36cff8a_upload-1-1yvjluxl7hnt-1.jpg\" alt=\"Alexandre Kouznetsov dans le film \u00ab\u00a0Deux procureurs\u00a0\u00bb. \"   width=\"664\" height=\"443\"\/>    Alexandre Kouznetsov dans le film \u00ab\u00a0Deux procureurs\u00a0\u00bb.  PYRAMIDE DISTRIBUTION                 <\/p>\n<p class=\"article__paragraph  \">Cette semaine, la politique se d\u00e9cline sur tous les tons. St\u00e9phane Demoustier plonge avec amusement dans les arcanes des grands projets mitterrandiens avec L\u2019Inconnu de la Grande Arche. Dans Duel \u00e0 Monte-Carlo del Norte, de Bill Plympton, un cow-boy fantasque d\u00e9boule dans une ville au bord de la guerre civile. Le calvaire administratif d\u2019Alexander Kornev prend des airs plus aust\u00e8res dans Deux procureurs, de Sergei Loznitsa, l\u00e0 o\u00f9 Sebastian Lelio revisite les d\u00e9buts du mouvement #MeToo au Chili sous forme musicale avec La Vague. Quant \u00e0\u00a0Thomas Kruithof, il met un couple \u00e0 l\u2019\u00e9preuve de la naissance du mouvement des \u00ab\u00a0gilets jaunes\u00a0\u00bb dans Les Braises, avec Virginie Efira et Arieh Worthalter.<\/p>\n<p class=\"article__paragraph  \"><strong>A ne pas manquer<\/strong><\/p>\n<p>           \u00ab\u00a0L\u2019Inconnu de la Grande Arche\u00a0\u00bb, une r\u00e9ussite monumentale           <\/p>\n<p class=\"article__paragraph  \">Dans la famille Demoustier \u2013 aur\u00e9ol\u00e9e du talent d\u2019actrice d\u2019Ana\u00efs \u2013, St\u00e9phane, le fr\u00e8re, poursuit son petit bonhomme de chemin depuis son premier long m\u00e9trage, Terre battue, en\u00a02014. L\u2019Inconnu de la Grande Arche, son cinqui\u00e8me, se trouve le plus accompli d\u2019entre tous. Le film \u00e9voque l\u2019histoire \u00e0 peine croyable de l\u2019architecte danois Johan Otto von Spreckelsen, laur\u00e9at inattendu du concours destin\u00e9 \u00e0 l\u2019am\u00e9nagement de la \u00ab\u00a0t\u00eate de La D\u00e9fense\u00a0\u00bb en\u00a01983, plus connue aujourd\u2019hui sous le nom de la Grande Arche. Un projet gigantesque, qui tournera doucement \u00e0 la com\u00e9die, avant de sombrer dans la trag\u00e9die.<\/p>\n<p class=\"reading-mode-only \"><strong>Il vous reste 92.01% de cet article \u00e0 lire. La suite est r\u00e9serv\u00e9e aux abonn\u00e9s.<\/strong><\/p>\n","protected":false},"excerpt":{"rendered":"LA LISTE DE LA MATINALE Alexandre Kouznetsov dans le film \u00ab\u00a0Deux procureurs\u00a0\u00bb. PYRAMIDE DISTRIBUTION Cette semaine, la politique&hellip;\n","protected":false},"author":2,"featured_media":512844,"comment_status":"","ping_status":"","sticky":false,"template":"","format":"standard","meta":{"footnotes":""},"categories":[1354],"tags":[58,59,1346,1011,27,1360],"class_list":{"0":"post-512843","1":"post","2":"type-post","3":"status-publish","4":"format-standard","5":"has-post-thumbnail","7":"category-films","8":"tag-divertissement","9":"tag-entertainment","10":"tag-films","11":"tag-fr","12":"tag-france","13":"tag-movies"},"share_on_mastodon":{"url":"https:\/\/pubeurope.com\/@fr\/115495541981808027","error":""},"_links":{"self":[{"href":"https:\/\/www.europesays.com\/fr\/wp-json\/wp\/v2\/posts\/512843","targetHints":{"allow":["GET"]}}],"collection":[{"href":"https:\/\/www.europesays.com\/fr\/wp-json\/wp\/v2\/posts"}],"about":[{"href":"https:\/\/www.europesays.com\/fr\/wp-json\/wp\/v2\/types\/post"}],"author":[{"embeddable":true,"href":"https:\/\/www.europesays.com\/fr\/wp-json\/wp\/v2\/users\/2"}],"replies":[{"embeddable":true,"href":"https:\/\/www.europesays.com\/fr\/wp-json\/wp\/v2\/comments?post=512843"}],"version-history":[{"count":0,"href":"https:\/\/www.europesays.com\/fr\/wp-json\/wp\/v2\/posts\/512843\/revisions"}],"wp:featuredmedia":[{"embeddable":true,"href":"https:\/\/www.europesays.com\/fr\/wp-json\/wp\/v2\/media\/512844"}],"wp:attachment":[{"href":"https:\/\/www.europesays.com\/fr\/wp-json\/wp\/v2\/media?parent=512843"}],"wp:term":[{"taxonomy":"category","embeddable":true,"href":"https:\/\/www.europesays.com\/fr\/wp-json\/wp\/v2\/categories?post=512843"},{"taxonomy":"post_tag","embeddable":true,"href":"https:\/\/www.europesays.com\/fr\/wp-json\/wp\/v2\/tags?post=512843"}],"curies":[{"name":"wp","href":"https:\/\/api.w.org\/{rel}","templated":true}]}}