{"id":512845,"date":"2025-11-05T05:55:16","date_gmt":"2025-11-05T05:55:16","guid":{"rendered":"https:\/\/www.europesays.com\/fr\/512845\/"},"modified":"2025-11-05T05:55:16","modified_gmt":"2025-11-05T05:55:16","slug":"youth-league-monaco-et-paris-assurent-en-attendant-lom-youth-league-j4","status":"publish","type":"post","link":"https:\/\/www.europesays.com\/fr\/512845\/","title":{"rendered":"Youth League\u00a0: Monaco et Paris assurent en attendant l\u2019OM &#8211; Youth League &#8211; J4"},"content":{"rendered":"<p>Pas de d\u00e9tails pour les clubs fran\u00e7ais.<\/p>\n<p>Ce mardi, <strong>le PSG et l\u2019AS Monaco ont disput\u00e9 leur match de Youth League pour le compte de la quatri\u00e8me journ\u00e9e.<\/strong> En d\u00e9but d\u2019apr\u00e8s-midi, les Mon\u00e9gasques de Djimi Traor\u00e9 sont all\u00e9s mettre une belle baffe aux petits saumons de Bod\u00f8\/Glimt (7-0). D\u00e9j\u00e0 auteur d\u2019un doubl\u00e9 face \u00e0 Tottenham lors de la troisi\u00e8me journ\u00e9e, <strong>l\u2019attaquant fran\u00e7ais Joan Tincres s\u2019est offert un superbe quadrupl\u00e9<\/strong>, et s\u2019est m\u00eame permis de rater un penalty en d\u00e9but de seconde p\u00e9riode.<\/p>\n<p>Une histoire de penaltys pour Paris<\/p>\n<p><a target=\"_blank\" href=\"https:\/\/www.sofoot.com\/breves\/youth-league-chou-blanc-pour-lom-et-monaco\" rel=\"nofollow noopener\">Apr\u00e8s trois d\u00e9faites, l\u2019ASM gagne enfin<\/a> et remonte \u00e0 la 23e place au classement. Mais toujours loin derri\u00e8re <strong>le Paris Saint-Germain, qui n\u2019a pas rat\u00e9 le coche face aux jeunes du Bayern Munich (3-0)<\/strong>. Apr\u00e8s avoir ouvert le score en tout d\u00e9but de match sur un magnifique service d\u2019Ayari (5e), Mathis Jangeal a vu son co\u00e9quipier Elijah Ly doubler la mise d\u2019une belle frappe enroul\u00e9e du pied droit \u00e0 l\u2019ext\u00e9rieur de la surface (50e).<\/p>\n<p>Mais l\u2019homme du match restera Noah Nsoki. Entr\u00e9 \u00e0 l\u2019heure de jeu, <strong>le milieu de terrain de 19 ans a obtenu 3 penaltys en une demi-heure<\/strong>, dont un qui a conduit \u00e0 l\u2019expulsion de Luis Sch\u00e4fer (88e). C\u2019\u00e9tait compter sans la poisse de Mathis \u00ab\u00a0Dovbyk\u00a0\u00bb Jangeal, <a target=\"_blank\" href=\"https:\/\/www.sofoot.com\/breves\/dovbyk-et-gasperini-reviennent-sur-le-triple-penalty-manque-face-a-lille\" rel=\"nofollow noopener\">qui a tir\u00e9 et rat\u00e9 les deux premiers<\/a> (69e, 89e), avant de voir Younes Idder convertir le troisi\u00e8me en fin de rencontre (90e+9). Les Titis parisiens <strong>prennent provisoirement la 8e place au classement g\u00e9n\u00e9ral.<\/strong><\/p>\n<p>Jamais deux sans trois, l\u2019OM a la pression.<\/p>\n<p>\t\t\t\t\t\t\t\t\t\t<a class=\"lien-connexe\" href=\"https:\/\/www.sofoot.com\/articles\/pronostics-ligue-1-analyses-cotes-et-pronos-avant-la-11e-journee-de-ligue-1\" rel=\"nofollow noopener\" target=\"_blank\">PSG, OM, Monaco&#8230; Pronostics Ligue 1\u202f: Analyses, cotes et pronos avant la 11e journ\u00e9e<\/a>\t\t\t\t\t<\/p>\n","protected":false},"excerpt":{"rendered":"Pas de d\u00e9tails pour les clubs fran\u00e7ais. Ce mardi, le PSG et l\u2019AS Monaco ont disput\u00e9 leur match&hellip;\n","protected":false},"author":2,"featured_media":512846,"comment_status":"","ping_status":"","sticky":false,"template":"","format":"standard","meta":{"footnotes":""},"categories":[9],"tags":[47,61,69,65,64,63,1011,27,68,66,62,70,67,60],"class_list":{"0":"post-512845","1":"post","2":"type-post","3":"status-publish","4":"format-standard","5":"has-post-thumbnail","7":"category-sports","8":"tag-actualite","9":"tag-actus-football","10":"tag-bundesliga","11":"tag-championnats-europeens","12":"tag-equipe-de-france","13":"tag-football","14":"tag-fr","15":"tag-france","16":"tag-ligua","17":"tag-ligue-1","18":"tag-news-foot","19":"tag-premier-league","20":"tag-serie-a","21":"tag-sports"},"share_on_mastodon":{"url":"https:\/\/pubeurope.com\/@fr\/115495549498323704","error":""},"_links":{"self":[{"href":"https:\/\/www.europesays.com\/fr\/wp-json\/wp\/v2\/posts\/512845","targetHints":{"allow":["GET"]}}],"collection":[{"href":"https:\/\/www.europesays.com\/fr\/wp-json\/wp\/v2\/posts"}],"about":[{"href":"https:\/\/www.europesays.com\/fr\/wp-json\/wp\/v2\/types\/post"}],"author":[{"embeddable":true,"href":"https:\/\/www.europesays.com\/fr\/wp-json\/wp\/v2\/users\/2"}],"replies":[{"embeddable":true,"href":"https:\/\/www.europesays.com\/fr\/wp-json\/wp\/v2\/comments?post=512845"}],"version-history":[{"count":0,"href":"https:\/\/www.europesays.com\/fr\/wp-json\/wp\/v2\/posts\/512845\/revisions"}],"wp:featuredmedia":[{"embeddable":true,"href":"https:\/\/www.europesays.com\/fr\/wp-json\/wp\/v2\/media\/512846"}],"wp:attachment":[{"href":"https:\/\/www.europesays.com\/fr\/wp-json\/wp\/v2\/media?parent=512845"}],"wp:term":[{"taxonomy":"category","embeddable":true,"href":"https:\/\/www.europesays.com\/fr\/wp-json\/wp\/v2\/categories?post=512845"},{"taxonomy":"post_tag","embeddable":true,"href":"https:\/\/www.europesays.com\/fr\/wp-json\/wp\/v2\/tags?post=512845"}],"curies":[{"name":"wp","href":"https:\/\/api.w.org\/{rel}","templated":true}]}}