{"id":512853,"date":"2025-11-05T05:59:24","date_gmt":"2025-11-05T05:59:24","guid":{"rendered":"https:\/\/www.europesays.com\/fr\/512853\/"},"modified":"2025-11-05T05:59:24","modified_gmt":"2025-11-05T05:59:24","slug":"aux-etats-unis-record-en-vue-pour-la-paralysie-budgetaire-04-11-2025-a-2144","status":"publish","type":"post","link":"https:\/\/www.europesays.com\/fr\/512853\/","title":{"rendered":"Aux Etats-Unis, record en vue pour la paralysie budg\u00e9taire &#8211; 04\/11\/2025 \u00e0 21:44"},"content":{"rendered":"<p>        <img decoding=\"async\" src=\"https:\/\/www.europesays.com\/fr\/wp-content\/uploads\/2025\/11\/ccaea43594c49afe8bd0a5cf8f2542df-760x506.jpg\" alt=\"Le d\u00f4me du Capitole de Washington, si\u00e8ge du Congr\u00e8s am\u00e9ricain, au coucher de soleil le 3 novembre 2025 ( AFP \/ Jim WATSON )\" loading=\"eager\" fetchpriority=\"high\" width=\"760\" height=\"506\" style=\"max-width: 100%!important; height: auto;\"\/><\/p>\n<p class=\"c-image-news__legend\">Le d\u00f4me du Capitole de Washington, si\u00e8ge du Congr\u00e8s am\u00e9ricain, au coucher de soleil le 3 novembre 2025 ( AFP \/ Jim WATSON )<\/p>\n<p>\n Des millions d&rsquo;Am\u00e9ricains priv\u00e9s d&rsquo;aide alimentaire, des centaines de milliers de fonctionnaires sans salaire et des menaces sur le trafic a\u00e9rien: la paralysie budg\u00e9taire aux Etats-Unis n&rsquo;est plus qu&rsquo;\u00e0 quelques heures mardi d&rsquo;un record de long\u00e9vit\u00e9, avec toujours aucune issue \u00e0 l&rsquo;horizon.\n<\/p>\n<p>\n A minuit dans la nuit de mardi \u00e0 mercredi, le \u00ab\u00a0shutdown\u00a0\u00bb entrera officiellement dans son 36e jour et d\u00e9passera ainsi la pr\u00e9c\u00e9dente marque, \u00e9tablie en 2019 lors du premier mandat du milliardaire r\u00e9publicain.\n<\/p>\n<p>\n Depuis le 1er octobre, r\u00e9publicains et d\u00e9mocrates ont \u00e9t\u00e9 incapables de s&rsquo;entendre pour adopter un nouveau budget.\n<\/p>\n<p>\n \u00ab\u00a0Je vais \u00eatre honn\u00eate avec vous, je pense qu&rsquo;aucun d&rsquo;entre nous ne s&rsquo;attendait \u00e0 ce que cela tra\u00eene autant en longueur\u00a0\u00bb, a confess\u00e9 le pr\u00e9sident r\u00e9publicain de la Chambre des repr\u00e9sentants, Mike Johnson.\n<\/p>\n<p>        <img decoding=\"async\" src=\"https:\/\/www.europesays.com\/fr\/wp-content\/uploads\/2025\/11\/97c7aa62a55869af25e6afa124c60633-760x506.jpg\" alt=\"Le &quot;speaker&quot; de la Chambre am\u00e9ricaine des repr\u00e9sentants, le r\u00e9publicain Mike Johnson, lors d'une conf\u00e9rence de presse au Capitole de Washington, le 4 novembre 2025 ( AFP \/ Mandel NGAN )\" loading=\"eager\" fetchpriority=\"high\" width=\"760\" height=\"506\" style=\"max-width: 100%!important; height: auto;\"\/><\/p>\n<p class=\"c-image-news__legend\">Le \u00ab\u00a0speaker\u00a0\u00bb de la Chambre am\u00e9ricaine des repr\u00e9sentants, le r\u00e9publicain Mike Johnson, lors d&rsquo;une conf\u00e9rence de presse au Capitole de Washington, le 4 novembre 2025 ( AFP \/ Mandel NGAN )<\/p>\n<p>\n Co\u00efncidence du calendrier, le record du plus long \u00ab\u00a0shutdown\u00a0\u00bb devrait survenir peu apr\u00e8s l&rsquo;annonce des r\u00e9sultats de plusieurs \u00e9lections cl\u00e9s.\n<\/p>\n<p>\n La Virginie et le New Jersey choisissent notamment leurs nouveaux gouverneurs et New York son nouveau maire, tandis que les Californiens doivent eux d\u00e9cider de redessiner ou non leurs cartes \u00e9lectorales pour favoriser les d\u00e9mocrates, en r\u00e9ponse \u00e0 une campagne similaire men\u00e9e par la Maison Blanche dans des Etats r\u00e9publicains.\n<\/p>\n<p>\n Autant de scrutins dont les r\u00e9sultats devraient servir de barom\u00e8tre pour les neuf premiers mois du second mandat de Donald Trump, et qui pourraient faire bouger les lignes de la paralysie budg\u00e9taire.\n<\/p>\n<p> &#8211; \u00ab\u00a0Position intenable\u00a0\u00bb &#8211;<\/p>\n<p>\n Car les effets du blocage se font de plus en plus sentir pour les Am\u00e9ricains.\n<\/p>\n<p>\n Des centaines de milliers de fonctionnaires f\u00e9d\u00e9raux ont \u00e9t\u00e9 mis au ch\u00f4mage technique, avec un salaire diff\u00e9r\u00e9, et des centaines de milliers d&rsquo;autres sont forc\u00e9s de continuer \u00e0 travailler, sans paie non plus jusqu&rsquo;\u00e0 la fin de la crise.\n<\/p>\n<p>\n Alors que la loi impose depuis 2019 au gouvernement de payer les arri\u00e9r\u00e9s de salaire de tous les fonctionnaires dont la paie a \u00e9t\u00e9 gel\u00e9e par un \u00ab\u00a0shutdown\u00a0\u00bb, la Maison Blanche semble \u00e0 pr\u00e9sent ne vouloir payer que ceux qui ont d\u00fb rester en poste, selon des messages consult\u00e9s par le Washington Post.\n<\/p>\n<p>        <img decoding=\"async\" src=\"https:\/\/www.europesays.com\/fr\/wp-content\/uploads\/2025\/11\/fac89308bd596fe7d2a76fc13df4329e-760x507.jpg\" alt=\"Des b\u00e9n\u00e9voles de l'association People's Pantry Food d\u00e9posent des denr\u00e9es alimentaires lors d'une r\u00e9colte devant le minist\u00e8re am\u00e9ricain de l'Agriculture, \u00e0 Washington, le 30 octobre 2025 ( AFP \/ Oliver Contreras )\" loading=\"eager\" fetchpriority=\"high\" width=\"760\" height=\"507\" style=\"max-width: 100%!important; height: auto;\"\/><\/p>\n<p class=\"c-image-news__legend\">Des b\u00e9n\u00e9voles de l&rsquo;association People&rsquo;s Pantry Food d\u00e9posent des denr\u00e9es alimentaires lors d&rsquo;une r\u00e9colte devant le minist\u00e8re am\u00e9ricain de l&rsquo;Agriculture, \u00e0 Washington, le 30 octobre 2025 ( AFP \/ Oliver Contreras )<\/p>\n<p>\n Les aides sociales sont \u00e9galement fortement perturb\u00e9es.\n<\/p>\n<p>\n Donald Trump a jur\u00e9 mardi que puisque le principal programme d&rsquo;aide alimentaire \u00e9tait \u00e0 court de fonds, le versement de cette assistance dont b\u00e9n\u00e9ficient 42 millions d&rsquo;Am\u00e9ricains serait gel\u00e9 tant que les \u00ab\u00a0d\u00e9mocrates de la gauche radicale\u00a0\u00bb n&rsquo;auront pas vot\u00e9 la fin du \u00ab\u00a0shutdown\u00a0\u00bb.\n<\/p>\n<p>\n La justice f\u00e9d\u00e9rale a pourtant ordonn\u00e9 \u00e0 l&rsquo;administration de maintenir cette aide et la porte-parole de la Maison Blanche, Karoline Leavitt, a assur\u00e9 mardi que le gouvernement se conformerait aux d\u00e9cisions judiciaires.\n<\/p>\n<p>\n \u00ab\u00a0Les b\u00e9n\u00e9ficiaires de l&rsquo;aide SNAP doivent comprendre qu&rsquo;il faudra du temps pour recevoir cet argent, parce que les d\u00e9mocrates ont mis l&rsquo;administration dans une position intenable\u00a0\u00bb, a-t-elle ajout\u00e9 lors d&rsquo;une conf\u00e9rence de presse.\n<\/p>\n<p> &#8211; Espace a\u00e9rien &#8211;<\/p>\n<p>\n Dans les a\u00e9roports, l&rsquo;enlisement se fait aussi sentir avec des p\u00e9nuries de contr\u00f4leurs a\u00e9riens entra\u00eenant retards et annulations de vols.\n<\/p>\n<p>\n Et si la paralysie budg\u00e9taire se prolonge au-del\u00e0 de cette semaine, l&rsquo;espace a\u00e9rien am\u00e9ricain pourrait \u00eatre partiellement ferm\u00e9, a mis en garde mardi le ministre des Transports, Sean Duffy.\n<\/p>\n<p>\n \u00ab\u00a0Vous verrez un chaos g\u00e9n\u00e9ralis\u00e9\u00a0\u00bb, a-t-il d\u00e9clar\u00e9, mettant la pression sur l&rsquo;opposition pour lever le blocage.\n<\/p>\n<p>        <img decoding=\"async\" src=\"https:\/\/www.europesays.com\/fr\/wp-content\/uploads\/2025\/11\/2261eacfdb79397cebf278ccca856c2e-760x506.jpg\" alt=\"Le pr\u00e9sident am\u00e9ricain Donald Trump s'exprime devant la presse \u00e0 sa sortie d'Air Force One, \u00e0 l'a\u00e9roport international de Palm Beach, en Floride, le 31 octobre 2025 ( AFP \/ ROBERTO SCHMIDT )\" loading=\"eager\" fetchpriority=\"high\" width=\"760\" height=\"506\" style=\"max-width: 100%!important; height: auto;\"\/><\/p>\n<p class=\"c-image-news__legend\">Le pr\u00e9sident am\u00e9ricain Donald Trump s&rsquo;exprime devant la presse \u00e0 sa sortie d&rsquo;Air Force One, \u00e0 l&rsquo;a\u00e9roport international de Palm Beach, en Floride, le 31 octobre 2025 ( AFP \/ ROBERTO SCHMIDT )<\/p>\n<p>\n Au Congr\u00e8s, les positions des deux camps ne bougent pas: les r\u00e9publicains proposent une prolongation du budget actuel, avec les m\u00eames niveaux de d\u00e9penses, et les d\u00e9mocrates r\u00e9clament une prolongation de subventions pour des programmes d&rsquo;assurance sant\u00e9 \u00e0 destination de m\u00e9nages \u00e0 bas revenus.\n<\/p>\n<p>\n En raison des r\u00e8gles en vigueur au S\u00e9nat, plusieurs voix d\u00e9mocrates sont n\u00e9cessaires pour adopter un budget m\u00eame si les r\u00e9publicains y sont majoritaires.\n<\/p>\n<p>\n Mais Donald Trump rejette toute n\u00e9gociation avec l&rsquo;opposition sur la sant\u00e9 sans \u00ab\u00a0r\u00e9ouverture\u00a0\u00bb de l&rsquo;Etat f\u00e9d\u00e9ral comme pr\u00e9alable.\n<\/p>\n<p>\n Mardi \u00e0 la mi-journ\u00e9e, le S\u00e9nat a rejet\u00e9 pour la 14e fois la proposition des r\u00e9publicains. Comme depuis le premier vote, seuls trois s\u00e9nateurs de l&rsquo;opposition ont vot\u00e9 en faveur.<\/p>\n","protected":false},"excerpt":{"rendered":"Le d\u00f4me du Capitole de Washington, si\u00e8ge du Congr\u00e8s am\u00e9ricain, au coucher de soleil le 3 novembre 2025&hellip;\n","protected":false},"author":2,"featured_media":512854,"comment_status":"","ping_status":"","sticky":false,"template":"","format":"standard","meta":{"footnotes":""},"categories":[5],"tags":[400,11,398,408,405,1011,27,403,14,402,399,404,12,401,406,407,28],"class_list":{"0":"post-512853","1":"post","2":"type-post","3":"status-publish","4":"format-standard","5":"has-post-thumbnail","7":"category-international","8":"tag-action-cac-40","9":"tag-actualites","10":"tag-bourse-de-paris","11":"tag-boursorama","12":"tag-cotations","13":"tag-fr","14":"tag-france","15":"tag-indices-devises","16":"tag-international","17":"tag-investir","18":"tag-investissement","19":"tag-marche-boursier","20":"tag-news","21":"tag-sicav","22":"tag-trackers","23":"tag-warrants","24":"tag-world"},"share_on_mastodon":{"url":"https:\/\/pubeurope.com\/@fr\/115495567806879400","error":""},"_links":{"self":[{"href":"https:\/\/www.europesays.com\/fr\/wp-json\/wp\/v2\/posts\/512853","targetHints":{"allow":["GET"]}}],"collection":[{"href":"https:\/\/www.europesays.com\/fr\/wp-json\/wp\/v2\/posts"}],"about":[{"href":"https:\/\/www.europesays.com\/fr\/wp-json\/wp\/v2\/types\/post"}],"author":[{"embeddable":true,"href":"https:\/\/www.europesays.com\/fr\/wp-json\/wp\/v2\/users\/2"}],"replies":[{"embeddable":true,"href":"https:\/\/www.europesays.com\/fr\/wp-json\/wp\/v2\/comments?post=512853"}],"version-history":[{"count":0,"href":"https:\/\/www.europesays.com\/fr\/wp-json\/wp\/v2\/posts\/512853\/revisions"}],"wp:featuredmedia":[{"embeddable":true,"href":"https:\/\/www.europesays.com\/fr\/wp-json\/wp\/v2\/media\/512854"}],"wp:attachment":[{"href":"https:\/\/www.europesays.com\/fr\/wp-json\/wp\/v2\/media?parent=512853"}],"wp:term":[{"taxonomy":"category","embeddable":true,"href":"https:\/\/www.europesays.com\/fr\/wp-json\/wp\/v2\/categories?post=512853"},{"taxonomy":"post_tag","embeddable":true,"href":"https:\/\/www.europesays.com\/fr\/wp-json\/wp\/v2\/tags?post=512853"}],"curies":[{"name":"wp","href":"https:\/\/api.w.org\/{rel}","templated":true}]}}