{"id":512859,"date":"2025-11-05T06:03:13","date_gmt":"2025-11-05T06:03:13","guid":{"rendered":"https:\/\/www.europesays.com\/fr\/512859\/"},"modified":"2025-11-05T06:03:13","modified_gmt":"2025-11-05T06:03:13","slug":"les-ados-ont-leur-maison-pour-parler-de-leur-souffrance","status":"publish","type":"post","link":"https:\/\/www.europesays.com\/fr\/512859\/","title":{"rendered":"les ados ont leur maison pour parler de leur souffrance"},"content":{"rendered":"<p>Ces ados qui vont monter les marches de pierre du 20 rue Michel-Rondet ont besoin d\u2019aide. Cette aide, ils vont la trouver en poussant les portes de cet appartement de 185 m\u00b2 qui abrite, depuis ce lundi, la nouvelle Maison des ados g\u00e9r\u00e9e, par l\u2019association Rimbaud.<\/p>\n<p>Vendredi, les travaux n\u2019\u00e9taient pas encore achev\u00e9s, la d\u00e9coration pas encore termin\u00e9e mais l\u2019ouverture au public a bien eu lieu ce mardi.<\/p>\n<p>\u00ab\u00a0Depuis le mois de juin, nous avons la position de l\u2019ARS (Agence r\u00e9gionale de sant\u00e9). Notre association a particip\u00e9 au jury et a d\u00e9fendu son projet pour reprendre la structure jusqu\u2019alors g\u00e9r\u00e9e par le CHU et situ\u00e9 \u00e0 Bellevue\u00a0\u00bb, explique le directeur de Rimbaud, qui a fait valoir son exp\u00e9rience en s\u2019appuyant sur sa gestion de <a href=\"https:\/\/www.leprogres.fr\/societe\/2022\/06\/17\/la-maison-des-adolescents-a-dix-ans-des-professionnels-a-l-ecoute-des-jeunes\" target=\"_blank\" rel=\"nofollow noopener\">la Maison des ados de Roanne<\/a> depuis quinze ans et qui reprend donc les r\u00eanes de&#8230;<\/p>\n","protected":false},"excerpt":{"rendered":"Ces ados qui vont monter les marches de pierre du 20 rue Michel-Rondet ont besoin d\u2019aide. Cette aide,&hellip;\n","protected":false},"author":2,"featured_media":512860,"comment_status":"","ping_status":"","sticky":false,"template":"","format":"standard","meta":{"footnotes":""},"categories":[9653],"tags":[1111,11,2430,7539,1777,674,1011,27,12,25,4001,7538,71,104,1631],"class_list":{"0":"post-512859","1":"post","2":"type-post","3":"status-publish","4":"format-standard","5":"has-post-thumbnail","7":"category-saint-etienne","8":"tag-actu","9":"tag-actualites","10":"tag-auvergne-rhone-alpes","11":"tag-edition-loire-sud","12":"tag-eu","13":"tag-europe","14":"tag-fr","15":"tag-france","16":"tag-news","17":"tag-republique-francaise","18":"tag-saint-etienne","19":"tag-saint-etienne-ville","20":"tag-sante","21":"tag-societe","22":"tag-vie-associative"},"share_on_mastodon":{"url":"https:\/\/pubeurope.com\/@fr\/115495580737853674","error":""},"_links":{"self":[{"href":"https:\/\/www.europesays.com\/fr\/wp-json\/wp\/v2\/posts\/512859","targetHints":{"allow":["GET"]}}],"collection":[{"href":"https:\/\/www.europesays.com\/fr\/wp-json\/wp\/v2\/posts"}],"about":[{"href":"https:\/\/www.europesays.com\/fr\/wp-json\/wp\/v2\/types\/post"}],"author":[{"embeddable":true,"href":"https:\/\/www.europesays.com\/fr\/wp-json\/wp\/v2\/users\/2"}],"replies":[{"embeddable":true,"href":"https:\/\/www.europesays.com\/fr\/wp-json\/wp\/v2\/comments?post=512859"}],"version-history":[{"count":0,"href":"https:\/\/www.europesays.com\/fr\/wp-json\/wp\/v2\/posts\/512859\/revisions"}],"wp:featuredmedia":[{"embeddable":true,"href":"https:\/\/www.europesays.com\/fr\/wp-json\/wp\/v2\/media\/512860"}],"wp:attachment":[{"href":"https:\/\/www.europesays.com\/fr\/wp-json\/wp\/v2\/media?parent=512859"}],"wp:term":[{"taxonomy":"category","embeddable":true,"href":"https:\/\/www.europesays.com\/fr\/wp-json\/wp\/v2\/categories?post=512859"},{"taxonomy":"post_tag","embeddable":true,"href":"https:\/\/www.europesays.com\/fr\/wp-json\/wp\/v2\/tags?post=512859"}],"curies":[{"name":"wp","href":"https:\/\/api.w.org\/{rel}","templated":true}]}}