{"id":512863,"date":"2025-11-05T06:05:14","date_gmt":"2025-11-05T06:05:14","guid":{"rendered":"https:\/\/www.europesays.com\/fr\/512863\/"},"modified":"2025-11-05T06:05:14","modified_gmt":"2025-11-05T06:05:14","slug":"lorraine-nous-explorons-linconnu-luniversite-de-lorraine-au-rendez-vous-de-linnovation","status":"publish","type":"post","link":"https:\/\/www.europesays.com\/fr\/512863\/","title":{"rendered":"Lorraine. \u00ab Nous explorons l\u2019inconnu\u00a0\u00bb : l&rsquo;Universit\u00e9 de Lorraine au rendez-vous de l\u2019innovation"},"content":{"rendered":"<p>La cadence est prise. La recherche \u00e0 l\u2019Universit\u00e9 de Lorraine ne s\u2019\u00e9poumone pas dans ce peloton rel\u00e9gu\u00e9 loin derri\u00e8re les laboratoires \u00e0 la pointe des besoins du r\u00e9el et de l\u2019innovation. Elle est dans la m\u00eame \u00e9chapp\u00e9e, dans leur roue. Unys en est son \u00e9tendard. Il s\u2019agit d\u2019une initiative unique en France dont l\u2019ambition est de cr\u00e9er \u00ab\u00a0un lien fort entre la recherche et l\u2019innovation, le monde socio-\u00e9conomique et le grand public afin de transformer les grands enjeux de recherche en opportunit\u00e9s pour la soci\u00e9t\u00e9\u00a0\u00bb.<\/p>\n<p>Unys est donc ce lieu o\u00f9 les id\u00e9es prennent forme, o\u00f9 se con\u00e7oivent et se produisent les futurs possibles. O\u00f9 \u00ab\u00a0nous explorons l\u2019inconnu et repoussons les limites du savoir pour mieux comprendre le monde qui nous entoure\u00a0\u00bb, rel\u00e8ve <a href=\"https:\/\/www.estrepublicain.fr\/education\/2024\/01\/20\/helene-boulanger-l-universite-c-est-ma-vie\" target=\"_blank\" rel=\"noopener\">H\u00e9l\u00e8ne Boulanger, la pr\u00e9sidente de l\u2019Universit\u00e9.<\/a>\u00a0Et Unys f\u00e9d\u00e8re. Son \u00ab\u00a0\u00e9quipe\u00a0\u00bb se compose d\u2019organismes nationaux de recherche, d\u2019\u00e9tablissements d\u2019enseignement sup\u00e9rieur et d\u2019acteurs lorrains de l\u2019innovation. On y retrouve bien \u00e9videmment l\u2019Universit\u00e9 de Lorraine mais aussi le CNRS, le CHRU de Nancy, l\u2019INRAE, l\u2019INRIA, AgroParisTech, Georgia Tech Europe, l\u2019incubateur lorrain, la SATT SAYENS et UL Propuls.<\/p>\n<p>Efficient et durable<\/p>\n<p>Dans cette nouvelle s\u00e9rie consacr\u00e9e au monde universitaire en Lorraine, nous \u00e9voquerons les enjeux de cet engagement mais aussi sa concr\u00e9tisation \u00e0 travers des partenariats dont l\u2019objectif est d\u2019amplifier les avanc\u00e9es scientifiques issues des laboratoires. Il y a par exemple le LabCom Theia qui regroupe le laboratoire nanc\u00e9ien GeoRessources et l\u2019entreprise Arethuse Geology, dans le cadre d\u2019une collaboration autour des ressources pr\u00e9sentes dans le sous-sol du continent africain. Ou encore M\u00e9lusine, cet autre laboratoire commun entre le CNRS, l\u2019Universit\u00e9 de Lorraine et EDF pour penser l\u2019usine \u00e9lectrique du futur. Cet \u00e9lan est la d\u00e9monstration d\u2019une Universit\u00e9 de Lorraine connect\u00e9e aux enjeux du territoire et qui coconstruit avec ses partenaires un \u00e9cosyst\u00e8me \u00e0 la fois efficient et durable. Au rendez-vous de l\u2019innovation.<\/p>\n","protected":false},"excerpt":{"rendered":"La cadence est prise. La recherche \u00e0 l\u2019Universit\u00e9 de Lorraine ne s\u2019\u00e9poumone pas dans ce peloton rel\u00e9gu\u00e9 loin&hellip;\n","protected":false},"author":2,"featured_media":512864,"comment_status":"","ping_status":"","sticky":false,"template":"","format":"standard","meta":{"footnotes":""},"categories":[9635],"tags":[1111,11,1704,1057,4854,1777,674,107,1011,27,775,3457,1702,1703,12,3456,25],"class_list":{"0":"post-512863","1":"post","2":"type-post","3":"status-publish","4":"format-standard","5":"has-post-thumbnail","7":"category-nancy","8":"tag-actu","9":"tag-actualites","10":"tag-edition-nancy-et-agglomeration","11":"tag-education","12":"tag-enseignement-superieur","13":"tag-eu","14":"tag-europe","15":"tag-fil-info","16":"tag-fr","17":"tag-france","18":"tag-grand-est","19":"tag-meurthe-et-moselle","20":"tag-nancy","21":"tag-nancy-ville-54b","22":"tag-news","23":"tag-region-lorraine","24":"tag-republique-francaise"},"share_on_mastodon":{"url":"https:\/\/pubeurope.com\/@fr\/115495588610902475","error":""},"_links":{"self":[{"href":"https:\/\/www.europesays.com\/fr\/wp-json\/wp\/v2\/posts\/512863","targetHints":{"allow":["GET"]}}],"collection":[{"href":"https:\/\/www.europesays.com\/fr\/wp-json\/wp\/v2\/posts"}],"about":[{"href":"https:\/\/www.europesays.com\/fr\/wp-json\/wp\/v2\/types\/post"}],"author":[{"embeddable":true,"href":"https:\/\/www.europesays.com\/fr\/wp-json\/wp\/v2\/users\/2"}],"replies":[{"embeddable":true,"href":"https:\/\/www.europesays.com\/fr\/wp-json\/wp\/v2\/comments?post=512863"}],"version-history":[{"count":0,"href":"https:\/\/www.europesays.com\/fr\/wp-json\/wp\/v2\/posts\/512863\/revisions"}],"wp:featuredmedia":[{"embeddable":true,"href":"https:\/\/www.europesays.com\/fr\/wp-json\/wp\/v2\/media\/512864"}],"wp:attachment":[{"href":"https:\/\/www.europesays.com\/fr\/wp-json\/wp\/v2\/media?parent=512863"}],"wp:term":[{"taxonomy":"category","embeddable":true,"href":"https:\/\/www.europesays.com\/fr\/wp-json\/wp\/v2\/categories?post=512863"},{"taxonomy":"post_tag","embeddable":true,"href":"https:\/\/www.europesays.com\/fr\/wp-json\/wp\/v2\/tags?post=512863"}],"curies":[{"name":"wp","href":"https:\/\/api.w.org\/{rel}","templated":true}]}}