{"id":512871,"date":"2025-11-05T06:09:10","date_gmt":"2025-11-05T06:09:10","guid":{"rendered":"https:\/\/www.europesays.com\/fr\/512871\/"},"modified":"2025-11-05T06:09:10","modified_gmt":"2025-11-05T06:09:10","slug":"le-jeu-de-tf1-les-douze-coups-de-midi-revient-pour-un-casting-des-candidats","status":"publish","type":"post","link":"https:\/\/www.europesays.com\/fr\/512871\/","title":{"rendered":"le jeu de TF1 Les Douze coups de midi revient pour un casting. Des candidats\u00a0?"},"content":{"rendered":"<p>            Par<br \/>\n        <strong><br \/>\n            <a href=\"https:\/\/actu.fr\/auteur\/metropoop\" title=\"Consulter tous les articles de R\u00e9daction M\u00e9tropolitain\" target=\"_blank\" rel=\"noopener\">R\u00e9daction M\u00e9tropolitain<\/a><br \/>\n        <\/strong><\/p>\n<p>        Publi\u00e9 le<\/p>\n<p>            5 nov. 2025 \u00e0 6h12        <\/p>\n<p>Ce samedi 8 novembre 2025, l\u2019\u00e9quipe du <strong>jeu de TF1<\/strong> <strong>Les 12 coups de midi<\/strong> anim\u00e9e par l\u2019ind\u00e9boulonnable\u00a0<strong>Jean-Luc Reichman<\/strong> revient pour un enregistrement, \u00e0 <strong>Montpellier,<\/strong> en qu\u00eate de candidats. Et pourquoi pas devenir de grands champions.<\/p>\n<p class=\" wall-content\">\u00c2 68 ans -f\u00eat\u00e9s ce dimanche 2 novembre-, l\u2019infatigable Jean-Louis Reichman, \u00e9galement acteur de s\u00e9ries t\u00e9l\u00e9 -dont L\u00e9o Matte\u00ef, Brigade des mineurs- anime ce jeu, une des plus fortes audiences du paf, sept jours sur sept, depuis le lundi 28 juin 2010 ! Soit \u00e0 ce jour, pr\u00e8s de 6 000 \u00e9missions.<\/p>\n<p>\u00c9milien, plus grand champion<\/p>\n<p class=\" wall-content\">Les 12 Coups de midi a sacr\u00e9 le plus grand champion de l\u2019\u00e9mission ayant atteint le 6 juillet dernier, une cagnotte record de 2 566 931\u20ac, dont 1 757 050\u20ac en argent et 809 881\u20ac en cadeaux, apr\u00e8s 647 participations : le jeune toulousain \u00c9milien est consid\u00e9r\u00e9 comme le plus grand gagnant de l\u2019histoire des jeux t\u00e9l\u00e9vis\u00e9s de France. Et depuis ces derni\u00e8res semaines, un autre champion se profile, un pr\u00e9nomm\u00e9 Cyprien, un jeune chef d\u2019orchestre tr\u00e8s cultiv\u00e9, de la trempe du grand champion.<\/p>\n<p class=\" wall-content\">Ce vendredi 31 octobre, Michelle, une Montpelli\u00e9raine arriv\u00e9e en finale a \u00e9t\u00e9 battue par Cyprien, mais elle a r\u00e9v\u00e9l\u00e9 sur le plateau des Douze coups de midi, qu\u2019elle avait eu l\u2019occasion de rencontrer les acteurs Lino Ventura et Vincent Anconina, alors qu\u2019ils tournaient des films \u00e0 Montpellier il y a de nombreuses ann\u00e9es\u2026 et qu\u2019elles ne les avaient pas reconnus sur le moment ! De belles anecdotes qui ont \u00e9t\u00e9 longuement applaudis.<\/p>\n<p class=\" wall-content\">On se souvient que<strong>\u00a0Loris<\/strong> de <strong>Clapiers<\/strong> avait longtemps \u00e9t\u00e9 le roi des 12 Coups de midi, raflant un joli pactole en argent et en cadeaux. C\u2019\u00e9tait en 2023.<\/p>\n<p>Vid\u00e9os : en ce moment sur Actu<\/p>\n<p class=\" wall-content\">Alors, comme Joris, Michelle et d\u2019autres encore avant eux, vous sentez-vous capable de venir briller et pourquoi pas de d\u00e9fier Cyprien, s\u2019il sera encore l\u00e0 le jour de l\u2019\u00e9mission ? Encore faut-il \u00eatre s\u00e9lectionn\u00e9. C\u2019est possible ce samedi 8 novembre, l\u2019\u00e9quipe revenant \u00e0 Montpellier pour un casting qui vous permettra peut-\u00eatre de monter \u00e0 Paris pour une s\u00e9lection, passer \u00e0 la t\u00e9l\u00e9 devant des millions de Fran\u00e7ais et pourquoi pas de taper un grand coup\u2026\u00e0 midi.<\/p>\n<p class=\" wall-content\">Si vous d\u00e9sirez tout simplement participer \u00e0 une \u00e9mission dans le public, c\u2019est possible :\u00a0en tant que spectateur, il est essentiel de s\u2019inscrire \u00e0 l\u2019avance via <a href=\"http:\/\/monpublic.tv\" target=\"_blank\" rel=\"noopener\">monpublic.tv<\/a> ou par t\u00e9l\u00e9phone au 01 49 34 50 10. Les inscriptions sont souvent ouvertes \u00e0 des dates sp\u00e9cifiques, et il est conseill\u00e9 de v\u00e9rifier r\u00e9guli\u00e8rement les disponibilit\u00e9s pour ne pas manquer votre chance.\u00a0<\/p>\n<p>Votre r\u00e9gion, votre actu !<\/p>\n<p>Recevez chaque jour les infos qui comptent pour vous.<\/p>\n<p>\t<a href=\"https:\/\/actu.fr\/newsletter\" class=\"ac-btn ac-btn--corner ac-btn--medium ac-btn--blue800\" target=\"_blank\" rel=\"noopener\">S&rsquo;incrire<\/a><\/p>\n<p>&gt; Pour tout savoir sur le casting de ce 8 novembre \u00e0 Montpellier et notamment le lieu du casting, appelez TF1 au 01.41.41.12.34<\/p>\n<p class=\" wall-content\">Personnalisez votre actualit\u00e9 en ajoutant vos villes et m\u00e9dias en favori avec <a href=\"https:\/\/moncompte.actu.fr\" title=\"D\u00e9couvez Mon Actu\" rel=\"nofollow noopener\" data-trk=\"{&quot;cta&quot;:{&quot;action&quot;:&quot;https:\\\/\\\/moncompte.actu.fr&quot;,&quot;category&quot;:&quot;mon compte&quot;,&quot;from&quot;:&quot;article footer&quot;,&quot;name&quot;:&quot;Mon actu&quot;,&quot;type&quot;:&quot;cta&quot;}}\" target=\"_blank\">Mon Actu<\/a>.<\/p>\n","protected":false},"excerpt":{"rendered":"Par R\u00e9daction M\u00e9tropolitain Publi\u00e9 le 5 nov. 2025 \u00e0 6h12 Ce samedi 8 novembre 2025, l\u2019\u00e9quipe du jeu&hellip;\n","protected":false},"author":2,"featured_media":512872,"comment_status":"","ping_status":"","sticky":false,"template":"","format":"standard","meta":{"footnotes":""},"categories":[9599],"tags":[1111,11,1261,11668,1777,674,1011,27,1305,2208,12,2680,25,252],"class_list":{"0":"post-512871","1":"post","2":"type-post","3":"status-publish","4":"format-standard","5":"has-post-thumbnail","7":"category-montpellier","8":"tag-actu","9":"tag-actualites","10":"tag-argent","11":"tag-casting","12":"tag-eu","13":"tag-europe","14":"tag-fr","15":"tag-france","16":"tag-lifestyle","17":"tag-montpellier","18":"tag-news","19":"tag-occitanie","20":"tag-republique-francaise","21":"tag-television"},"share_on_mastodon":{"url":"https:\/\/pubeurope.com\/@fr\/115495604343269374","error":""},"_links":{"self":[{"href":"https:\/\/www.europesays.com\/fr\/wp-json\/wp\/v2\/posts\/512871","targetHints":{"allow":["GET"]}}],"collection":[{"href":"https:\/\/www.europesays.com\/fr\/wp-json\/wp\/v2\/posts"}],"about":[{"href":"https:\/\/www.europesays.com\/fr\/wp-json\/wp\/v2\/types\/post"}],"author":[{"embeddable":true,"href":"https:\/\/www.europesays.com\/fr\/wp-json\/wp\/v2\/users\/2"}],"replies":[{"embeddable":true,"href":"https:\/\/www.europesays.com\/fr\/wp-json\/wp\/v2\/comments?post=512871"}],"version-history":[{"count":0,"href":"https:\/\/www.europesays.com\/fr\/wp-json\/wp\/v2\/posts\/512871\/revisions"}],"wp:featuredmedia":[{"embeddable":true,"href":"https:\/\/www.europesays.com\/fr\/wp-json\/wp\/v2\/media\/512872"}],"wp:attachment":[{"href":"https:\/\/www.europesays.com\/fr\/wp-json\/wp\/v2\/media?parent=512871"}],"wp:term":[{"taxonomy":"category","embeddable":true,"href":"https:\/\/www.europesays.com\/fr\/wp-json\/wp\/v2\/categories?post=512871"},{"taxonomy":"post_tag","embeddable":true,"href":"https:\/\/www.europesays.com\/fr\/wp-json\/wp\/v2\/tags?post=512871"}],"curies":[{"name":"wp","href":"https:\/\/api.w.org\/{rel}","templated":true}]}}