{"id":512875,"date":"2025-11-05T06:13:12","date_gmt":"2025-11-05T06:13:12","guid":{"rendered":"https:\/\/www.europesays.com\/fr\/512875\/"},"modified":"2025-11-05T06:13:12","modified_gmt":"2025-11-05T06:13:12","slug":"les-retraites-iserois-se-mobilisent-ce-jeudi-on-ne-va-pas-chez-le-toubib-pour-le-plaisir","status":"publish","type":"post","link":"https:\/\/www.europesays.com\/fr\/512875\/","title":{"rendered":"les retrait\u00e9s is\u00e9rois se mobilisent ce jeudi,\u00a0\u00ab on ne va pas chez le toubib pour le plaisir\u00a0\u00bb"},"content":{"rendered":"<p>\u00ab\u00a0Le blocage de la hausse des pensions en fonction de l\u2019inflation, c\u2019est le probl\u00e8me principal\u00a0\u00bb, souffle Yves Richard. En r\u00e9action au <a href=\"https:\/\/www.ledauphine.com\/politique\/2025\/11\/04\/les-deputes-entament-ce-mardi-l-examen-du-budget-de-la-securite-sociale-les-debats-s-annoncent-tendus\" target=\"_blank\" rel=\"noopener\">projet de loi de financement de la S\u00e9curit\u00e9 sociale<\/a> (PLFSS), actuellement d\u00e9battu \u00e0 Paris par les d\u00e9put\u00e9s et d\u00e9fendu par le gouvernement Lecornu II, le secr\u00e9taire de la CGT Retrait\u00e9-e-s Is\u00e8re enjoint les retrait\u00e9s du d\u00e9partement \u00e0 se rassembler jeudi, au nom d\u2019une intersyndicale constitu\u00e9e de la CGT, la CFE-CGC, FGR, Solidaires, FSU et LSR, en \u00e9cho \u00e0 une mobilisation nationale.<\/p>\n<p>\u00ab\u00a0\u00c0 ce rythme, de plus en plus de retrait\u00e9s auront des difficult\u00e9s pour boucler leurs fins de mois alors qu\u2019on a trim\u00e9 toute notre vie, fustige Yves Richard. Les pensions de retraite moyennes c\u2019est 1\u00a0500\u00a0euros. Donc beaucoup de retrait\u00e9s sont en dessous. Autant dire qu\u2019on ne peut pas faire grand-chose avec 900\u00a0euros par mois.\u00a0\u00bb<\/p>\n<p>  \u00ab\u00a0On ne va pas chez le toubib pour le plaisir\u00a0\u00bb<\/p>\n<p>Les retrait\u00e9s is\u00e9rois sont aussi encourag\u00e9s \u00e0 se mobiliser contre les augmentations des restes \u00e0 charge, pr\u00e9vus dans les textes du PLFSS. \u00ab\u00a0La sant\u00e9 est un secteur de d\u00e9penses important \u00e0 nos \u00e2ges. Et on ne va pas chez le toubib pour le plaisir\u00a0\u00bb, pr\u00e9cise l\u2019\u00e9lu syndical. \u00c0 ce sujet, Yves Richard pr\u00e9dit une augmentation m\u00e9canique du montant des mutuelles, ce qui deviendrait \u00ab\u00a0compliqu\u00e9\u00a0\u00bb pour le porte-monnaie des retrait\u00e9s.<\/p>\n<p>Les syndicats pointent aussi le regard port\u00e9 par les gouvernements successifs de Macron sur cette frange de la population. \u00ab\u00a0Comme deux tiers d\u2019entre nous sont propri\u00e9taires de leur appartement, cela ferait de nous des nantis alors qu\u2019on a travaill\u00e9 pour \u00e7a, regrette Yves Richard. Contrairement \u00e0 ce que l\u2019on pense, on n\u2019est pas des privil\u00e9gi\u00e9s.\u00a0\u00bb<\/p>\n<p>Ce jeudi, les huit organisations proposent aux retrait\u00e9s is\u00e9rois de se rassembler \u00e0 Grenoble, \u00e0 14\u00a0h\u00a030, rue F\u00e9lix-Poulat, o\u00f9 le c\u00e9g\u00e9tiste Yves Richard esp\u00e8re trouver 150 \u00e0 200 personnes, bien qu\u2019il ne soit \u00ab\u00a0pas facile de mobiliser les retrait\u00e9s\u00a0\u00bb, admet-il. Deux autres rassemblements auront lieu le matin \u00e0 10\u00a0h, devant la sous-pr\u00e9fecture rue Savoyat \u00e0 La Tour-du-Pin et devant la permanence du d\u00e9put\u00e9 Neuder place Rose Valland \u00e0 Saint-\u00c9tienne-de-Saint-Geoirs.<\/p>\n","protected":false},"excerpt":{"rendered":"\u00ab\u00a0Le blocage de la hausse des pensions en fonction de l\u2019inflation, c\u2019est le probl\u00e8me principal\u00a0\u00bb, souffle Yves Richard.&hellip;\n","protected":false},"author":2,"featured_media":512876,"comment_status":"","ping_status":"","sticky":false,"template":"","format":"standard","meta":{"footnotes":""},"categories":[9566],"tags":[1111,11,2430,9671,115,112,113,116,111,114,1777,674,107,1011,27,2731,108,6225,15281,12,316,25,44850,71,801],"class_list":{"0":"post-512875","1":"post","2":"type-post","3":"status-publish","4":"format-standard","5":"has-post-thumbnail","7":"category-grenoble","8":"tag-actu","9":"tag-actualites","10":"tag-auvergne-rhone-alpes","11":"tag-conflit-social","12":"tag-edition-bourgoin-jallieu-nord-dauphine","13":"tag-edition-grenoble-agglomeration","14":"tag-edition-gresivaudan-oisans","15":"tag-edition-la-tour-du-pin-nord-dauphine","16":"tag-edition-vienne-roussillon","17":"tag-edition-voiron-saint-marcellin","18":"tag-eu","19":"tag-europe","20":"tag-fil-info","21":"tag-fr","22":"tag-france","23":"tag-grenoble","24":"tag-isere","25":"tag-la-matinale","26":"tag-la-tour-du-pin","27":"tag-news","28":"tag-politique","29":"tag-republique-francaise","30":"tag-saint-etienne-de-saint-geoirs","31":"tag-sante","32":"tag-social"},"share_on_mastodon":{"url":"","error":"Validation failed: Text character limit of 500 exceeded"},"_links":{"self":[{"href":"https:\/\/www.europesays.com\/fr\/wp-json\/wp\/v2\/posts\/512875","targetHints":{"allow":["GET"]}}],"collection":[{"href":"https:\/\/www.europesays.com\/fr\/wp-json\/wp\/v2\/posts"}],"about":[{"href":"https:\/\/www.europesays.com\/fr\/wp-json\/wp\/v2\/types\/post"}],"author":[{"embeddable":true,"href":"https:\/\/www.europesays.com\/fr\/wp-json\/wp\/v2\/users\/2"}],"replies":[{"embeddable":true,"href":"https:\/\/www.europesays.com\/fr\/wp-json\/wp\/v2\/comments?post=512875"}],"version-history":[{"count":0,"href":"https:\/\/www.europesays.com\/fr\/wp-json\/wp\/v2\/posts\/512875\/revisions"}],"wp:featuredmedia":[{"embeddable":true,"href":"https:\/\/www.europesays.com\/fr\/wp-json\/wp\/v2\/media\/512876"}],"wp:attachment":[{"href":"https:\/\/www.europesays.com\/fr\/wp-json\/wp\/v2\/media?parent=512875"}],"wp:term":[{"taxonomy":"category","embeddable":true,"href":"https:\/\/www.europesays.com\/fr\/wp-json\/wp\/v2\/categories?post=512875"},{"taxonomy":"post_tag","embeddable":true,"href":"https:\/\/www.europesays.com\/fr\/wp-json\/wp\/v2\/tags?post=512875"}],"curies":[{"name":"wp","href":"https:\/\/api.w.org\/{rel}","templated":true}]}}