{"id":512877,"date":"2025-11-05T06:14:19","date_gmt":"2025-11-05T06:14:19","guid":{"rendered":"https:\/\/www.europesays.com\/fr\/512877\/"},"modified":"2025-11-05T06:14:19","modified_gmt":"2025-11-05T06:14:19","slug":"le-festival-dhypocrisie-des-verts-lfi-et-leurs-allies","status":"publish","type":"post","link":"https:\/\/www.europesays.com\/fr\/512877\/","title":{"rendered":"LE FESTIVAL D&rsquo;HYPOCRISIE DES VERTS\/LFI ET LEURS ALLI\u00c9S"},"content":{"rendered":"<p>Posted On 5 novembre 2025 <\/p>\n<p style=\"text-align: justify;\">Alors que les Galeries Lafayette vont changer de nom dans 7 villes dont Grenoble parce que le groupe du m\u00eame nom ne veut pas \u00eatre associ\u00e9 \u00e0 l&rsquo;installation de Shein, l&rsquo;arriv\u00e9e de l&rsquo;enseigne chinoise pol\u00e9mique mi-novembre dans le b\u00e2timent des galeries grenobloises a encore agit\u00e9 le conseil municipal.\u00a0<\/p>\n<p>UN VOEU POUR APPELER \u00c0 \u00ab\u00a0UNE VOLONT\u00c9 POLITIQUE FORTE\u00a0\u00bb&#8230;<\/p>\n<p style=\"text-align: justify;\">\u00c0 l&rsquo;ordre du jour : un voeu, d\u00e9pos\u00e9 par les groupes socialistes, compos\u00e9 d&rsquo;Hassen Bouzeghoub, C\u00e9cile C\u00e9natiempo, Amel Zenati, et Grenoble D\u00e9mocratie Ecologie et Solidarit\u00e9, compos\u00e9 de Laure Masson, Hakim Sabri, Pascal Clouaire. <a target=\"_blank\" href=\"https:\/\/actu.fr\/auvergne-rhone-alpes\/grenoble_38185\/grenoble-shein-aux-galeries-lafayette-provoque-des-tensions-la-mairie-interpellee_63390120.html\" rel=\"noopener\">Lu par ce dernier, il visait \u00e0 d\u00e9noncer l&rsquo;implantation de Shein<\/a> dans notre ville et appeler le gouvernement \u00e0 \u00ab\u00a0une volont\u00e9 politique forte\u00a0\u00bb, \u00ab\u00a0\u00e0 la mise en place de mesures ambitieuses pour r\u00e9guler le secteur de l\u2019ultra fast fashion et prot\u00e9ger le commerce responsable\u00a0\u00bb.<\/p>\n<p><a href=\"https:\/\/grenoble-le-changement.fr\/wp-content\/uploads\/2025\/08\/galeries-lafayette-grenoble.png\" rel=\"lightbox[85932] noopener\" target=\"_blank\"><img loading=\"lazy\" decoding=\"async\" class=\" wp-image-84010 jetpack-lazy-image\" src=\"https:\/\/grenoble-le-changement.fr\/wp-content\/uploads\/2025\/08\/galeries-lafayette-grenoble-226x300.png\" alt=\"\" width=\"442\" height=\"587\" data-lazy-src=\"https:\/\/www.europesays.com\/fr\/wp-content\/uploads\/2025\/10\/galeries-lafayette-grenoble-226x300.png\" \/><\/a>Un point de vente physique de Shein doit ouvrir aux Galeries mi novembre<br \/>\n&#8230; QUE N&rsquo;ONT AUCUN DE CEUX QUI L&rsquo;EXIGENT<\/p>\n<p style=\"text-align: justify;\">C&rsquo;est d\u00e9j\u00e0 tout un concept de r\u00e9clamer de la \u00ab\u00a0volont\u00e9 forte\u00a0\u00bb par l&rsquo;interm\u00e9diaire d&rsquo;<a href=\"https:\/\/grenoble-le-changement.fr\/2025\/03\/24\/derniere-annee-de-mandat-lere-du-vide-en-conseil-municipal\/\" target=\"_blank\" rel=\"noopener\">un voeu qui n&rsquo;engage&#8230; absolument \u00e0 rien<\/a>. Qui ne sert que de tribune politique aux \u00e9lus des bancs Verts\/LFI et de la gauche en g\u00e9n\u00e9ral, qui se confondent en voeux pieux, sur tous les sujets, sans qu&rsquo;aucun n&rsquo;ait jamais eu un quelconque effet pour les grenoblois. Mais c&rsquo;est encore plus une tartufferie que d&rsquo;exiger du gouvernement l&rsquo;inverse de ce que les \u00e9lus \u00e0 l&rsquo;origine de l&rsquo;interpellation font localement.\u00a0<\/p>\n<p>SHEIN FAIT TRANQUILLEMENT SA PUB SUR LES BUS DE LA M\u00c9TRO<\/p>\n<p style=\"text-align: justify;\">\u00ab\u00a0Vous faites partie d\u2019une majorit\u00e9 m\u00e9tropolitaine qui a <a target=\"_blank\" href=\"https:\/\/c.ledauphine.com\/economie\/2025\/07\/07\/isere-metropole-de-grenoble-mais-pourquoi-cette-pub-pour-shein-sur-les-bus-m-tag-agace-t-elle-autant\" rel=\"noopener\">laiss\u00e9 Shein faire sa pub sur les bus M\u2019Tag<\/a>. \u00c0 minima, si vous voulez lutter contre ces marques, utilisez d\u00e9j\u00e0 les moyens que vous avez vous avant de r\u00e9clamer aux autres de les mettre en \u0153uvre\u00a0\u00bb a d\u00e9gain\u00e9 le conseiller d&rsquo;opposition Alain Carignon. Comment peuvent-ils en effet exiger du gouvernement quoi que ce soit quand ils sont eux-m\u00eames incapables d&rsquo;enlever une pub sur un bus g\u00e9r\u00e9 par la m\u00e9tropole o\u00f9 ils sont aux commandes ?\u00a0<\/p>\n<p><a href=\"https:\/\/grenoble-le-changement.fr\/wp-content\/uploads\/2025\/07\/shein-jcdecaux.png\" rel=\"lightbox[85932] noopener\" target=\"_blank\"><img loading=\"lazy\" decoding=\"async\" class=\" wp-image-83191 jetpack-lazy-image\" src=\"https:\/\/grenoble-le-changement.fr\/wp-content\/uploads\/2025\/07\/shein-jcdecaux-300x191.png\" alt=\"\" width=\"587\" height=\"374\" data-lazy-src=\"https:\/\/www.europesays.com\/fr\/wp-content\/uploads\/2025\/11\/shein-jcdecaux-300x191.png\" \/><\/a>En juin\/juillet les m\u00eames \u00e9lus Verts et de la m\u00e9tropole poussaient des cris d&rsquo;orfraies contre des pub Shein sur leurs propres bus et abri-bus, mais \u00e9taient incapables de les retirer !<br \/>\n\u00ab\u00a0LA CONSOMMATION RESPONSABLE\u00a0\u00bb&#8230; AVEC NEYRPIC ET GRAND PLACE ?<\/p>\n<p style=\"text-align: justify;\">\u00ab\u00a0La lutte contre ce que vous appelez l\u2019hyper consommation commence par la limitation des centres commerciaux dans notre M\u00e9tropole. Or, c\u2019est sous votre majorit\u00e9 qu\u2019on a agrandi Grand\u2019Place et cr\u00e9e Neyrpic \u00e0 Saint-Martin-d\u2019H\u00e8res !\u00a0\u00bb a poursuivi le candidat aux municipales. Car le vrai bilan des Piollistes et leurs alli\u00e9s, qui affirment la main sur le coeur \u00eatre engag\u00e9s pour \u00ab\u00a0la consommation responsable et la relocalisation des activit\u00e9s\u00a0\u00bb, est d&rsquo;avoir cr\u00e9\u00e9 <a href=\"https:\/\/grenoble-le-changement.fr\/2025\/07\/14\/neyrpic-se-felicite-de-ses-resultats-pendant-que-le-commerce-grenoblois-souffre\/\" target=\"_blank\" rel=\"noopener\">ces deux pompes aspirantes en entr\u00e9e de ville<\/a>, mortif\u00e8res pour le commerce de proximit\u00e9 grenoblois dont le taux de vacance a doubl\u00e9 depuis leur arriv\u00e9e.\u00a0<\/p>\n<p>LES ROSES\/ROUGES\/VERTS ONT LAISS\u00c9 INSTALLER PRIMARK \u00c0 GRAND PLACE<\/p>\n<p style=\"text-align: justify;\">Delphine Bense, conseill\u00e8re d&rsquo;opposition Modem, a pr\u00e9cis\u00e9 la contradiction : \u00ab\u00a0je suis assez \u00e9tonn\u00e9e de ce v\u0153u sur la fast-fashion, parce que c\u2019est quand m\u00eame la majorit\u00e9 de gauche \u00e0 la M\u00e9tropole qui a fait venir Primark \u00e0 Grand-Place. Donc votre majorit\u00e9, la majorit\u00e9 d\u2019Eric Piolle !\u00a0\u00bb. Shein n&rsquo;est pas assez bien pour les Galeries <a href=\"https:\/\/grenoble-le-changement.fr\/2023\/11\/25\/grand-place-temple-de-la-consommation-et-desastre-ecologique-merci-les-verts\/\" target=\"_blank\" rel=\"noopener\">mais Primark \u00e0 Grand Place, qui est exactement du m\u00eame acabit<\/a>, \u00e7a ne pose pas de souci ?<\/p>\n<p><a href=\"https:\/\/grenoble-le-changement.fr\/wp-content\/uploads\/2023\/08\/Capture-de\u0301cran-2023-08-14-a\u0300-06.37.22.png\" rel=\"lightbox[85932] noopener\" target=\"_blank\"><img loading=\"lazy\" decoding=\"async\" class=\" wp-image-66189 jetpack-lazy-image\" src=\"https:\/\/grenoble-le-changement.fr\/wp-content\/uploads\/2023\/08\/Capture-de\u0301cran-2023-08-14-a\u0300-06.37.22-300x145.png\" alt=\"grand place commerce grenoble\" width=\"656\" height=\"317\" data-lazy-src=\"https:\/\/www.europesays.com\/fr\/wp-content\/uploads\/2025\/11\/Capture-de\u0301cran-2023-08-14-a\u0300-06.37.22-300x145.png\" \/><\/a>L&rsquo;extension de Grande Place, c&rsquo;est 16 000m2 et 30 enseignes suppl\u00e9mentaires renfor\u00e7ant encore son h\u00e9g\u00e9monie sur le commerce du sud grenoblois&#8230; et la domination de la fast-fashion avant Primark en t\u00eate de pont<br \/>\nLA TRAJECTOIRE DE LA VILLE QUE L&rsquo;ON DOIT AUX VERTS\/LFI ET LEURS ALLI\u00c9S&#8230;<\/p>\n<p style=\"text-align: justify;\">Alain Carignon a \u00e9galement appel\u00e9 les \u00e9lus \u00e0 s&rsquo;interroger <a href=\"https:\/\/grenoble-le-changement.fr\/2025\/05\/29\/12-de-commerces-fermes-a-grenoble-stop-ou-encore\/\" target=\"_blank\" rel=\"noopener\">sur la trajectoire de la ville<\/a>\u00a0 : \u00ab\u00a0la vraie question qui se pose, c\u2019est de savoir pourquoi les Galeries Lafayette se tournent maintenant vers l\u2019ultra fast fashion dans un centre-ville o\u00f9 les rideaux des magasins sont si nombreux \u00e0 avoir \u00e9t\u00e9 baiss\u00e9s ? Est-ce que ce n\u2019est pas \u00e0 vous, responsables de la M\u00e9tropole et de la Ville, \u00e0 vous interroger ?\u00a0\u00bb.<\/p>\n<p style=\"text-align: justify;\">Pourquoi en effet Grenoble cr\u00e8ve le plafond de vacance commerciale avec des boutiques de proximit\u00e9 qui ne trouvent plus de clients, tandis que la fast-fashion ultra low cost se d\u00e9veloppe \u00e0 vitesse grand V ?\u00a0<\/p>\n<p>&#8230; QUI PAUP\u00c9RISENT LA VILLE PUIS D\u00c9PLORENT LE LOW COST<\/p>\n<p style=\"text-align: justify;\">R\u00e9ponse de l&rsquo;adjoint au commerce Alan Confesson (ex LFI), incapable de se remettre en question : \u00ab\u00a0mais pourquoi ces enseignes low cost viennent s\u2019installer \u00e0 Grenoble ? C\u2019est parce que le pouvoir d\u2019achat des consommateurs s\u2019est consid\u00e9rablement d\u00e9grad\u00e9\u00a0\u00bb.\u00a0<\/p>\n<p style=\"text-align: justify;\">D&rsquo;accord. Mais il faut aller au bout du raisonnement : Grenoble en particulier est touch\u00e9e par le low cost (Shein, Primark, Lidl, Aldi&#8230;) parce que les \u00e9lus aux commandes de l&rsquo;urbanisme, du logement, de la solidarit\u00e9 depuis 30 ans <a href=\"https:\/\/grenoble-le-changement.fr\/2025\/10\/20\/comment-la-pauperisation-de-la-ville-impacte-le-commerce-a-grenoble\/\" target=\"_blank\" rel=\"noopener\">mettent en place des politiques de paup\u00e9risation<\/a> : cr\u00e9ation de quartiers-ghettos qui concentrent les situations de fragilit\u00e9, entretien des appels d&rsquo;air \u00e0 des populations en grande pr\u00e9carit\u00e9, et refus de toute politique de promotion sociale pour sortir de cette spirale.\u00a0<\/p>\n<p><a href=\"https:\/\/grenoble-le-changement.fr\/wp-content\/uploads\/2025\/04\/Capture-de\u0301cran-2025-04-07-a\u0300-10.24.45.png\" rel=\"lightbox[85932] noopener\" target=\"_blank\"><img loading=\"lazy\" decoding=\"async\" class=\" wp-image-81097 jetpack-lazy-image\" src=\"https:\/\/grenoble-le-changement.fr\/wp-content\/uploads\/2025\/04\/Capture-de\u0301cran-2025-04-07-a\u0300-10.24.45-300x289.png\" alt=\"\" width=\"497\" height=\"479\" data-lazy-src=\"https:\/\/www.europesays.com\/fr\/wp-content\/uploads\/2025\/10\/Capture-de\u0301cran-2025-04-07-a\u0300-10.24.45-300x289.png\" \/><\/a>La m\u00e9tro acquiert des logements partout o\u00f9 elle loge des personnes en tr\u00e8s grande difficult\u00e9s dans une spirale qui ne s&rsquo;interrompt jamais&#8230; puis les \u00e9lus qui le votent d\u00e9plorent l&rsquo;essor des enseignes tr\u00e8s bas-prix qui fleurissent en ville<br \/>\nUN MAIRE QUI NE RENCONTRE PERSONNE&#8230;<\/p>\n<p style=\"text-align: justify;\">Dans le Dauphin\u00e9 Lib\u00e9r\u00e9, Eric Piolle se vante pour sa part d&rsquo;avoir refus\u00e9 de rencontrer le patron de Shein, Donald Tang. \u00ab\u00a0J\u2019ai pass\u00e9 outre ma curiosit\u00e9 naturelle qui me pousse toujours \u00e0 dialoguer avec tout le monde\u00a0\u00bb ose celui qui ne r\u00e9pond pas aux sollicitations, ne rencontre pas les Grenoblois&#8230; et n&rsquo;avait pas eu la \u00ab\u00a0curiosit\u00e9 naturelle\u00a0\u00bb de <a target=\"_blank\" href=\"https:\/\/c.ledauphine.com\/economie\/2025\/08\/13\/isere-grenoble-il-est-temps-que-grenoble-soutienne-ses-commercants-le-coup-de-gueule-du-directeur-des-galeries-lafayette\" rel=\"noopener\">rencontrer C\u00e9dric Moulart, alors directeur des Galeries \u00e0 Grenoble<\/a>, malgr\u00e9 de multiples sollicitations de sa part. Ne r\u00e9pondant m\u00eame pas aux demandes. Les Galeries font sans doute trop \u00ab\u00a0<a href=\"https:\/\/grenoble-le-changement.fr\/2025\/08\/15\/galeries-lafayette-de-grenoble-la-municipalite-veut-supprimer-un-ghetto-de-riches\/\" target=\"_blank\" rel=\"noopener\">ghetto de riches<\/a>\u00a0\u00bb pour le Maire.\u00a0<\/p>\n<p>&#8230; ET BLOQUE L&rsquo;UNE DES DERNI\u00c8RES LOCOMOTIVES COMMERCIALES\u00a0<\/p>\n<p style=\"text-align: justify;\">Ce n&rsquo;est pas comme si c&rsquo;\u00e9tait l&rsquo;une des derni\u00e8res locomotives du centre-ville, avec des sujets qui vont au-del\u00e0 du seul aspect commercial comme celui de la r\u00e9novation de la fa\u00e7ade qui <a target=\"_blank\" href=\"https:\/\/c.ledauphine.com\/economie\/2025\/11\/04\/isere-grenoble-les-galeries-modernes-nouvelles-puis-lafayette-plus-d-un-siecle-d-histoire-en-centre-ville-de-grenoble\" rel=\"noopener\">m\u00e9rite de retrouver sa splendeur originelle<\/a>. Le groupe porte un ambitieux projet en ce sens mais la municipalit\u00e9 n&rsquo;a de cesse de mettre des b\u00e2tons dans les roues en n&rsquo;autorisant qu&rsquo;une restauration \u00e0 l&rsquo;identique (impossible car il faudrait supprimer un \u00e9tage suppl\u00e9mentaire ajout\u00e9 avec le temps) ou une v\u00e9g\u00e9talisation totale de la fa\u00e7ade, irr\u00e9aliste et sans coh\u00e9rence aucune avec le projet des Galeries.<\/p>\n<p><a href=\"https:\/\/grenoble-le-changement.fr\/wp-content\/uploads\/2025\/08\/galeries-lafayette-grenoble-mag.png\" rel=\"lightbox[85932] noopener\" target=\"_blank\"><img loading=\"lazy\" decoding=\"async\" class=\" wp-image-83995 jetpack-lazy-image\" src=\"https:\/\/grenoble-le-changement.fr\/wp-content\/uploads\/2025\/08\/galeries-lafayette-grenoble-mag-300x183.png\" alt=\"\" width=\"598\" height=\"365\" data-lazy-src=\"https:\/\/www.europesays.com\/fr\/wp-content\/uploads\/2025\/11\/galeries-lafayette-grenoble-mag-300x183.png\" \/><\/a>Grenoble Mag (ao\u00fbt 2025)<br \/>\nMUNICIPALES : CHOISIR L&rsquo;INCANTATION OU L&rsquo;ACTION<\/p>\n<p style=\"text-align: justify;\">Si le voeu a \u00e9t\u00e9 vot\u00e9 \u00e0 l&rsquo;unanimit\u00e9, car la prolif\u00e9ration des enseignes de fast-fashion et ses d\u00e9rives n&rsquo;enchante \u00e9videmment personne, <a target=\"_blank\" href=\"https:\/\/actu.fr\/auvergne-rhone-alpes\/grenoble_38185\/grenoble-shein-aux-galeries-lafayette-provoque-des-tensions-la-mairie-interpellee_63390120.html\" rel=\"noopener\">Actu.fr<\/a> rel\u00e8ve en conclusion de son article consacr\u00e9 au sujet que \u00ab\u00a0les tensions sont de plus en plus palpables \u00e0 un peu plus de quatre mois des \u00e9lections municipales\u00a0\u00bb.<\/p>\n<p style=\"text-align: justify;\">Il y a effectivement tension, entre ceux qui n&rsquo;ont que l&rsquo;incantation \u00e0 la bouche alors que leurs actes entretiennent les ph\u00e9nom\u00e8nes qu&rsquo;ils d\u00e9noncent ensuite les bras ballants, et ceux qui d\u00e9fendent la coh\u00e9rence entre discours et politiques men\u00e9es. C&rsquo;est le choix qui s&rsquo;offre aux Grenoblois en mars prochain, avec Laurence Ruffin (Verts) \/ Allan Brunon (LFI) qui poursuivront sur cette trajectoire, ou Alain Carignon qui entend inverser la tendance.\u00a0<\/p>\n","protected":false},"excerpt":{"rendered":"Posted On 5 novembre 2025 Alors que les Galeries Lafayette vont changer de nom dans 7 villes dont&hellip;\n","protected":false},"author":2,"featured_media":476314,"comment_status":"","ping_status":"","sticky":false,"template":"","format":"standard","meta":{"footnotes":""},"categories":[9566],"tags":[1111,11,9601,27721,9602,2430,10607,14406,63375,63376,9607,1777,674,1011,27,2731,26489,10609,27722,10136,12,9609,25],"class_list":{"0":"post-512877","1":"post","2":"type-post","3":"status-publish","4":"format-standard","5":"has-post-thumbnail","7":"category-grenoble","8":"tag-actu","9":"tag-actualites","10":"tag-alain-carignon","11":"tag-allan-brunon","12":"tag-amel-zenati","13":"tag-auvergne-rhone-alpes","14":"tag-cecile-cenatiempo","15":"tag-cedric-moulart","16":"tag-delphine-bense","17":"tag-donald-tang","18":"tag-eric-piolle","19":"tag-eu","20":"tag-europe","21":"tag-fr","22":"tag-france","23":"tag-grenoble","24":"tag-hakim-sabri","25":"tag-hassen-bouzeghoub","26":"tag-laure-masson","27":"tag-laurence-ruffin","28":"tag-news","29":"tag-pascal-clouaire","30":"tag-republique-francaise"},"share_on_mastodon":{"url":"https:\/\/pubeurope.com\/@fr\/115495624891187760","error":""},"_links":{"self":[{"href":"https:\/\/www.europesays.com\/fr\/wp-json\/wp\/v2\/posts\/512877","targetHints":{"allow":["GET"]}}],"collection":[{"href":"https:\/\/www.europesays.com\/fr\/wp-json\/wp\/v2\/posts"}],"about":[{"href":"https:\/\/www.europesays.com\/fr\/wp-json\/wp\/v2\/types\/post"}],"author":[{"embeddable":true,"href":"https:\/\/www.europesays.com\/fr\/wp-json\/wp\/v2\/users\/2"}],"replies":[{"embeddable":true,"href":"https:\/\/www.europesays.com\/fr\/wp-json\/wp\/v2\/comments?post=512877"}],"version-history":[{"count":0,"href":"https:\/\/www.europesays.com\/fr\/wp-json\/wp\/v2\/posts\/512877\/revisions"}],"wp:featuredmedia":[{"embeddable":true,"href":"https:\/\/www.europesays.com\/fr\/wp-json\/wp\/v2\/media\/476314"}],"wp:attachment":[{"href":"https:\/\/www.europesays.com\/fr\/wp-json\/wp\/v2\/media?parent=512877"}],"wp:term":[{"taxonomy":"category","embeddable":true,"href":"https:\/\/www.europesays.com\/fr\/wp-json\/wp\/v2\/categories?post=512877"},{"taxonomy":"post_tag","embeddable":true,"href":"https:\/\/www.europesays.com\/fr\/wp-json\/wp\/v2\/tags?post=512877"}],"curies":[{"name":"wp","href":"https:\/\/api.w.org\/{rel}","templated":true}]}}