{"id":512878,"date":"2025-11-05T06:15:13","date_gmt":"2025-11-05T06:15:13","guid":{"rendered":"https:\/\/www.europesays.com\/fr\/512878\/"},"modified":"2025-11-05T06:15:13","modified_gmt":"2025-11-05T06:15:13","slug":"un-jeune-de-21-ans-termine-sa-course-en-prison","status":"publish","type":"post","link":"https:\/\/www.europesays.com\/fr\/512878\/","title":{"rendered":"un jeune de 21 ans termine sa course\u2026 en prison"},"content":{"rendered":"<p>            Par<br \/>\n        <strong><br \/>\n            <a href=\"https:\/\/actu.fr\/auteur\/redaction-rennes\" title=\"Consulter tous les articles de R\u00e9daction Rennes\" rel=\"nofollow noopener\" target=\"_blank\">R\u00e9daction Rennes<\/a><br \/>\n        <\/strong><\/p>\n<p>        Publi\u00e9 le<\/p>\n<p>            5 nov. 2025 \u00e0 6h32        <\/p>\n<p>Mamadou-Sidi avait en fait <strong>\u00ab\u2009pris la fuite\u2009\u00bb<\/strong> le 29\u00a0ao\u00fbt 2025, en plein apr\u00e8s-midi, dans le quartier de <strong>Br\u00e9quigny,<\/strong> alors que des policiers proc\u00e9daient \u00e0 des \u00ab\u2009contr\u00f4les d\u2019identit\u00e9\u2009\u00bb pr\u00e8s <strong>du point de deal <\/strong>de la rue d\u2019Uppsala.<\/p>\n<p class=\" wall-content\">Le pr\u00e9venu \u2013 d\u00e9crit par les forces de l\u2019ordre comme \u00ab\u2009de forte corpulence\u2009\u00bb, \u00ab\u2009v\u00eatu de noir\u2009\u00bb et porteur d\u2019une \u00ab\u2009casquette Gucci\u2009\u00bb \u2013 s\u2019\u00e9tait d\u00e9barrass\u00e9 dans sa course d\u2019un \u00ab\u2009sac \u00e0 dos\u2009\u00bb, dans lequel avait \u00e9t\u00e9 retrouv\u00e9<strong> un \u00ab\u2009pistolet semi-automatique\u2009\u00bb<\/strong> de calibre \u00ab\u20097,65\u00a0mm\u2009\u00bb charg\u00e9 de \u00ab\u2009six munitions\u2009\u00bb.<\/p>\n<p>Il arr\u00eate les conducteurs au feu rouge<\/p>\n<p class=\" wall-content\">Il avait ensuite <strong>tent\u00e9 de \u00ab\u2009s\u2019enfuir\u2009\u00bb<\/strong> en montant dans des v\u00e9hicules \u00ab\u2009arr\u00eat\u00e9s au feu rouge\u2009\u00bb sur l\u2019avenue Henri-Fr\u00e9ville et <strong>en ordonnant \u00e0 leurs conducteurs de \u00ab\u2009rouler\u2009\u00bb.<\/strong><\/p>\n<p class=\" wall-content\">Les policiers avaient d\u2019ailleurs \u00e9t\u00e9 oblig\u00e9s<strong> de \u00ab\u2009sortir leur arme\u2009\u00bb pour l\u2019arr\u00eater.<\/strong> Ils avaient finalement interpell\u00e9 Mamadou-Sidi dans une Peugeot 3008 en faisant usage de leur \u00ab\u2009bombe lacrymog\u00e8ne\u2009\u00bb, mais ils avaient \u00e9t\u00e9 \u00ab\u2009pris \u00e0 partie\u2009\u00bb par plusieurs personnes lors de cette arrestation. En garde \u00e0 vue, le jeune homme avait \u00ab\u2009gard\u00e9 le silence\u2009\u00bb sur ces faits.<\/p>\n<p>La \u00ab\u2009peur\u2009\u00bb de subir des \u00ab\u2009violences polici\u00e8res\u2009\u00bb<\/p>\n<p class=\" wall-content\">Jug\u00e9 en comparution imm\u00e9diate devant le tribunal correctionnel de Rennes lundi 20\u00a0octobre 2025, il a finalement reconnu que sa \u00ab\u2009fuite\u2009\u00bb \u00e9tait <strong>une \u00ab\u2009r\u00e9action inappropri\u00e9e\u2009\u00bb.<\/strong><\/p>\n<p class=\" wall-content\">Mais il l\u2019a justifi\u00e9e par<strong> la \u00ab\u2009peur\u2009\u00bb de subir des \u00ab\u2009violences polici\u00e8res\u2009\u00bb<\/strong>\u2009: selon lui, les forces de l\u2019ordre avaient \u00ab\u2009gaz\u00e9\u2009\u00bb la \u00ab\u2009dizaine de personnes\u2009\u00bb pr\u00e9sente et avaient \u00ab\u2009charg\u00e9 comme des rugbymen\u2009\u00bb, alors que des \u00ab\u2009m\u00e8res de famille\u2009\u00bb se trouvaient avec leurs enfants. L\u2019un des policiers qui l\u2019ont interpell\u00e9 l\u2019aurait d\u2019ailleurs <strong>d\u00e9j\u00e0 \u00ab\u2009violent\u00e9\u2009\u00bb<\/strong> lorsqu\u2019il \u00e9tait mineur.<\/p>\n<p>Votre r\u00e9gion, votre actu !<\/p>\n<p>Recevez chaque jour les infos qui comptent pour vous.<\/p>\n<p>\t<a href=\"https:\/\/actu.fr\/newsletter\" class=\"ac-btn ac-btn--corner ac-btn--medium ac-btn--blue800\" rel=\"nofollow noopener\" target=\"_blank\">S&rsquo;incrire<\/a><\/p>\n<p class=\" wall-content\">Le pr\u00e9venu \u2013 qui travaille comme \u00ab\u2009manutentionnaire\u2009\u00bb en r\u00e9gion parisienne \u2013 a toutefois assur\u00e9 qu\u2019il n\u2019avait<strong> \u00ab\u2009rien \u00e0 voir\u2009\u00bb avec l\u2019arme retrouv\u00e9e<\/strong> dans le sac \u00e0 dos\u2009: <strong>les policiers,<\/strong> qui l\u2019ont formellement identifi\u00e9 en garde \u00e0 vue, <strong>ont \u00ab\u2009menti\u2009\u00bb.<\/strong><\/p>\n<blockquote class=\"ac-article-quote wall-content\">\n<p>Ils \u00e9taient venus pour du stup\u00e9fiant et ils n&rsquo;ont rien eu, alors ils ont tout remis sur moi.<\/p>\n<p>    <strong>Mamadou-Sidi<\/strong>\n            <\/p><\/blockquote>\n<p>Cinq mentions au casier judiciaire<\/p>\n<p class=\" wall-content\">Reste que Mamadou-Sidi <strong>a un \u00ab\u2009casier judiciaire sale\u2009\u00bb,<\/strong> de son propre aveu\u2009: <strong>cinq condamnations<\/strong> dont l\u2019une pour des violences et menaces de mort sur des policiers en 2021. Cela montre \u00ab\u2009le peu de cas qu\u2019il fait des d\u00e9cisions de justice\u2009\u00bb, a donc grinc\u00e9 la procureure de la R\u00e9publique, apr\u00e8s cette \u00ab\u2009tentative de fuite digne d\u2019un film d\u2019action\u2009\u00bb.<\/p>\n<p class=\" wall-content\"><strong>La repr\u00e9sentante du parquet<\/strong> avait dans ces conditions <strong>requis 23\u00a0mois de prison ferme<\/strong> \u00e0 l\u2019encontre de Mamadou-Sidi, ainsi qu\u2019une interdiction de porter une arme pendant 10\u00a0ans et de se rendre dans le secteur de Rennes-Sud durant deux ans.<\/p>\n<p>19\u00a0mois en d\u00e9tention<\/p>\n<p class=\" wall-content\"><strong>L\u2019avocate du pr\u00e9venu<\/strong>, Me Gwendoline Tenier, a pour sa part <strong>plaid\u00e9 la \u00ab\u2009relaxe\u2009\u00bb<\/strong> de son client\u2009: elle a fustig\u00e9 la \u00ab\u2009pi\u00e8tre qualit\u00e9\u2009\u00bb de la proc\u00e9dure, qui pr\u00e9sente des \u00ab\u2009incoh\u00e9rences chronologiques\u2009\u00bb et des \u00ab\u2009investigations qui n\u2019ont pas \u00e9t\u00e9 faites\u2009\u00bb.<\/p>\n<p class=\" wall-content\">Son client avait d\u2019ailleurs <strong>bien \u00e9t\u00e9 victime de \u00ab\u2009violences polici\u00e8res\u2009\u00bb<\/strong> par le pass\u00e9, puisque l\u2019Inspection g\u00e9n\u00e9rale de la police nationale (IGPN) avait \u00e9t\u00e9 \u00ab\u2009saisie\u2009\u00bb.<\/p>\n<p class=\" wall-content\">Le tribunal a finalement amoindri les r\u00e9quisitions du parquet\u2009: <strong>Mamadou-Sidi effectuera 19\u00a0mois en d\u00e9tention.<\/strong> Il aura \u00e9galement l\u2019interdiction de porter une arme pendant dix ans et de se rendre \u00e0 Rennes-Sud durant un an.<\/p>\n<p class=\" wall-content\"><strong>RB et GF (PressPepper)<\/strong><\/p>\n<p class=\" wall-content\">Personnalisez votre actualit\u00e9 en ajoutant vos villes et m\u00e9dias en favori avec <a href=\"https:\/\/moncompte.actu.fr\" title=\"D\u00e9couvez Mon Actu\" rel=\"nofollow noopener\" data-trk=\"{&quot;cta&quot;:{&quot;action&quot;:&quot;https:\\\/\\\/moncompte.actu.fr&quot;,&quot;category&quot;:&quot;mon compte&quot;,&quot;from&quot;:&quot;article footer&quot;,&quot;name&quot;:&quot;Mon actu&quot;,&quot;type&quot;:&quot;cta&quot;}}\" target=\"_blank\">Mon Actu<\/a>.<\/p>\n","protected":false},"excerpt":{"rendered":"Par R\u00e9daction Rennes Publi\u00e9 le 5 nov. 2025 \u00e0 6h32 Mamadou-Sidi avait en fait \u00ab\u2009pris la fuite\u2009\u00bb le&hellip;\n","protected":false},"author":2,"featured_media":512879,"comment_status":"","ping_status":"","sticky":false,"template":"","format":"standard","meta":{"footnotes":""},"categories":[2821],"tags":[1111,11,829,1777,674,118,1011,27,303,12,1072,584,25],"class_list":{"0":"post-512878","1":"post","2":"type-post","3":"status-publish","4":"format-standard","5":"has-post-thumbnail","7":"category-rennes","8":"tag-actu","9":"tag-actualites","10":"tag-bretagne","11":"tag-eu","12":"tag-europe","13":"tag-faits-divers","14":"tag-fr","15":"tag-france","16":"tag-justice","17":"tag-news","18":"tag-police","19":"tag-rennes","20":"tag-republique-francaise"},"share_on_mastodon":{"url":"https:\/\/pubeurope.com\/@fr\/115495627941450617","error":""},"_links":{"self":[{"href":"https:\/\/www.europesays.com\/fr\/wp-json\/wp\/v2\/posts\/512878","targetHints":{"allow":["GET"]}}],"collection":[{"href":"https:\/\/www.europesays.com\/fr\/wp-json\/wp\/v2\/posts"}],"about":[{"href":"https:\/\/www.europesays.com\/fr\/wp-json\/wp\/v2\/types\/post"}],"author":[{"embeddable":true,"href":"https:\/\/www.europesays.com\/fr\/wp-json\/wp\/v2\/users\/2"}],"replies":[{"embeddable":true,"href":"https:\/\/www.europesays.com\/fr\/wp-json\/wp\/v2\/comments?post=512878"}],"version-history":[{"count":0,"href":"https:\/\/www.europesays.com\/fr\/wp-json\/wp\/v2\/posts\/512878\/revisions"}],"wp:featuredmedia":[{"embeddable":true,"href":"https:\/\/www.europesays.com\/fr\/wp-json\/wp\/v2\/media\/512879"}],"wp:attachment":[{"href":"https:\/\/www.europesays.com\/fr\/wp-json\/wp\/v2\/media?parent=512878"}],"wp:term":[{"taxonomy":"category","embeddable":true,"href":"https:\/\/www.europesays.com\/fr\/wp-json\/wp\/v2\/categories?post=512878"},{"taxonomy":"post_tag","embeddable":true,"href":"https:\/\/www.europesays.com\/fr\/wp-json\/wp\/v2\/tags?post=512878"}],"curies":[{"name":"wp","href":"https:\/\/api.w.org\/{rel}","templated":true}]}}