{"id":51288,"date":"2025-04-25T08:24:14","date_gmt":"2025-04-25T08:24:14","guid":{"rendered":"https:\/\/www.europesays.com\/fr\/51288\/"},"modified":"2025-04-25T08:24:14","modified_gmt":"2025-04-25T08:24:14","slug":"les-10-meilleures-formules-dejeuner-du-3e-arrondissement-de-paris","status":"publish","type":"post","link":"https:\/\/www.europesays.com\/fr\/51288\/","title":{"rendered":"Les 10 meilleures formules d\u00e9jeuner du 3e arrondissement de Paris"},"content":{"rendered":"<p><strong>LA S\u00c9LECTION DU FIGARO &#8211;<\/strong> Bistrots tradi, cantines italiennes, cor\u00e9ennes ou japonaises: nos bons plans pour une pause du midi de qualit\u00e9 entre 20 et 40 euros.<\/p>\n<p class=\"fig-paragraph\"><a href=\"https:\/\/www.lefigaro.fr\/gastronomie\/paris-les-meilleures-formules-dejeuner-du-1er-arrondissement-20250123\" target=\"_blank\" data-fig-type=\"Article\" rel=\"noopener\" data-gtm-custom-categorie=\"navigation\" data-gtm-custom-action=\"crossclick\" data-gtm-custom-label=\"Contextuel\" data-gtm-event=\"customEventSPE\" data-fig-domain=\"LEFIGARO\">Des abords des Halles<\/a>\u00a0jusqu\u2019\u00e0 R\u00e9publique et Bastille, en passant par les haut et bas-Marais, nos bonnes adresses pour une pause d\u00e9jeuner r\u00e9ussie,\u00a0<a href=\"http:\/\/www.lefigaro.fr\/gastronomie\/ou-dine-la-jolie-faune-de-saint-germain-des-pres-20250418\" target=\"_blank\" data-fig-type=\"Article\" rel=\"noopener\" data-gtm-custom-categorie=\"navigation\" data-gtm-custom-action=\"crossclick\" data-gtm-custom-label=\"Contextuel\" data-gtm-event=\"customEventSPE\" data-fig-domain=\"LEFIGARO\">au bon rapport qualit\u00e9-prix<\/a>.<\/p>\n<p>Bistrot\u00a0: <strong>Glou<\/strong><\/p>\n<p class=\"fig-paragraph\"><strong>Le lieu.<\/strong> Id\u00e9alement situ\u00e9 en face\u00a0<a href=\"http:\/\/www.lefigaro.fr\/arts-expositions\/klee-kirchner-grosz-au-musee-picasso-la-revanche-des-artistes-degeneres-20250219\" target=\"_blank\" data-fig-type=\"Article\" rel=\"noopener\" data-gtm-custom-categorie=\"navigation\" data-gtm-custom-action=\"crossclick\" data-gtm-custom-label=\"Contextuel\" data-gtm-event=\"customEventSPE\" data-fig-domain=\"LEFIGARO\">du jardin du Mus\u00e9e Picasso<\/a>\u00a0&#8211; sur lequel les tables de l\u2019\u00e9tage offrent une vue avantageuse -, ce bistrot \u00e0 vin (nature) lumineux, cousin de Jaja ou de Bonvivant, reste, plus de quinze ans apr\u00e8s son ouverture, une r\u00e9f\u00e9rence \u00e0 prix tenus dans le quartier. Parquet, tables en bois clair et flacons \u00e0 foison lui conf\u00e8rent un look dans l\u2019air du temps, agr\u00e9able.<\/p>\n<p class=\"fig-premium-paywall__infos\">\n        Cet article est r\u00e9serv\u00e9 aux abonn\u00e9s.        Il vous reste 95% \u00e0 d\u00e9couvrir.\n    <\/p>\n<p>                <img  data- alt=\"Le Figaro\" class=\"fig-img--complete fig-img\"\/><\/p>\n<p class=\"fig-premium-paywall__title\">Vous avez envie de lire la suite ?<\/p>\n<p class=\"fig-premium-paywall__subtitle\">D\u00e9bloquez tous les articles imm\u00e9diatement.<\/p>\n<p class=\"fig-premium-paywall__connect\">\n                D\u00e9j\u00e0 abonn\u00e9\u00a0?                <a class=\"fig-premium-paywall__connect-link\" href=\"https:\/\/connect.lefigaro.fr\/login?client=horizon_web&amp;type=main&amp;redirect_uri=https%3A%2F%2Fwww.lefigaro.fr%2Fgastronomie%2Fles-10-meilleures-formules-dejeuner-du-3e-arrondissement-de-paris-20250425\" data-js-gtm=\"{&quot;customCategorie&quot;: &quot;conversion&quot;, &quot;customAction&quot;: &quot;before_Landing_Connexion_paywall_manuel&quot;, &quot;customLabel&quot;: &quot;bGVmaWdhcm8uZnJfXzFmMDIwZWFmLWUyZGEtNjBiOC1hMGE2LTMxY2NhYzkxMTViZV9fQXJ0aWNsZQ==_Les 10 meilleures formules d\u00e9jeuner du 3&lt;sup&gt;e&lt;\/sup&gt; arrondissement de Paris_765&quot;, &quot;customIDSPE&quot;: &quot;bGVmaWdhcm8uZnJfXzFmMDIwZWFmLWUyZGEtNjBiOC1hMGE2LTMxY2NhYzkxMTViZV9fQXJ0aWNsZQ==&quot;, &quot;event&quot;: &quot;customEventSPE&quot;}\" target=\"_blank\" rel=\"noopener\"><br \/>\n                    Connectez-vous<br \/>\n                <\/a>\n            <\/p>\n","protected":false},"excerpt":{"rendered":"LA S\u00c9LECTION DU FIGARO &#8211; Bistrots tradi, cantines italiennes, cor\u00e9ennes ou japonaises: nos bons plans pour une pause&hellip;\n","protected":false},"author":2,"featured_media":51289,"comment_status":"","ping_status":"","sticky":false,"template":"","format":"standard","meta":{"footnotes":""},"categories":[1888],"tags":[1111,2016,2018,2015,2019,11,2020,6845,1777,674,1011,27,1661,12,626,25,2021,2068,2017],"class_list":{"0":"post-51288","1":"post","2":"type-post","3":"status-publish","4":"format-standard","5":"has-post-thumbnail","7":"category-paris","8":"tag-actu","9":"tag-actu-gastronomie","10":"tag-actu-recette","11":"tag-actualite-gastronomie","12":"tag-actualite-nutrition","13":"tag-actualites","14":"tag-culinaire","15":"tag-dejeuner","16":"tag-eu","17":"tag-europe","18":"tag-fr","19":"tag-france","20":"tag-gastronomie","21":"tag-news","22":"tag-paris","23":"tag-republique-francaise","24":"tag-restauration","25":"tag-sortir-a-paris","26":"tag-tendance-cuisine"},"share_on_mastodon":{"url":"https:\/\/pubeurope.com\/@fr\/114397646933049876","error":""},"_links":{"self":[{"href":"https:\/\/www.europesays.com\/fr\/wp-json\/wp\/v2\/posts\/51288","targetHints":{"allow":["GET"]}}],"collection":[{"href":"https:\/\/www.europesays.com\/fr\/wp-json\/wp\/v2\/posts"}],"about":[{"href":"https:\/\/www.europesays.com\/fr\/wp-json\/wp\/v2\/types\/post"}],"author":[{"embeddable":true,"href":"https:\/\/www.europesays.com\/fr\/wp-json\/wp\/v2\/users\/2"}],"replies":[{"embeddable":true,"href":"https:\/\/www.europesays.com\/fr\/wp-json\/wp\/v2\/comments?post=51288"}],"version-history":[{"count":0,"href":"https:\/\/www.europesays.com\/fr\/wp-json\/wp\/v2\/posts\/51288\/revisions"}],"wp:featuredmedia":[{"embeddable":true,"href":"https:\/\/www.europesays.com\/fr\/wp-json\/wp\/v2\/media\/51289"}],"wp:attachment":[{"href":"https:\/\/www.europesays.com\/fr\/wp-json\/wp\/v2\/media?parent=51288"}],"wp:term":[{"taxonomy":"category","embeddable":true,"href":"https:\/\/www.europesays.com\/fr\/wp-json\/wp\/v2\/categories?post=51288"},{"taxonomy":"post_tag","embeddable":true,"href":"https:\/\/www.europesays.com\/fr\/wp-json\/wp\/v2\/tags?post=51288"}],"curies":[{"name":"wp","href":"https:\/\/api.w.org\/{rel}","templated":true}]}}