{"id":512880,"date":"2025-11-05T06:16:11","date_gmt":"2025-11-05T06:16:11","guid":{"rendered":"https:\/\/www.europesays.com\/fr\/512880\/"},"modified":"2025-11-05T06:16:11","modified_gmt":"2025-11-05T06:16:11","slug":"la84-fermee-cette-semaine-par-endroits","status":"publish","type":"post","link":"https:\/\/www.europesays.com\/fr\/512880\/","title":{"rendered":"l&rsquo;A84 ferm\u00e9e cette semaine par endroits"},"content":{"rendered":"<p>            Par<br \/>\n        <strong><br \/>\n            <a href=\"https:\/\/actu.fr\/auteur\/gregory-maucorps\" title=\"Consulter tous les articles de Gr\u00e9gory Maucorps\" target=\"_blank\" rel=\"noopener\">Gr\u00e9gory Maucorps<\/a><br \/>\n        <\/strong><\/p>\n<p>        Publi\u00e9 le<\/p>\n<p>            5 nov. 2025 \u00e0 6h05        <\/p>\n<p>La Direction interd\u00e9partementale des routes nord-ouest (Dirno) va r\u00e9aliser<b> des travaux d\u2019entretien sur l\u2019autoroute A84 <\/b>qui relie <a href=\"https:\/\/actu.fr\/normandie\/caen_14118\" target=\"_blank\" rel=\"noopener\">Caen<\/a> (Calvados) \u00e0 Rennes (Ille-et-Vilaine).<\/p>\n<p>L\u2019A84 ferm\u00e9e durant les nuits du 5 au 7 novembre, pr\u00e8s de Caen<\/p>\n<p class=\" wall-content\">Ce chantier aura lieu du mercredi 5 au vendredi 7 novembre 2025, avec <b>des interventions de nuit<\/b>, entre 20h et 6h du matin.<\/p>\n<p class=\" wall-content\">La Dirno va en effet refaire la chauss\u00e9e sur l\u2019A84, sur les secteurs de Grainville-sur-Odon, Noyers-Bocage, Monts-en-Bessin et Villers-Bocage, durant les nuits prochaines. Ces travaux se d\u00e9rouleront en deux phases et g\u00e9n\u00e9reront des restrictions.<\/p>\n<p>Phase 1 des travaux du mercredi 5 au jeudi 6 novembre (20h \u00e0 6h)<\/p>\n<ul class=\" wall-content\">\n<li>l\u2019A84 sera <b>ferm\u00e9e \u00e0 la circulation dans le sens Rennes \u2013 Caen <\/b>entre les \u00e9changeurs 43 <b>Villers-Bocage<\/b> et 47 <b>Mondrainville<\/b>, les <b>bretelles d\u2019insertion <\/b>seront aussi ferm\u00e9es ;<\/li>\n<li>Dans le <b>sens Caen \u2013 Rennes<\/b>, une <b>neutralisation de la voie de gauche<\/b> sur ce m\u00eame tron\u00e7on.<\/li>\n<\/ul>\n<p class=\" wall-content\">Des <b>d\u00e9viations <\/b>seront mises en place via la RD675 et RD675a, le long de l\u2019autoroute.<\/p>\n<p>Vid\u00e9os : en ce moment sur ActuPhase 2 des travaux du jeudi 6 au vendredi 7 novembre (20h \u00e0 6h)<\/p>\n<ul class=\" wall-content\">\n<li>Dans le<b> sens Caen \u2013 Rennes<\/b>, l\u2019A84 sera ferm\u00e9e entre les \u00e9changeurs 44 <b>Villers-Bocage<\/b> et 42 <b>Coulvain<\/b> ainsi que la bretelle d\u2019insertion de l\u2019\u00e9changeur 43 ;<\/li>\n<li>Dans le <b>sens Rennes \u2013 Caen<\/b>, la <b>voie de droite <\/b>sera<b> neutralis\u00e9e <\/b>et les bretelles de sortie \u00e9changeurs 45 (Monts-en-Bessin) et 46 (Noyers-Bocage) seront ferm\u00e9es.<\/li>\n<\/ul>\n<p>Votre r\u00e9gion, votre actu !<\/p>\n<p>Recevez chaque jour les infos qui comptent pour vous.<\/p>\n<p>\t<a href=\"https:\/\/actu.fr\/newsletter\" class=\"ac-btn ac-btn--corner ac-btn--medium ac-btn--blue800\" target=\"_blank\" rel=\"noopener\">S&rsquo;incrire<\/a><\/p>\n<p class=\" wall-content\">Des d\u00e9viations seront mises en place via la RD675, uniquement durant le chantier de 20h \u00e0 6h.<\/p>\n<p class=\" wall-content\">Personnalisez votre actualit\u00e9 en ajoutant vos villes et m\u00e9dias en favori avec <a href=\"https:\/\/moncompte.actu.fr\" title=\"D\u00e9couvez Mon Actu\" rel=\"nofollow noopener\" data-trk=\"{&quot;cta&quot;:{&quot;action&quot;:&quot;https:\\\/\\\/moncompte.actu.fr&quot;,&quot;category&quot;:&quot;mon compte&quot;,&quot;from&quot;:&quot;article footer&quot;,&quot;name&quot;:&quot;Mon actu&quot;,&quot;type&quot;:&quot;cta&quot;}}\" target=\"_blank\">Mon Actu<\/a>.<\/p>\n","protected":false},"excerpt":{"rendered":"Par Gr\u00e9gory Maucorps Publi\u00e9 le 5 nov. 2025 \u00e0 6h05 La Direction interd\u00e9partementale des routes nord-ouest (Dirno) va&hellip;\n","protected":false},"author":2,"featured_media":512881,"comment_status":"","ping_status":"","sticky":false,"template":"","format":"standard","meta":{"footnotes":""},"categories":[2821],"tags":[1111,11,28416,829,5492,1777,674,1011,27,12,584,25,104,2086],"class_list":{"0":"post-512880","1":"post","2":"type-post","3":"status-publish","4":"format-standard","5":"has-post-thumbnail","7":"category-rennes","8":"tag-actu","9":"tag-actualites","10":"tag-autoroute-84-a84","11":"tag-bretagne","12":"tag-caen","13":"tag-eu","14":"tag-europe","15":"tag-fr","16":"tag-france","17":"tag-news","18":"tag-rennes","19":"tag-republique-francaise","20":"tag-societe","21":"tag-travaux"},"share_on_mastodon":{"url":"https:\/\/pubeurope.com\/@fr\/115495632034331901","error":""},"_links":{"self":[{"href":"https:\/\/www.europesays.com\/fr\/wp-json\/wp\/v2\/posts\/512880","targetHints":{"allow":["GET"]}}],"collection":[{"href":"https:\/\/www.europesays.com\/fr\/wp-json\/wp\/v2\/posts"}],"about":[{"href":"https:\/\/www.europesays.com\/fr\/wp-json\/wp\/v2\/types\/post"}],"author":[{"embeddable":true,"href":"https:\/\/www.europesays.com\/fr\/wp-json\/wp\/v2\/users\/2"}],"replies":[{"embeddable":true,"href":"https:\/\/www.europesays.com\/fr\/wp-json\/wp\/v2\/comments?post=512880"}],"version-history":[{"count":0,"href":"https:\/\/www.europesays.com\/fr\/wp-json\/wp\/v2\/posts\/512880\/revisions"}],"wp:featuredmedia":[{"embeddable":true,"href":"https:\/\/www.europesays.com\/fr\/wp-json\/wp\/v2\/media\/512881"}],"wp:attachment":[{"href":"https:\/\/www.europesays.com\/fr\/wp-json\/wp\/v2\/media?parent=512880"}],"wp:term":[{"taxonomy":"category","embeddable":true,"href":"https:\/\/www.europesays.com\/fr\/wp-json\/wp\/v2\/categories?post=512880"},{"taxonomy":"post_tag","embeddable":true,"href":"https:\/\/www.europesays.com\/fr\/wp-json\/wp\/v2\/tags?post=512880"}],"curies":[{"name":"wp","href":"https:\/\/api.w.org\/{rel}","templated":true}]}}