{"id":512882,"date":"2025-11-05T06:17:10","date_gmt":"2025-11-05T06:17:10","guid":{"rendered":"https:\/\/www.europesays.com\/fr\/512882\/"},"modified":"2025-11-05T06:17:10","modified_gmt":"2025-11-05T06:17:10","slug":"strasbourg-distinguee-au-niveau-national-pour-lune-de-ses-politiques-publiques","status":"publish","type":"post","link":"https:\/\/www.europesays.com\/fr\/512882\/","title":{"rendered":"Strasbourg distingu\u00e9e au niveau national pour l&rsquo;une de ses politiques publiques"},"content":{"rendered":"<p>            Par<br \/>\n        <strong><br \/>\n            <a href=\"https:\/\/actu.fr\/auteur\/ivan-capecchi\" title=\"Consulter tous les articles de Ivan CAPECCHI\" rel=\"nofollow noopener\" target=\"_blank\">Ivan CAPECCHI<\/a><br \/>\n        <\/strong><\/p>\n<p>        Publi\u00e9 le<\/p>\n<p>            5 nov. 2025 \u00e0 7h02        <\/p>\n<p>Le label national \u00ab<strong>\u2009Quiet<\/strong>\u2009\u00bb a \u00e9t\u00e9 attribu\u00e9 \u00e0 la Ville de Strasbourg pour la d\u00e9marche de <a href=\"https:\/\/actu.fr\/grand-est\/strasbourg_67482\/strasbourg-voici-la-liste-des-cours-d-ecole-qui-seront-vegetalisees-d-ici-l-ete-2023_55919017.html\" rel=\"nofollow noopener\" target=\"_blank\">v\u00e9g\u00e9talisation de ses cours d\u2019\u00e9cole<\/a>, apprend-on dans un communiqu\u00e9 diffus\u00e9 mardi.<\/p>\n<p>Une mesure ayant permis une \u00ab\u00a0baisse significative du niveau sonore\u00a0\u00bb<\/p>\n<p class=\" wall-content\">R\u00e9uni le 7\u00a0octobre 2025 sous l\u2019\u00e9gide du Minist\u00e8re de la <a href=\"https:\/\/actu.fr\/tag\/sante\" rel=\"nofollow noopener\" target=\"_blank\">Sant\u00e9<\/a>, du Centre d\u2019information sur le bruit (CidB) et du Conseil national du bruit, le jury a salu\u00e9 un projet qui allie sant\u00e9 publique, \u00e9ducation, transition \u00e9cologique et qualit\u00e9 de vie.<\/p>\n<p class=\" wall-content\">\u00ab\u2009Des \u00e9tudes acoustiques men\u00e9es avant et apr\u00e8s les travaux ont d\u00e9montr\u00e9 une <strong>baisse significative du niveau sonore<\/strong> gr\u00e2ce \u00e0 la combinaison de mat\u00e9riaux absorbants, de zones v\u00e9g\u00e9talis\u00e9es et d\u2019une \u00e9volution des usages dans les temps de r\u00e9cr\u00e9ation\u2009\u00bb, fait savoir la Ville dans son communiqu\u00e9.<\/p>\n<p class=\" wall-content\">\u00ab\u2009Au-del\u00e0 du confort sonore, ces am\u00e9nagements favorisent une <strong>meilleure concentration, une r\u00e9duction du stress, et un meilleur climat scolaire<\/strong>, des b\u00e9n\u00e9fices confirm\u00e9s par les \u00e9quipes \u00e9ducatives\u2009\u00bb, ajoute la collectivit\u00e9.<\/p>\n<p>Retards \u00e0 l\u2019allumage et ambition revue \u00e0 la baisse<\/p>\n<p class=\" wall-content\">Dans des articles dat\u00e9s de <a href=\"https:\/\/www.rue89strasbourg.com\/vegetalisation-cours-ecoles-premiers-crash-tests-303401\" rel=\"nofollow noopener\" target=\"_blank\">juillet\u00a02024<\/a> et <a href=\"https:\/\/www.rue89strasbourg.com\/vegetalisation-des-cours-decoles-ambition-revue-et-promesse-tenue-pour-la-maire-de-strasbourg-347338\" rel=\"nofollow noopener\" target=\"_blank\">juin\u00a02025<\/a>, Rue89 Strasbourg note\u00a0toutefois que les premi\u00e8res r\u00e9alisations ont connu <strong>plusieurs rat\u00e9s techniques<\/strong> et une concertation insuffisante, avant qu\u2019une nouvelle m\u00e9thode participative ne soit mise en place en 2022.<\/p>\n<p class=\" wall-content\">La promesse initiale de v\u00e9g\u00e9taliser 100\u2009% des \u00e9coles a par ailleurs \u00e9t\u00e9 <strong>ramen\u00e9e \u00e0 70\u2009%<\/strong> d\u2019ici 2026.<\/p>\n<p class=\" wall-content\">Personnalisez votre actualit\u00e9 en ajoutant vos villes et m\u00e9dias en favori avec <a href=\"https:\/\/moncompte.actu.fr\" title=\"D\u00e9couvez Mon Actu\" rel=\"nofollow noopener\" data-trk=\"{&quot;cta&quot;:{&quot;action&quot;:&quot;https:\\\/\\\/moncompte.actu.fr&quot;,&quot;category&quot;:&quot;mon compte&quot;,&quot;from&quot;:&quot;article footer&quot;,&quot;name&quot;:&quot;Mon actu&quot;,&quot;type&quot;:&quot;cta&quot;}}\" target=\"_blank\">Mon Actu<\/a>.<\/p>\n","protected":false},"excerpt":{"rendered":"Par Ivan CAPECCHI Publi\u00e9 le 5 nov. 2025 \u00e0 7h02 Le label national \u00ab\u2009Quiet\u2009\u00bb a \u00e9t\u00e9 attribu\u00e9 \u00e0&hellip;\n","protected":false},"author":2,"featured_media":512883,"comment_status":"","ping_status":"","sticky":false,"template":"","format":"standard","meta":{"footnotes":""},"categories":[2820],"tags":[1111,11,1057,436,1777,674,1011,27,775,12,25,71,104,640],"class_list":{"0":"post-512882","1":"post","2":"type-post","3":"status-publish","4":"format-standard","5":"has-post-thumbnail","7":"category-strasbourg","8":"tag-actu","9":"tag-actualites","10":"tag-education","11":"tag-environnement","12":"tag-eu","13":"tag-europe","14":"tag-fr","15":"tag-france","16":"tag-grand-est","17":"tag-news","18":"tag-republique-francaise","19":"tag-sante","20":"tag-societe","21":"tag-strasbourg"},"share_on_mastodon":{"url":"https:\/\/pubeurope.com\/@fr\/115495635793232116","error":""},"_links":{"self":[{"href":"https:\/\/www.europesays.com\/fr\/wp-json\/wp\/v2\/posts\/512882","targetHints":{"allow":["GET"]}}],"collection":[{"href":"https:\/\/www.europesays.com\/fr\/wp-json\/wp\/v2\/posts"}],"about":[{"href":"https:\/\/www.europesays.com\/fr\/wp-json\/wp\/v2\/types\/post"}],"author":[{"embeddable":true,"href":"https:\/\/www.europesays.com\/fr\/wp-json\/wp\/v2\/users\/2"}],"replies":[{"embeddable":true,"href":"https:\/\/www.europesays.com\/fr\/wp-json\/wp\/v2\/comments?post=512882"}],"version-history":[{"count":0,"href":"https:\/\/www.europesays.com\/fr\/wp-json\/wp\/v2\/posts\/512882\/revisions"}],"wp:featuredmedia":[{"embeddable":true,"href":"https:\/\/www.europesays.com\/fr\/wp-json\/wp\/v2\/media\/512883"}],"wp:attachment":[{"href":"https:\/\/www.europesays.com\/fr\/wp-json\/wp\/v2\/media?parent=512882"}],"wp:term":[{"taxonomy":"category","embeddable":true,"href":"https:\/\/www.europesays.com\/fr\/wp-json\/wp\/v2\/categories?post=512882"},{"taxonomy":"post_tag","embeddable":true,"href":"https:\/\/www.europesays.com\/fr\/wp-json\/wp\/v2\/tags?post=512882"}],"curies":[{"name":"wp","href":"https:\/\/api.w.org\/{rel}","templated":true}]}}