{"id":512888,"date":"2025-11-05T06:20:13","date_gmt":"2025-11-05T06:20:13","guid":{"rendered":"https:\/\/www.europesays.com\/fr\/512888\/"},"modified":"2025-11-05T06:20:13","modified_gmt":"2025-11-05T06:20:13","slug":"nice-circulation-infernale-bus-devies-une-immense-foule-attendue-dans-ce-quartier","status":"publish","type":"post","link":"https:\/\/www.europesays.com\/fr\/512888\/","title":{"rendered":"Nice. Circulation infernale, bus d\u00e9vi\u00e9s&#8230; Une immense foule attendue dans ce quartier"},"content":{"rendered":"<p>            Par<br \/>\n        <strong><br \/>\n            <a href=\"https:\/\/actu.fr\/auteur\/arthur-frand\" title=\"Consulter tous les articles de Arthur Frand\" rel=\"nofollow noopener\" target=\"_blank\">Arthur Frand<\/a><br \/>\n        <\/strong><\/p>\n<p>        Publi\u00e9 le<\/p>\n<p>            5 nov. 2025 \u00e0 6h36        <\/p>\n<p>Attention, ce jeudi 4\u00a0novembre au soir, il faudra se <strong>montrer patient en voiture<\/strong> \u00e0 <a href=\"https:\/\/actu.fr\/provence-alpes-cote-d-azur\/nice_06088\/nice-on-ne-nous-avait-pas-prevenus-ces-controles-de-trottinettes-electriques-surprennent_63390979.html\" rel=\"nofollow noopener\" target=\"_blank\">Nice<\/a> dans les <a href=\"https:\/\/actu.fr\/provence-alpes-cote-d-azur\/alpes-maritimes_06\" rel=\"nofollow noopener\" target=\"_blank\">Alpes-Maritimes<\/a>. L\u2019OGC Nice retrouve la Coupe d\u2019Europe et affronte le club allemand de Fribourg \u00e0 l\u2019Allianz Riviera. Une rencontre qui a lieu en d\u00e9but de soir\u00e9e, \u00e0 18h45, et qui va engendrer des difficult\u00e9s de circulation dans le quartier Saint-Isidore. En pleine heure de pointe, les bouchons <strong>seront in\u00e9vitables<\/strong>.<\/p>\n<p>    <a href=\"https:\/\/www.google.com\/maps\/embed?pb=!1m18!1m12!1m3!1d5768.524270793334!2d7.190034577344965!3d43.70510117109982!2m3!1f0!2f0!3f0!3m2!1i1024!2i768!4f13.1!3m3!1m2!1s0x12cdd1ef37a975c5%3A0xe5a00153b844e8d3!2sAllianz%20Riviera!5e0!3m2!1sfr!2sfr!4v1762270597978!5m2!1sfr!2sfr\" title=\"Ouvrie le lien\" rel=\"nofollow noopener\" target=\"_blank\">Cliquez ici pour visualiser le contenu<\/a><\/p>\n<p class=\" wall-content\">Environ 25000 personnes sont attendues \u00e0 l\u2019Allianz Riviera pour assister \u00e0 cette rencontre de la 4e journ\u00e9e de Ligue Europa. Le match aura <strong>un impact sur le trafic routier<\/strong> aux alentours du stade et sur les transports en commun.<\/p>\n<p>Lignes de bus d\u00e9vi\u00e9es<\/p>\n<p class=\" wall-content\">En effet, les lignes de bus 17, 22, 59, EXP4, 90, 91 et 92 <strong>sont d\u00e9vi\u00e9es<\/strong> ce jeudi 6\u00a0novembre 2025. Des horaires sp\u00e9cifiques sont mis en place \u00e0 partir de 15h45 et ce jusqu\u2019\u00e0 la fin du service. Ligne par ligne, ils sont consultables sur le <a href=\"https:\/\/www.lignesdazur.com\/fr\/disruption?context=DisruptionDetail&amp;id=34766\" rel=\"nofollow noopener\" target=\"_blank\">site du r\u00e9seau Lignes d\u2019Azur<\/a>.<\/p>\n<p class=\" wall-content\">C\u00f4t\u00e9 tram, le service est aussi sp\u00e9cifique avec quelques modifications \u00e0 prendre en compte. Actuellement, des travaux sont effectu\u00e9s le soir sur la ligne 3 du tramway qui m\u00e8ne \u00e0 l\u2019Allianz Riviera. Le service <strong>sera bien effectif<\/strong> ce jeudi soir pour le match. Mais partiellement.<\/p>\n<p>Des stations de tram non desservies<\/p>\n<p class=\" wall-content\">\u00c0 la fin du match entre Nice et Fribourg, les d\u00e9parts <strong>sont assur\u00e9s<\/strong> depuis Saint-Isidore en direction de Port Lympia\u2009:<\/p>\n<ul class=\" wall-content\">\n<li>Les lignes 2 et 3 effectuent leur terminus \u00e0 la station Magnan<\/li>\n<li>La ligne 2 circule uniquement entre les stations A\u00e9roport Terminal 2 et Magnan<\/li>\n<li>La ligne 3 circule uniquement entre les stations Saint-Isidore et Magnan<\/li>\n<\/ul>\n<p>Votre r\u00e9gion, votre actu !<\/p>\n<p>Recevez chaque jour les infos qui comptent pour vous.<\/p>\n<p>\t<a href=\"https:\/\/actu.fr\/newsletter\" class=\"ac-btn ac-btn--corner ac-btn--medium ac-btn--blue800\" rel=\"nofollow noopener\" target=\"_blank\">S&rsquo;incrire<\/a><\/p>\n<p class=\" wall-content\">Les stations\u00a0Centre Universitaire M\u00e9diterran\u00e9en, Alsace-Lorraine, Jean M\u00e9decin, Durandy, Garibaldi \/ Le Ch\u00e2teau et Port Lympia ne sont pas desservies.<br \/>Des\u00a0bus de substitution\u00a0sont mis en place\u00a0entre Magnan et Port Lympia.<\/p>\n<p>Les Aiglons dos au mur<\/p>\n<p class=\" wall-content\">Sur le plan sportif, ce match est presque <strong>synonyme de derni\u00e8re chance<\/strong> pour les Ni\u00e7ois en Ligue Europa dans l\u2019optique d\u2019une qualification pour le tour suivant.<\/p>\n<p class=\" wall-content\">Avec trois d\u00e9faites subies en autant de rencontres disput\u00e9es, les joueurs de Franck Haise sont attendus au tournant face aux Allemands de Fribourg, qui comptent eux sept points sur neuf possibles. Une question d\u2019honneur apr\u00e8s une campagne d\u00e9j\u00e0 compl\u00e8tement rat\u00e9e l\u2019an dernier.<\/p>\n<p class=\" wall-content\">Personnalisez votre actualit\u00e9 en ajoutant vos villes et m\u00e9dias en favori avec <a href=\"https:\/\/moncompte.actu.fr\" title=\"D\u00e9couvez Mon Actu\" rel=\"nofollow noopener\" data-trk=\"{&quot;cta&quot;:{&quot;action&quot;:&quot;https:\\\/\\\/moncompte.actu.fr&quot;,&quot;category&quot;:&quot;mon compte&quot;,&quot;from&quot;:&quot;article footer&quot;,&quot;name&quot;:&quot;Mon actu&quot;,&quot;type&quot;:&quot;cta&quot;}}\" target=\"_blank\">Mon Actu<\/a>.<\/p>\n","protected":false},"excerpt":{"rendered":"Par Arthur Frand Publi\u00e9 le 5 nov. 2025 \u00e0 6h36 Attention, ce jeudi 4\u00a0novembre au soir, il faudra&hellip;\n","protected":false},"author":2,"featured_media":512889,"comment_status":"","ping_status":"","sticky":false,"template":"","format":"standard","meta":{"footnotes":""},"categories":[2819],"tags":[1111,11,3542,1777,674,1011,27,14554,12,2401,882,25,104,2803],"class_list":{"0":"post-512888","1":"post","2":"type-post","3":"status-publish","4":"format-standard","5":"has-post-thumbnail","7":"category-nice","8":"tag-actu","9":"tag-actualites","10":"tag-circulation","11":"tag-eu","12":"tag-europe","13":"tag-fr","14":"tag-france","15":"tag-lignes-dazur","16":"tag-news","17":"tag-nice","18":"tag-provence-alpes-cote-dazur","19":"tag-republique-francaise","20":"tag-societe","21":"tag-transport"},"share_on_mastodon":{"url":"https:\/\/pubeurope.com\/@fr\/115495647511708259","error":""},"_links":{"self":[{"href":"https:\/\/www.europesays.com\/fr\/wp-json\/wp\/v2\/posts\/512888","targetHints":{"allow":["GET"]}}],"collection":[{"href":"https:\/\/www.europesays.com\/fr\/wp-json\/wp\/v2\/posts"}],"about":[{"href":"https:\/\/www.europesays.com\/fr\/wp-json\/wp\/v2\/types\/post"}],"author":[{"embeddable":true,"href":"https:\/\/www.europesays.com\/fr\/wp-json\/wp\/v2\/users\/2"}],"replies":[{"embeddable":true,"href":"https:\/\/www.europesays.com\/fr\/wp-json\/wp\/v2\/comments?post=512888"}],"version-history":[{"count":0,"href":"https:\/\/www.europesays.com\/fr\/wp-json\/wp\/v2\/posts\/512888\/revisions"}],"wp:featuredmedia":[{"embeddable":true,"href":"https:\/\/www.europesays.com\/fr\/wp-json\/wp\/v2\/media\/512889"}],"wp:attachment":[{"href":"https:\/\/www.europesays.com\/fr\/wp-json\/wp\/v2\/media?parent=512888"}],"wp:term":[{"taxonomy":"category","embeddable":true,"href":"https:\/\/www.europesays.com\/fr\/wp-json\/wp\/v2\/categories?post=512888"},{"taxonomy":"post_tag","embeddable":true,"href":"https:\/\/www.europesays.com\/fr\/wp-json\/wp\/v2\/tags?post=512888"}],"curies":[{"name":"wp","href":"https:\/\/api.w.org\/{rel}","templated":true}]}}