{"id":512890,"date":"2025-11-05T06:22:01","date_gmt":"2025-11-05T06:22:01","guid":{"rendered":"https:\/\/www.europesays.com\/fr\/512890\/"},"modified":"2025-11-05T06:22:01","modified_gmt":"2025-11-05T06:22:01","slug":"une-page-se-tourne-a-lobservatoire-des-medias-de-luniversite-permanente-de-nantes","status":"publish","type":"post","link":"https:\/\/www.europesays.com\/fr\/512890\/","title":{"rendered":"Une page se tourne \u00e0 l\u2019Observatoire des m\u00e9dias de l\u2019Universit\u00e9 permanente de Nantes"},"content":{"rendered":"<p>Jean-Claude Charrier, qui a \u00e9t\u00e9 \u00e0 la t\u00eate de l\u2019Observatoire des m\u00e9dias depuis dix-huit ans, a laiss\u00e9 la place \u00e0 Bruno Ch\u00e9n\u00e9, le nouveau responsable de cette structure de l\u2019Universit\u00e9 permanente de Nantes (Loire-Atlantique).<\/p>\n<p><strong> <strong>Jean-Claude Charrier, vous avez pass\u00e9 dix-huit\u00a0ans \u00e0 la t\u00eate de l\u2019Observatoire des m\u00e9dias. Quel bilan tirez-vous\u00a0?<\/strong> <\/strong><\/p>\n<p>L\u2019Observatoire des m\u00e9dias a \u00e9t\u00e9 cr\u00e9\u00e9 en 2003 par Jean Amyot d\u2019Inville. Depuis 2006, avec une \u00e9quipe tr\u00e8s impliqu\u00e9e, j\u2019anime ce cycle de conf\u00e9rences, d\u2019abord au centre de communication de l\u2019Ouest puis, \u00e0 partir de 2017, <a href=\"https:\/\/saint-nazaire.maville.com\/actu\/actudet_-l-universite-permanente-fete-ses-50-ans-_8-7009924_actu.Htm\" target=\"_blank\" rel=\"noopener\">dans les locaux de l\u2019Universit\u00e9 permanente de Nantes.<\/a> Pendant cette p\u00e9riode, nous avons organis\u00e9 172\u00a0conf\u00e9rences et re\u00e7us 208\u00a0conf\u00e9renciers, des journalistes, des universitaires et des observateurs du monde des m\u00e9dias, avec le souci de comprendre les \u00e9volutions du monde m\u00e9diatique.<\/p>\n<p><strong> <strong>Sur cette longue p\u00e9riode, quelles sont les transformations que vous avez observ\u00e9es\u00a0?<\/strong> <\/strong><\/p>\n<p>Les m\u00e9dias ont connu d\u2019importants bouleversements\u00a0: l\u2019arriv\u00e9e du num\u00e9rique et des r\u00e9seaux sociaux, l\u2019importance pr\u00e9pond\u00e9rante des Gafa et, aujourd\u2019hui, l\u2019IA (intelligence artificielle). On remarque, dans toutes les enqu\u00eates, une perte de confiance envers les m\u00e9dias et les journalistes. C\u2019est la raison pour laquelle les journalistes doivent \u00eatre investis dans la production d\u2019une information de qualit\u00e9, qui participe au d\u00e9bat d\u00e9mocratique. C\u2019est l\u2019une des missions de l\u2019Universit\u00e9 permanente de mettre en avant la responsabilit\u00e9 des m\u00e9dias. Les conf\u00e9rences de l\u2019Observatoire connaissent un vrai succ\u00e8s, car elles correspondent aux attentes des auditeurs qui veulent \u00eatre, encore plus, des citoyens acteurs.<\/p>\n<p><strong> <strong>Bruno Ch\u00e9n\u00e9, vous prenez aujourd\u2019hui le relais \u00e0 la t\u00eate de l\u2019Observatoire des m\u00e9dias. Comment envisagez-vous cette nouvelle responsabilit\u00e9\u00a0?<\/strong> <\/strong><\/p>\n<p>Je suis un ancien journaliste de la presse \u00e9crite et j\u2019ai travaill\u00e9 ensuite au sein d\u2019une agence de communication. Je prends cette responsabilit\u00e9 comme un challenge, avec des enjeux, ceux de d\u00e9velopper l\u2019esprit d\u2019ouverture et l\u2019esprit critique.<\/p>\n<p><strong> <strong>Comment s\u2019annonce cette ann\u00e9e 2026-2027\u00a0?<\/strong> <\/strong><\/p>\n<p>Le programme a \u00e9t\u00e9 construit avec toute l\u2019\u00e9quipe de l\u2019Observatoire, avec des conf\u00e9renciers qui abordent des th\u00e9matiques tr\u00e8s diversifi\u00e9es. La premi\u00e8re conf\u00e9rence sera celle de Marie Drucker. Puis, nous accueillerons Fr\u00e9d\u00e9ric Encel, auteur d\u2019un ouvrage intitul\u00e9 La guerre mondiale n\u2019aura pas lieu. Ensuite, Laurent Joffrin s\u2019interrogera pour savoir si les m\u00e9dias sont des menteurs. Par la suite, nous aborderons le r\u00f4le de l\u2019Arcom dans la r\u00e9gulation audiovisuelle et les influences de l\u2019IA sur les m\u00e9dias.<\/p>\n<p>\u00a0<\/p>\n","protected":false},"excerpt":{"rendered":"Jean-Claude Charrier, qui a \u00e9t\u00e9 \u00e0 la t\u00eate de l\u2019Observatoire des m\u00e9dias depuis dix-huit ans, a laiss\u00e9 la&hellip;\n","protected":false},"author":2,"featured_media":512891,"comment_status":"","ping_status":"","sticky":false,"template":"","format":"standard","meta":{"footnotes":""},"categories":[2818],"tags":[1111,11,1777,674,1011,27,500,766,12,41658,8975,2636,30991,25,12710,5768],"class_list":{"0":"post-512890","1":"post","2":"type-post","3":"status-publish","4":"format-standard","5":"has-post-thumbnail","7":"category-nantes","8":"tag-actu","9":"tag-actualites","10":"tag-eu","11":"tag-europe","12":"tag-fr","13":"tag-france","14":"tag-medias","15":"tag-nantes","16":"tag-news","17":"tag-observatoire","18":"tag-page","19":"tag-pays-de-la-loire","20":"tag-permanente","21":"tag-republique-francaise","22":"tag-tourne","23":"tag-universite"},"share_on_mastodon":{"url":"","error":""},"_links":{"self":[{"href":"https:\/\/www.europesays.com\/fr\/wp-json\/wp\/v2\/posts\/512890","targetHints":{"allow":["GET"]}}],"collection":[{"href":"https:\/\/www.europesays.com\/fr\/wp-json\/wp\/v2\/posts"}],"about":[{"href":"https:\/\/www.europesays.com\/fr\/wp-json\/wp\/v2\/types\/post"}],"author":[{"embeddable":true,"href":"https:\/\/www.europesays.com\/fr\/wp-json\/wp\/v2\/users\/2"}],"replies":[{"embeddable":true,"href":"https:\/\/www.europesays.com\/fr\/wp-json\/wp\/v2\/comments?post=512890"}],"version-history":[{"count":0,"href":"https:\/\/www.europesays.com\/fr\/wp-json\/wp\/v2\/posts\/512890\/revisions"}],"wp:featuredmedia":[{"embeddable":true,"href":"https:\/\/www.europesays.com\/fr\/wp-json\/wp\/v2\/media\/512891"}],"wp:attachment":[{"href":"https:\/\/www.europesays.com\/fr\/wp-json\/wp\/v2\/media?parent=512890"}],"wp:term":[{"taxonomy":"category","embeddable":true,"href":"https:\/\/www.europesays.com\/fr\/wp-json\/wp\/v2\/categories?post=512890"},{"taxonomy":"post_tag","embeddable":true,"href":"https:\/\/www.europesays.com\/fr\/wp-json\/wp\/v2\/tags?post=512890"}],"curies":[{"name":"wp","href":"https:\/\/api.w.org\/{rel}","templated":true}]}}