{"id":512898,"date":"2025-11-05T06:26:11","date_gmt":"2025-11-05T06:26:11","guid":{"rendered":"https:\/\/www.europesays.com\/fr\/512898\/"},"modified":"2025-11-05T06:26:11","modified_gmt":"2025-11-05T06:26:11","slug":"voici-tout-ce-qui-bloque-le-marche-de-limmobilier-dentreprise","status":"publish","type":"post","link":"https:\/\/www.europesays.com\/fr\/512898\/","title":{"rendered":"voici tout ce qui bloque le march\u00e9 de l\u2019immobilier d\u2019entreprise"},"content":{"rendered":"<p>            Par<br \/>\n        <strong><br \/>\n            <a href=\"https:\/\/actu.fr\/auteur\/mareva-laville-actu-fr\" title=\"Consulter tous les articles de Mar\u00e9va Laville\" target=\"_blank\" rel=\"noopener\">Mar\u00e9va Laville<\/a><br \/>\n        <\/strong><\/p>\n<p>        Publi\u00e9 le<\/p>\n<p>            5 nov. 2025 \u00e0 7h12        <\/p>\n<p>M\u00eame les plus gros deviennent frileux. Et la conjoncture \u00e9conomique comme l\u2019instabilit\u00e9 politique n\u2019arrangent en rien leurs affaires. \u00c0 l\u2019aube de clore l\u2019ann\u00e9e 2025, la pr\u00e9sidente de l<strong>\u2019Observatoire toulousain de l\u2019immobilier d\u2019entreprise<\/strong> et directrice de la <strong>CBRE de Toulouse<\/strong>, <strong>\u00c9lodie Moine<\/strong>, a pr\u00e9sent\u00e9, en compagnie de <strong>Mathieu Galy<\/strong>, directeur de l\u2019investissement de cette <strong>agence immobili\u00e8re d\u2019entreprise<\/strong>, l\u2019\u00e9tat du march\u00e9 de bureaux et entreprise dans l\u2019aire urbaine de <a href=\"http:\/\/www.actu.fr\/toulouse\" target=\"_blank\" rel=\"noopener\">Toulouse<\/a>. Et il ne brille pas par sa sant\u00e9, bien que le march\u00e9 soit encore tr\u00e8s port\u00e9 par <strong>l\u2019a\u00e9ronautique <\/strong>et d\u2019autres secteurs d\u2019activit\u00e9 \u00ab\u2009qui gagnent de l\u2019\u00e9paisseur\u2009\u00bb \u00e0 Toulouse, comme le New space, le spatial ou encore la sant\u00e9 et la Live science \u00ab\u2009avec l\u2019\u00e9mergence de start-ups qui cherchent \u00e0 s\u2019implanter\u2009\u00bb. Explications.<\/p>\n<p>Les transactions en baisse<\/p>\n<p class=\" wall-content\">\u00ab\u2009Ce qui est inqui\u00e9tant, c\u2019est la <strong>baisse du nombre de transactions<\/strong> (105 en 2025 contre 177 l\u2019an pass\u00e9, NDLR)\u2009\u00bb, s\u2019alarme plut\u00f4t la pr\u00e9sidente de l\u2019Observatoire.<\/p>\n<p class=\" wall-content\">En 2024, on chiffrait 128\u2009000 m\u00b2 de demande plac\u00e9e (recherche de biens\/investissements ayant abouti, NDLR). Ces neuf derniers mois de 2025, on en d\u00e9nombre 90\u2009000 m\u00b2 \u2013 dont <strong>45\u2009% sont concentr\u00e9s par le <a href=\"https:\/\/actu.fr\/occitanie\/toulouse_31555\/toulouse-la-construction-du-gigantesque-technocentre-a-debute-ce-que-l-on-va-y-trouver_61710888.html\" target=\"_blank\" rel=\"noopener\">Technocentre de Toulouse M\u00e9tropole<\/a> dans le quartier d\u2019Atlanta et Sopra Steria \u00e0 Blagnac<\/strong> -.<\/p>\n<p>L\u2019offre de bureau augmente, sans acqu\u00e9reurs<\/p>\n<p class=\" wall-content\">Cons\u00e9quence, l\u2019aire urbaine de Toulouse se retrouve avec <strong>4,2\u2009% de bureaux vacants<\/strong> contre 3,9\u2009% l\u2019an pass\u00e9. Rien d\u2019alarmant. \u00ab\u2009C\u2019est l\u2019un des plus bas de France\u2009\u00bb, rassure Mathieu Galy, directeur de l\u2019investissement chez CBRE. Mais le mur pourrait-il approcher trop vite ?<\/p>\n<blockquote class=\"ac-article-quote wall-content\">\n<p>Soit, on va vers un march\u00e9 qui reprend du poil de la b\u00eate avec de la demande plus importante pour influencer les propri\u00e9taires \u00e0 faire des travaux. Soit, on va devoir scanner, et c&rsquo;est ce que l&rsquo;on fait d\u00e9j\u00e0, toutes les opportunit\u00e9s pour revaloriser les bureaux vacants en poursuite d&rsquo;usage ou pour tendre vers du changement de destination.<\/p>\n<p>    <strong> Elodie Moine<\/strong><br \/>\n        Pr\u00e9sidente de l&rsquo;Observatoire de l&rsquo;immobilier d&rsquo;entreprise de Toulouse    <\/p><\/blockquote>\n<p>Des prix \u00e0 augmenter pour attirer les investisseurs<\/p>\n<p class=\" wall-content\">Encore faut-il que les valeurs locatives sur l\u2019ancien augmentent et se remettent \u00e0 niveau pour absorber les travaux escompt\u00e9s. Aujourd\u2019hui, \u00e0 Toulouse, le <strong>loyer moyen HT sur l\u2019ancien<\/strong> va de <strong>95\u20ac le m2\/an<\/strong> dans le quartier le moins cher, Bordelongue, <strong>\u00e0 205\u20ac le m2\/an<\/strong> en centre-ville, contre 160\u20ac dans le neuf \u00e0 Lab\u00e8ge, pour le moins cher, et 270 \u20ac en p\u00e9riph\u00e9rie.<\/p>\n<p class=\" wall-content\">Des prix d\u00e9j\u00e0 d\u00e9risoires puisque sortir un immeuble de terre pour un loyer de 160\u20ac aujourd\u2019hui, entre les taux de rendement et les co\u00fbts de production, \u00ab\u2009c\u2019est presque impossible\u2009\u00bb.<\/p>\n<p>Votre r\u00e9gion, votre actu !<\/p>\n<p>Recevez chaque jour les infos qui comptent pour vous.<\/p>\n<p>\t<a href=\"https:\/\/actu.fr\/newsletter\" class=\"ac-btn ac-btn--corner ac-btn--medium ac-btn--blue800\" target=\"_blank\" rel=\"noopener\">S&rsquo;incrire<\/a><br \/>\nLa qu\u00eate du neuf avant tout<\/p>\n<p class=\" wall-content\">N\u0153ud du probl\u00e8me. Car les entreprises qui souhaitent installer leurs locaux \u00e0 Toulouse recherchent du neuf, et<strong> boudent l\u2019ancien<\/strong> qui ne r\u00e9pond pas aux nouveaux standards (hauteur sous plafond, espaces collaboratifs\u2026). Cette ann\u00e9e, sur les 207 000 m2 vacances, l<strong>\u2019offre de neuf disponible<\/strong> s\u2019affaiblit, et le stock de bureaux anciens gonfle.<\/p>\n<p class=\" wall-content\">\u00ab\u2009Il est en hypertrophie sur le nord-ouest\u2009\u00bb, dans la zone a\u00e9roportuaire, souligne \u00c9lodie Moine. M\u00eame le centre-ville, o\u00f9, historiquement, les vieux bureaux ont toujours trouv\u00e9 acqu\u00e9reur avant m\u00eame la date du d\u00e9m\u00e9nagement, conna\u00eet une p\u00e9riode difficile.<\/p>\n<blockquote class=\"ac-article-quote wall-content\">\n<p>Les utilisateurs pr\u00e9f\u00e8rent construire du neuf plut\u00f4t que d\u2019utiliser des immeubles qui ne correspondent pas aux standards.<\/p>\n<p>    <strong>Elodie Moine<\/strong>\n            <\/p><\/blockquote>\n<p>Des locaux d\u2019entreprise trop vieux<\/p>\n<p class=\" wall-content\">Dans le tr\u00e8s offrant <strong>quart nord-ouest<\/strong> de Toulouse, pas moins de <strong>85 000 m\u00b2 ne trouvent plus preneurs<\/strong> en partie pour cette raison. \u00ab\u2009Alors que certains immeubles pourraient faire l\u2019objet de transformation\u2009\u00bb, assure la pr\u00e9sidente de l\u2019Observatoire. Mais c\u2019est du cas par cas et c\u2019est loin d\u2019\u00eatre une formule magique.<\/p>\n<p>    <img   decoding=\"async\" loading=\"lazy\" src=\"https:\/\/www.europesays.com\/fr\/wp-content\/uploads\/2025\/11\/capture-decran-2025-11-04-180241-960x640.png\" alt=\"Les secteurs concentrant l'offre vacante \u00e0 Toulouse.\" width=\"960\" height=\"640\"\/><br \/>\n    Les secteurs concentrant l\u2019offre vacante \u00e0 Toulouse. (\u00a9Capture d\u2019\u00e9cran \/ CBRE)Le cercle vicieux des travaux dans l\u2019ancien<\/p>\n<p class=\" wall-content\">La r\u00e9ussite de ces projets de transformation de l\u2019ancien pour, soit r\u00e9pondre aux nouvelles attentes des entreprises, soit r\u00e9orienter la location de bureau vers du logement ou une autre formule, n\u2019est pas ais\u00e9e. \u00ab\u2009Elle d\u00e9pend de la localisation (attractive ou non), de l\u2019approbation des maires encore nombreux \u00e0 ne pas voir d\u2019un bon \u0153il la transformation de l\u2019outil productif en logement, et du volet financier\u2009\u00bb, assure la directrice de CBRE.<\/p>\n<p class=\" wall-content\">Transformer l\u2019ancien n\u00e9cessite des<strong> investissements cons\u00e9quents<\/strong>. Un immeuble de bureau, large de 18 m\u00e8tres, est difficilement configurable, en pi\u00e8ces de vie confortables. Le tout g\u00e9n\u00e8re une d\u00e9gradation de la valeur financi\u00e8re d\u2019origine \u00a0des immeubles.<\/p>\n<p class=\" wall-content\">La meilleure fa\u00e7on, sous-entendue <strong>la plus rentable, est de changer de propri\u00e9taire.<\/strong> Mais \u00ab\u2009les co\u00fbts de travaux pour les promoteurs reviennent \u00e0 quasiment aussi cher que construire un immeuble neuf\u2009\u00bb, \u00e9taye <strong>Mathieu Galy<\/strong>, professionnel de l\u2019investissement.<\/p>\n<p>De moins en moins de neuf \u00e0 venir<\/p>\n<p class=\" wall-content\">Oui, mais voil\u00e0. Le neuf n\u2019a pas non plus un bel avenir. Si avant le Covid, les investisseurs n\u2019h\u00e9sitaient pas \u00e0 prendre des risques, depuis, il est hors de question de construire si le taux de pr\u00e9-commercialisation n\u2019est pas \u00e9lev\u00e9 et si le taux de rendement de 6\u2009% n\u2019est pas assur\u00e9. Le d\u00e9j\u00e0 construit attire davantage, pour louer au plus vite. \u00ab\u2009C\u2019est<strong> probl\u00e9matique pour l\u2019avenir du neuf\u2009\u00bb<\/strong>, alerte Mathieu Galy.<\/p>\n<p class=\" wall-content\"><strong>Investir dans l\u2019immobilier ne vaut plus de l\u2019or<\/strong> comme avant, compar\u00e9 aux taux de pr\u00eats \u00e0 l\u2019\u00c9tat (valeur de r\u00e9f\u00e9rence dans l\u2019investissement, NDLR).<\/p>\n<p>20\u2009% de l\u2019offre vacante est obsol\u00e8te \u00e0 Toulouse<\/p>\n<p class=\" wall-content\"><strong>L\u2019enjeu du recyclage urbain<\/strong> pour les immeubles des ann\u00e9es 80-90 arrivant \u00e0 obsolescence est donc fort. <strong>\u00ab\u2009Sur les 165\u2009000 m\u00b2 de bureaux anciens vacants <\/strong>\u00a0en 2024 dans l\u2019aire urbaine de Toulouse, \u00e7a repr\u00e9sente<strong> environ 20\u2009%<\/strong>.\u2009\u00bb Certains tentent d\u00e9j\u00e0 des op\u00e9rations. Du c\u00f4t\u00e9 de Blagnac,<a href=\"https:\/\/actu.fr\/occitanie\/blagnac_31069\/pres-de-toulouse-un-immeuble-de-6-etages-a-la-place-d-un-batiment-airbus-quel-est-ce-projet-qui-inquiete_61956157.html\" target=\"_blank\" rel=\"noopener\"> l\u2019ancien site d\u2019Airbus Periport<\/a> a pour projet de concilier coliving et coworking. Mais le projet demeure <a href=\"https:\/\/actu.fr\/occitanie\/blagnac_31069\/pres-de-toulouse-le-maire-met-un-coup-de-frein-au-projet-immobilier-sur-l-ancien-d-airbus-periport_62358634.html\" target=\"_blank\" rel=\"noopener\">bloqu\u00e9 par la mairie et la r\u00e9ticence des riverains proches<\/a>.<\/p>\n<p class=\" wall-content\">L\u2019exemple parfait se trouve non loin. La soci\u00e9t\u00e9 a\u00e9ronautique <a href=\"https:\/\/actu.fr\/occitanie\/blagnac_31069\/toulouse-ce-groupe-recrute-450-collaborateurs-dans-l-aeronautique-lors-d-une-experience-immersive_54454745.html\" target=\"_blank\" rel=\"noopener\">Sopra Steria<\/a>, \u00e0 Blagnac, a optimis\u00e9 et refait \u00e0 neuf son b\u00e2timent vieux d\u2019une trentaine d\u2019ann\u00e9es. Idem pour l\u2019immeuble La Galaxia, pr\u00e8s de l\u2019a\u00e9roport, qui a \u00e9t\u00e9 r\u00e9habilit\u00e9 avec un espace hybride caf\u00e9-r\u00e9union, etc.<\/p>\n<p class=\" wall-content\">\u00ab\u2009<strong>Les grandes entreprises ont les moyens de s\u2019adapter et de s\u2019organiser en situation de crise<\/strong>. Elles ont l\u2019agilit\u00e9 de bouger pour r\u00e9pondre aux enjeux.\u2009\u00bb Les autres comptent sur une \u00e9volution du march\u00e9 de l\u2019investissement qui leur serait plus favorable. Et l\u2019arriv\u00e9e de la nouvelle <a href=\"https:\/\/actu.fr\/tag\/ligne-c-du-metro-de-toulouse\" target=\"_blank\" rel=\"noopener\">ligne C de m\u00e9tro, en 2028,<\/a> pour occuper les bureaux vacants notamment de la ZAC <a href=\"https:\/\/actu.fr\/occitanie\/labege_31254\/avec-l-arrivee-du-metro-cette-commune-pres-de-toulouse-va-connaitre-de-profondes-mutations_61536766.html\" target=\"_blank\" rel=\"noopener\">Enova Lab\u00e8ge<\/a> et Parc Canal.<\/p>\n<p class=\" wall-content\">Personnalisez votre actualit\u00e9 en ajoutant vos villes et m\u00e9dias en favori avec <a href=\"https:\/\/moncompte.actu.fr\" title=\"D\u00e9couvez Mon Actu\" rel=\"nofollow noopener\" data-trk=\"{&quot;cta&quot;:{&quot;action&quot;:&quot;https:\\\/\\\/moncompte.actu.fr&quot;,&quot;category&quot;:&quot;mon compte&quot;,&quot;from&quot;:&quot;article footer&quot;,&quot;name&quot;:&quot;Mon actu&quot;,&quot;type&quot;:&quot;cta&quot;}}\" target=\"_blank\">Mon Actu<\/a>.<\/p>\n","protected":false},"excerpt":{"rendered":"Par Mar\u00e9va Laville Publi\u00e9 le 5 nov. 2025 \u00e0 7h12 M\u00eame les plus gros deviennent frileux. Et la&hellip;\n","protected":false},"author":2,"featured_media":512899,"comment_status":"","ping_status":"","sticky":false,"template":"","format":"standard","meta":{"footnotes":""},"categories":[2816],"tags":[1111,11,296,33,1777,674,1011,27,1116,12,2680,25,2312],"class_list":{"0":"post-512898","1":"post","2":"type-post","3":"status-publish","4":"format-standard","5":"has-post-thumbnail","7":"category-toulouse","8":"tag-actu","9":"tag-actualites","10":"tag-aeronautique","11":"tag-economie","12":"tag-eu","13":"tag-europe","14":"tag-fr","15":"tag-france","16":"tag-immobilier","17":"tag-news","18":"tag-occitanie","19":"tag-republique-francaise","20":"tag-toulouse"},"share_on_mastodon":{"url":"https:\/\/pubeurope.com\/@fr\/115495671364682402","error":""},"_links":{"self":[{"href":"https:\/\/www.europesays.com\/fr\/wp-json\/wp\/v2\/posts\/512898","targetHints":{"allow":["GET"]}}],"collection":[{"href":"https:\/\/www.europesays.com\/fr\/wp-json\/wp\/v2\/posts"}],"about":[{"href":"https:\/\/www.europesays.com\/fr\/wp-json\/wp\/v2\/types\/post"}],"author":[{"embeddable":true,"href":"https:\/\/www.europesays.com\/fr\/wp-json\/wp\/v2\/users\/2"}],"replies":[{"embeddable":true,"href":"https:\/\/www.europesays.com\/fr\/wp-json\/wp\/v2\/comments?post=512898"}],"version-history":[{"count":0,"href":"https:\/\/www.europesays.com\/fr\/wp-json\/wp\/v2\/posts\/512898\/revisions"}],"wp:featuredmedia":[{"embeddable":true,"href":"https:\/\/www.europesays.com\/fr\/wp-json\/wp\/v2\/media\/512899"}],"wp:attachment":[{"href":"https:\/\/www.europesays.com\/fr\/wp-json\/wp\/v2\/media?parent=512898"}],"wp:term":[{"taxonomy":"category","embeddable":true,"href":"https:\/\/www.europesays.com\/fr\/wp-json\/wp\/v2\/categories?post=512898"},{"taxonomy":"post_tag","embeddable":true,"href":"https:\/\/www.europesays.com\/fr\/wp-json\/wp\/v2\/tags?post=512898"}],"curies":[{"name":"wp","href":"https:\/\/api.w.org\/{rel}","templated":true}]}}