{"id":512906,"date":"2025-11-05T06:31:12","date_gmt":"2025-11-05T06:31:12","guid":{"rendered":"https:\/\/www.europesays.com\/fr\/512906\/"},"modified":"2025-11-05T06:31:12","modified_gmt":"2025-11-05T06:31:12","slug":"lhalterophilie-club-de-marseille-perpetue-une-tradition-centenaire","status":"publish","type":"post","link":"https:\/\/www.europesays.com\/fr\/512906\/","title":{"rendered":"L&rsquo;Halt\u00e9rophilie Club de Marseille perp\u00e9tue une tradition centenaire"},"content":{"rendered":"<p>Avec une centaine d&rsquo;adh\u00e9rents, l&rsquo;Halt\u00e9rophilie Club Marseille est bien plus qu&rsquo;une simple salle de sport\u00a0: c&rsquo;est une\u00a0famille de passionn\u00e9s. <a href=\"https:\/\/www.laprovence.com\/article\/sports\/69478422271445\/halterophilie-igor-manfrin-le-provencal-qui-souleve-des-montagnes\" target=\"_blank\" rel=\"noopener\">Unique club d&rsquo;halt\u00e9rophilie de la ville<\/a>, la structure ne cesse de se d\u00e9velopper. Cette saison, elle franchit un cap important en accueillant la cat\u00e9gorie handisport. Un espace sant\u00e9 est \u00e9galement propos\u00e9 afin d&rsquo;offrir des cours adapt\u00e9s \u00e0 tous les \u00e2ges et ax\u00e9s sur le bien-\u00eatre.<\/p>\n<p>Des r\u00e9sultats encourageants<\/p>\n<p>Pourtant, cette discipline reste m\u00e9connue. \u00ab\u00a0Le corps m\u00e9dical ne vante pas assez les m\u00e9rites de ce sport par manque de connaissances, car contrairement aux id\u00e9es re\u00e7ues, l&rsquo;halt\u00e9rophilie ne se r\u00e9sume pas \u00e0 soulever des charges lourdes. Elle enseigne le positionnement du dos, l&rsquo;\u00e9quilibre et la patience. C&rsquo;est un excellent rem\u00e8de pour les maux de dos dont souffrent de plus en plus les jeunes\u00a0\u00bb, souligne<a href=\"https:\/\/www.laprovence.com\/article\/sports\/2681366077778815\/halterophilie-montrer-qu-on-est-accessibles-qu-on-est-pas-des-sauvages-pour-jackie-tagliasco-baget\" target=\"_blank\" rel=\"noopener\"> Jackie Tagliasco<\/a>, elle-m\u00eame ancienne comp\u00e9titrice.<\/p>\n<p>Sur le plan sportif, le club collectionne les titres.<\/p>\n<p>Lors du premier tour des Nationaux par \u00e9quipes, les hommes emmen\u00e9s par Bogdan Tokar ont termin\u00e9 3es \u00e0 Laneuveville-devant-Nancy. L&rsquo;\u00e9quipe f\u00e9minine a d\u00e9croch\u00e9 \u00e9galement une belle 3e place, \u00e0 Haguenau. Le club pr\u00e9pare maintenant le 2e tour qui se d\u00e9roulera \u00e0 domicile, le 15 novembre. Un \u00e9v\u00e9nement, qui accueillera les \u00e9quipes de Reims HM, Stade Saint-Lois, Cachan HM et CH Arbresle.<\/p>\n","protected":false},"excerpt":{"rendered":"Avec une centaine d&rsquo;adh\u00e9rents, l&rsquo;Halt\u00e9rophilie Club Marseille est bien plus qu&rsquo;une simple salle de sport\u00a0: c&rsquo;est une\u00a0famille de&hellip;\n","protected":false},"author":2,"featured_media":512907,"comment_status":"","ping_status":"","sticky":false,"template":"","format":"standard","meta":{"footnotes":""},"categories":[2814],"tags":[17,1111,11,12360,5244,1777,674,1011,27,63380,884,12,63381,882,25,60,20348,96],"class_list":{"0":"post-512906","1":"post","2":"type-post","3":"status-publish","4":"format-standard","5":"has-post-thumbnail","7":"category-marseille","8":"tag-17","9":"tag-actu","10":"tag-actualites","11":"tag-centenaire","12":"tag-club","13":"tag-eu","14":"tag-europe","15":"tag-fr","16":"tag-france","17":"tag-lhalterophilie","18":"tag-marseille","19":"tag-news","20":"tag-perpetue","21":"tag-provence-alpes-cote-dazur","22":"tag-republique-francaise","23":"tag-sports","24":"tag-tradition","25":"tag-une"},"share_on_mastodon":{"url":"https:\/\/pubeurope.com\/@fr\/115495690840291299","error":""},"_links":{"self":[{"href":"https:\/\/www.europesays.com\/fr\/wp-json\/wp\/v2\/posts\/512906","targetHints":{"allow":["GET"]}}],"collection":[{"href":"https:\/\/www.europesays.com\/fr\/wp-json\/wp\/v2\/posts"}],"about":[{"href":"https:\/\/www.europesays.com\/fr\/wp-json\/wp\/v2\/types\/post"}],"author":[{"embeddable":true,"href":"https:\/\/www.europesays.com\/fr\/wp-json\/wp\/v2\/users\/2"}],"replies":[{"embeddable":true,"href":"https:\/\/www.europesays.com\/fr\/wp-json\/wp\/v2\/comments?post=512906"}],"version-history":[{"count":0,"href":"https:\/\/www.europesays.com\/fr\/wp-json\/wp\/v2\/posts\/512906\/revisions"}],"wp:featuredmedia":[{"embeddable":true,"href":"https:\/\/www.europesays.com\/fr\/wp-json\/wp\/v2\/media\/512907"}],"wp:attachment":[{"href":"https:\/\/www.europesays.com\/fr\/wp-json\/wp\/v2\/media?parent=512906"}],"wp:term":[{"taxonomy":"category","embeddable":true,"href":"https:\/\/www.europesays.com\/fr\/wp-json\/wp\/v2\/categories?post=512906"},{"taxonomy":"post_tag","embeddable":true,"href":"https:\/\/www.europesays.com\/fr\/wp-json\/wp\/v2\/tags?post=512906"}],"curies":[{"name":"wp","href":"https:\/\/api.w.org\/{rel}","templated":true}]}}