{"id":512908,"date":"2025-11-05T06:32:12","date_gmt":"2025-11-05T06:32:12","guid":{"rendered":"https:\/\/www.europesays.com\/fr\/512908\/"},"modified":"2025-11-05T06:32:12","modified_gmt":"2025-11-05T06:32:12","slug":"cest-quoi-le-teckel-day-cette-journee-imaginee-par-une-lyonnaise-passionnee-par-les-chiens","status":"publish","type":"post","link":"https:\/\/www.europesays.com\/fr\/512908\/","title":{"rendered":"C\u2019est quoi le Teckel Day, cette journ\u00e9e imagin\u00e9e par une Lyonnaise passionn\u00e9e par les chiens\u00a0?"},"content":{"rendered":"<p itemprop=\"description\"><strong>\u00c9galement appel\u00e9 \u00ab\u00a0chien-saucisse\u00a0\u00bb, le teckel sera \u00e0 l\u2019honneur ce samedi \u00e0 Lyon.<\/strong><\/p>\n<p>Si vous avez un teckel, l\u2019information qui suit pourrait vous int\u00e9resser ou dans tous les cas vous faire sourire. Une journ\u00e9e d\u00e9di\u00e9e aux teckels se pr\u00e9pare \u00e0 Lyon. Le Teckel Day se d\u00e9roulera en effet ce samedi \u00e0 l\u2019initiative de <strong>Juliette<\/strong>, la fondatrice de Brigand, un concept-store d\u00e9di\u00e9 aux chiens \u00e0 Lyon depuis maintenant plus d\u2019un an et demi. \u00ab\u00a0Une ouverture qui fait suite \u00e0 ma passion pour le chien et l\u2019envie de cr\u00e9er un lieu \u00e0 mon image, et surtout moderne dans le milieu du chien\u00a0\u00bb, tient-elle \u00e0 expliquer.<\/p>\n<p>\u00ab\u00a0On a envie aujourd\u2019hui de se d\u00e9velopper et de cr\u00e9er des \u00e9v\u00e8nements qui ont du sens pour nous\u00a0\u00bb, poursuit Juliette. L\u2019entrepreneuse a donc l\u2019id\u00e9e d\u2019imaginer des journ\u00e9es d\u00e9di\u00e9es \u00e0 des races pr\u00e9cises. Pour la premi\u00e8re de ce projet, le cocker fut \u00e0 l\u2019honneur le 4 octobre dernier avec au bout\u00a0\u00ab\u00a0un succ\u00e8s assez fou \u00bb. \u00ab\u00a0On a ador\u00e9 participer \u00e0 cette journ\u00e9e qui a permis de cr\u00e9er du lien sur les m\u00eames sujets autour de cette passion pour les chiens\u00a0\u00bb, insiste la fondatrice de Brigand.<\/p>\n<p>Apr\u00e8s les cockers, ce sont donc les teckels qui auront leur journ\u00e9e d\u00e9di\u00e9e \u00e0 Lyon ce samedi 8 novembre de 10h \u00e0 17h. Au programme notamment : une balade de teckels le long des quais de Sa\u00f4ne au d\u00e9part de la Passerelle du Palais de Justice \u00e0 9h30 afin de rejoindre le lieu du festival qui n\u2019est autre que le Caillou Caf\u00e9 Comptoir dans le 5e arrondissement.<\/p>\n<p>Sur place, les visiteurs pourront retrouver une s\u00e9lection d\u00e9co, lifestyle ou encore mode tourn\u00e9e autour du teckel imagin\u00e9e par la boutique lyonnaise Maison Math\u00fbvu. \u00ab\u00a0A chaque fois, on essaye de trouver des partenaires ayant une sp\u00e9cialit\u00e9 avec chaque race\u00a0\u00bb, explique Juliette. Des conf\u00e9rences d\u2019ost\u00e9opathie canine cibl\u00e9es et des d\u00e9gustations de hot-dogs maison sont \u00e9galement pr\u00e9vues pour ce Teckel Day.<\/p>\n<p>\u00ab\u00a0Pas besoin d\u2019avoir un teckel pour venir\u00a0\u00bb, pr\u00e9vient l\u2019organisatrice de l\u2019\u00e9v\u00e8nement. \u00ab\u00a0Juste les adorer suffit. On ne refusera aucun chien \u00e0 l\u2019entr\u00e9e. L\u2019id\u00e9e est aussi de remettre le chien au c\u0153ur de la vie lyonnaise et de promouvoir le c\u00f4t\u00e9 dog friendly\u00a0\u00bb, ajoute-t-elle dans un sourire.<\/p>\n<p>D\u2019autres journ\u00e9es devraient voir le jour avec cette fois-ci \u00e0 l\u2019honneur le corgi, le golden retriever ou encore le berger australien.<\/p>\n<p><strong>A.D.<\/strong><\/p>\n<blockquote class=\"instagram-media\" style=\"background: #FFF; border: 0; border-radius: 3px; box-shadow: 0 0 1px 0 rgba(0,0,0,0.5),0 1px 10px 0 rgba(0,0,0,0.15); margin: 1px; max-width: 540px; min-width: 326px; padding: 0; width: calc(100% - 2px);\" data-instgrm-captioned=\"\" data-instgrm-permalink=\"https:\/\/www.instagram.com\/p\/DQRFrvuDEM4\/?utm_source=ig_embed&amp;utm_campaign=loading\" data-instgrm-version=\"14\"><p>&#13;<br \/>\n&#13;\n<\/p><\/blockquote>\n<p>\t\t  <script async src=\"\/\/www.instagram.com\/embed.js\"><\/script><\/p>\n","protected":false},"excerpt":{"rendered":"\u00c9galement appel\u00e9 \u00ab\u00a0chien-saucisse\u00a0\u00bb, le teckel sera \u00e0 l\u2019honneur ce samedi \u00e0 Lyon. Si vous avez un teckel, l\u2019information&hellip;\n","protected":false},"author":2,"featured_media":512909,"comment_status":"","ping_status":"","sticky":false,"template":"","format":"standard","meta":{"footnotes":""},"categories":[1889],"tags":[1111,11,2813,2190,2430,1109,251,1112,2811,1777,674,118,1294,4651,1011,27,1922,1110,1114,2428,4903,4902,12,241,316,25,2812,517,800],"class_list":{"0":"post-512908","1":"post","2":"type-post","3":"status-publish","4":"format-standard","5":"has-post-thumbnail","7":"category-lyon","8":"tag-actu","9":"tag-actualites","10":"tag-article","11":"tag-asvel","12":"tag-auvergne-rhone-alpes","13":"tag-breves","14":"tag-culture","15":"tag-depeches","16":"tag-economique","17":"tag-eu","18":"tag-europe","19":"tag-faits-divers","20":"tag-femme","21":"tag-femmes","22":"tag-fr","23":"tag-france","24":"tag-info","25":"tag-informations","26":"tag-infos","27":"tag-lyon","28":"tag-lyonfemme","29":"tag-lyonfemmes","30":"tag-news","31":"tag-ol","32":"tag-politique","33":"tag-republique-francaise","34":"tag-sociale","35":"tag-sport","36":"tag-transports"},"share_on_mastodon":{"url":"https:\/\/pubeurope.com\/@fr\/115495694726835107","error":""},"_links":{"self":[{"href":"https:\/\/www.europesays.com\/fr\/wp-json\/wp\/v2\/posts\/512908","targetHints":{"allow":["GET"]}}],"collection":[{"href":"https:\/\/www.europesays.com\/fr\/wp-json\/wp\/v2\/posts"}],"about":[{"href":"https:\/\/www.europesays.com\/fr\/wp-json\/wp\/v2\/types\/post"}],"author":[{"embeddable":true,"href":"https:\/\/www.europesays.com\/fr\/wp-json\/wp\/v2\/users\/2"}],"replies":[{"embeddable":true,"href":"https:\/\/www.europesays.com\/fr\/wp-json\/wp\/v2\/comments?post=512908"}],"version-history":[{"count":0,"href":"https:\/\/www.europesays.com\/fr\/wp-json\/wp\/v2\/posts\/512908\/revisions"}],"wp:featuredmedia":[{"embeddable":true,"href":"https:\/\/www.europesays.com\/fr\/wp-json\/wp\/v2\/media\/512909"}],"wp:attachment":[{"href":"https:\/\/www.europesays.com\/fr\/wp-json\/wp\/v2\/media?parent=512908"}],"wp:term":[{"taxonomy":"category","embeddable":true,"href":"https:\/\/www.europesays.com\/fr\/wp-json\/wp\/v2\/categories?post=512908"},{"taxonomy":"post_tag","embeddable":true,"href":"https:\/\/www.europesays.com\/fr\/wp-json\/wp\/v2\/tags?post=512908"}],"curies":[{"name":"wp","href":"https:\/\/api.w.org\/{rel}","templated":true}]}}