{"id":512913,"date":"2025-11-05T06:36:12","date_gmt":"2025-11-05T06:36:12","guid":{"rendered":"https:\/\/www.europesays.com\/fr\/512913\/"},"modified":"2025-11-05T06:36:12","modified_gmt":"2025-11-05T06:36:12","slug":"lex-proprietaire-du-bataclan-ne-veut-pas-rendre-la-petite-fille-triste-de-banksy","status":"publish","type":"post","link":"https:\/\/www.europesays.com\/fr\/512913\/","title":{"rendered":"l&rsquo;ex-propri\u00e9taire du Bataclan ne veut pas rendre \u00ab\u00a0la petite fille triste\u00a0\u00bb de Banksy"},"content":{"rendered":"<p>            Par<br \/>\n        <strong><br \/>\n            <a href=\"https:\/\/actu.fr\/auteur\/ines-cussac-actu-fr\" title=\"Consulter tous les articles de In\u00e8s Cussac\" rel=\"nofollow noopener\" target=\"_blank\">In\u00e8s Cussac<\/a><br \/>\n        <\/strong><\/p>\n<p>        Publi\u00e9 le<\/p>\n<p>            5 nov. 2025 \u00e0 6h50        <\/p>\n<p>Dans dix jours sonneront les dix ans des attentats du 13\u00a0novembre 2015. Alors que les Parisiens s\u2019appr\u00eatent \u00e0 <a href=\"https:\/\/actu.fr\/ile-de-france\/paris_75056\/dix-ans-des-attentats-du-13-novembre-a-paris-tout-ce-qu-il-faut-savoir-sur-la-ceremonie-de-commemoration_63367609.html\" rel=\"nofollow noopener\" target=\"_blank\">comm\u00e9morer l\u2019un des jours les plus sombres de l\u2019histoire<\/a> de la capitale, une question reste en suspens\u2009: o\u00f9 est la \u00ab\u2009jeune fille triste\u2009\u00bb de Banksy\u2009? L\u2019\u0153uvre du street artiste britannique r\u00e9alis\u00e9e sur l\u2019une des portes du Bataclan en hommage aux victimes <a href=\"https:\/\/actu.fr\/ile-de-france\/paris_75056\/bataclan-vol-dune-oeuvre-banksy-hommage-victimes-13-novembre-2015_21095329.html\" rel=\"nofollow noopener\" target=\"_blank\">avait \u00e9t\u00e9 vol\u00e9e en 2019<\/a>. Finalement <a href=\"https:\/\/actu.fr\/ile-de-france\/paris_75056\/l-italie-restitue-l-oeuvre-de-banksy-en-hommage-aux-victimes-du-bataclan-a-la-france_34941401.html\" rel=\"nofollow noopener\" target=\"_blank\">retrouv\u00e9e en Italie<\/a>, elle avait ensuite fait l\u2019objet <strong>d\u2019une longue bataille judiciaire<\/strong> entre la Ville de Paris et la famille propri\u00e9taire des murs.<\/p>\n<p class=\" wall-content\">\u00ab\u2009[Avec les ex-otages], on est tous sur la m\u00eame ligne. On \u00e9tait triste quand elle a disparu et soulag\u00e9e <a href=\"https:\/\/actu.fr\/ile-de-france\/paris_75056\/vol-d-un-banksy-au-bataclan-a-paris-jusqu-a-deux-ans-de-prison-ferme-pour-les-voleurs_51986892.html\" rel=\"nofollow noopener\" target=\"_blank\">quand elle a \u00e9t\u00e9 retrouv\u00e9e<\/a>\u2009\u00bb, se souvient Arthur D\u00e9nouveaux, le pr\u00e9sident de l\u2019association \u00ab\u2009Paris For Life\u2009\u00bb et rescap\u00e9 du Bataclan. Malgr\u00e9 la trouvaille du pochoir de Banksy et son rapatriement dans l\u2019Hexagone, il n\u2019a pas \u00e9t\u00e9 remis \u00e0 sa place ni rendu visible au public. \u00ab\u2009Cette \u0153uvre est un symbole malheureusement <strong>elle est toujours inaccessible<\/strong>\u2009\u00bb, regrette Arthur D\u00e9nouveaux.<\/p>\n<p>La porte retrouv\u00e9e en Italie<\/p>\n<p class=\" wall-content\">Pour comprendre la situation, il faut rembobiner. Nous sommes \u00e0 la fin du mois de juin\u00a02018. Dix \u0153uvres du street artiste britannique Banksy viennent d\u2019\u00eatre rep\u00e9r\u00e9es ici et l\u00e0, aux quatre coins de Paris. Pour <strong>sa premi\u00e8re incursion dans la capitale<\/strong>, le c\u00e9l\u00e8bre graffeur a utilis\u00e9 ses pochoirs pour d\u00e9noncer, faire rire et rendre hommage. Ainsi, la politique migratoire de la France est point\u00e9e du doigt, des petits rats raillent les Parisiens et une fillette fantomatique \u00e0 la t\u00eate baiss\u00e9e et au mouchoir en main rend hommage aux victimes du 13-Novembre. Mais les \u0153uvres sont rapidement d\u00e9t\u00e9rior\u00e9es, recouvertes de peinture ou arrach\u00e9es. Comme une pr\u00e9diction de l\u2019\u00e9v\u00e9nement \u00e0 suivre\u2009: dans la nuit du 25 au 26\u00a0janvier 2019, la \u00ab\u2009jeune fille triste\u2009\u00bb qui gardait l\u2019issue de secours du Bataclan <strong>est vol\u00e9e<\/strong> mais finalement retrouv\u00e9e un an et demi plus tard en Italie.<\/p>\n<p class=\" wall-content\">Durant les ann\u00e9es qui ont suivi, la mairie de Paris s\u2019est oppos\u00e9e \u00e0 la famille propri\u00e9taire de la salle de concert en tant qu\u2019actionnaire majoritaire de la soci\u00e9t\u00e9 exploitant le Bataclan. Pour la Ville, la peinture de Banksy \u00e9tait devenue une \u0153uvre <strong>d\u2019utilit\u00e9 publique<\/strong> \u00e0 prot\u00e9ger. Notamment pour ne pas \u00ab\u2009priver les victimes du Bataclan d\u2019un morceau de leur m\u00e9moire\u2009\u00bb. Plusieurs d\u2019entre elles avaient emprunt\u00e9 cette porte pour quitter les lieux au moment de la fusillade. Mais en mars 2024, la Cour de cassation a finalement tranch\u00e9 en faveur des propri\u00e9taires de l\u2019immeuble. La municipalit\u00e9 disposait alors de dix jours pour faire appel de la d\u00e9cision. En d\u00e9passant le d\u00e9lai de 24 heures, la Ville de Paris a ainsi loup\u00e9 l\u2019ultime occasion de s\u2019approprier l\u2019\u0153uvre, risquant ainsi sa mise en vente.<\/p>\n<p>Rendre l\u2019\u0153uvre au public<\/p>\n<p class=\" wall-content\">Dix ans apr\u00e8s les attentats de Paris, ayant fait 130 morts et 413 bless\u00e9s, l\u2019\u0153uvre m\u00e9morielle de Banksy n\u2019a jamais \u00e9t\u00e9 remise \u00e0 sa place. \u00ab\u00a0Je ne suis pas Banksy mais enfin, il me semble qu\u2019il voulait quand m\u00eame <strong>rendre hommage aux victimes<\/strong> dans un espace public, o\u00f9 du moins un espace accessible au public\u00a0\u00bb, souligne Arthur D\u00e9nouveaux qui propose d\u2019exposer cette \u0153uvre dans un mus\u00e9e afin que tout le monde puisse en profiter. \u00ab\u00a0Au Mus\u00e9e-m\u00e9morial du terrorisme, au mus\u00e9e Carnavalet\u2026 Il faut qu\u2019elle soit montr\u00e9e\u00a0\u00bb, liste l\u2019auteur de \u00ab\u00a0Vivre apr\u00e8s de Bataclan (aux Editions du Cerf).<\/p>\n<p class=\" wall-content\">Bien s\u00fbr, Arthur D\u00e9nouveaux reconna\u00eet la vuln\u00e9rabilit\u00e9 d\u2019une \u0153uvre de street art. \u00ab\u2009Mais c\u2019est aussi initialement un bien commun\u2009\u00bb, rappelle-t-il. \u00ab\u2009La justice a d\u00e9cid\u00e9 qu\u2019elle avait un propri\u00e9taire mais je ne pense que ce soit suffisant. Il faudrait qu\u2019elle soit expos\u00e9e dans un \u00e9tablissement, que quelqu\u2019un s\u2019en empare <strong>pour la rendre au public<\/strong>\u2009\u00bb, propose-t-il.<\/p>\n<p class=\" wall-content\">Personnalisez votre actualit\u00e9 en ajoutant vos villes et m\u00e9dias en favori avec <a href=\"https:\/\/moncompte.actu.fr\" title=\"D\u00e9couvez Mon Actu\" rel=\"nofollow noopener\" data-trk=\"{&quot;cta&quot;:{&quot;action&quot;:&quot;https:\\\/\\\/moncompte.actu.fr&quot;,&quot;category&quot;:&quot;mon compte&quot;,&quot;from&quot;:&quot;article footer&quot;,&quot;name&quot;:&quot;Mon actu&quot;,&quot;type&quot;:&quot;cta&quot;}}\" target=\"_blank\">Mon Actu<\/a>.<\/p>\n","protected":false},"excerpt":{"rendered":"Par In\u00e8s Cussac Publi\u00e9 le 5 nov. 2025 \u00e0 6h50 Dans dix jours sonneront les dix ans des&hellip;\n","protected":false},"author":2,"featured_media":512914,"comment_status":"","ping_status":"","sticky":false,"template":"","format":"standard","meta":{"footnotes":""},"categories":[1888],"tags":[1111,1928,11,1927,18543,1777,674,1011,27,12,1926,626,1925,2551,25,104,7189],"class_list":{"0":"post-512913","1":"post","2":"type-post","3":"status-publish","4":"format-standard","5":"has-post-thumbnail","7":"category-paris","8":"tag-actu","9":"tag-actu-paris","10":"tag-actualites","11":"tag-actualites-paris","12":"tag-bataclan","13":"tag-eu","14":"tag-europe","15":"tag-fr","16":"tag-france","17":"tag-news","18":"tag-news-paris","19":"tag-paris","20":"tag-paris-news","21":"tag-patrimoine","22":"tag-republique-francaise","23":"tag-societe","24":"tag-street-art"},"share_on_mastodon":{"url":"https:\/\/pubeurope.com\/@fr\/115495710488619298","error":""},"_links":{"self":[{"href":"https:\/\/www.europesays.com\/fr\/wp-json\/wp\/v2\/posts\/512913","targetHints":{"allow":["GET"]}}],"collection":[{"href":"https:\/\/www.europesays.com\/fr\/wp-json\/wp\/v2\/posts"}],"about":[{"href":"https:\/\/www.europesays.com\/fr\/wp-json\/wp\/v2\/types\/post"}],"author":[{"embeddable":true,"href":"https:\/\/www.europesays.com\/fr\/wp-json\/wp\/v2\/users\/2"}],"replies":[{"embeddable":true,"href":"https:\/\/www.europesays.com\/fr\/wp-json\/wp\/v2\/comments?post=512913"}],"version-history":[{"count":0,"href":"https:\/\/www.europesays.com\/fr\/wp-json\/wp\/v2\/posts\/512913\/revisions"}],"wp:featuredmedia":[{"embeddable":true,"href":"https:\/\/www.europesays.com\/fr\/wp-json\/wp\/v2\/media\/512914"}],"wp:attachment":[{"href":"https:\/\/www.europesays.com\/fr\/wp-json\/wp\/v2\/media?parent=512913"}],"wp:term":[{"taxonomy":"category","embeddable":true,"href":"https:\/\/www.europesays.com\/fr\/wp-json\/wp\/v2\/categories?post=512913"},{"taxonomy":"post_tag","embeddable":true,"href":"https:\/\/www.europesays.com\/fr\/wp-json\/wp\/v2\/tags?post=512913"}],"curies":[{"name":"wp","href":"https:\/\/api.w.org\/{rel}","templated":true}]}}