{"id":512915,"date":"2025-11-05T06:37:21","date_gmt":"2025-11-05T06:37:21","guid":{"rendered":"https:\/\/www.europesays.com\/fr\/512915\/"},"modified":"2025-11-05T06:37:21","modified_gmt":"2025-11-05T06:37:21","slug":"a-droite-pierre-yves-bournazel-joue-sa-carte-rachida-dati-trace-sa-route","status":"publish","type":"post","link":"https:\/\/www.europesays.com\/fr\/512915\/","title":{"rendered":"\u00e0 droite, Pierre-Yves Bournazel joue sa carte, Rachida Dati trace sa route"},"content":{"rendered":"<p>\n    <strong>D\u00c9CRYPTAGE &#8211;<\/strong> La ministre de la Culture, soutenue par LR, et le repr\u00e9sentant de l\u2019alliance Horizons-Renaissance accentuent leur duel \u00e0 droite en vue des \u00e9lections municipales de mars, en tentant de capitaliser sur leurs atouts pr\u00e9sum\u00e9s.<\/p>\n<p class=\"fig-paragraph\">C\u2019est une bataille dans la bataille. \u00c0 Paris, Rachida Dati et Pierre-Yves Bournazel accentuent leur duel \u00e0 droite en vue des \u00e9lections municipales de mars. La\u00a0<a href=\"http:\/\/www.lefigaro.fr\/culture\/rachida-dati-les-objectifs-de-la-ministre-de-la-culture-sur-fond-de-disette-budgetaire-20240924\" data-fig-type=\"NewsFlash\" data-gtm-custom-categorie=\"navigation\" data-gtm-custom-action=\"crossclick\" data-gtm-custom-label=\"Contextuel\" data-gtm-event=\"customEventSPE\" data-fig-domain=\"LEFIGARO\" target=\"_blank\" rel=\"noopener\">ministre de la Culture\u00a0<\/a>et l\u2019\u00e9lu du 18e\u00a0arrondissement, proche d\u2019\u00c9douard Philippe, se disputent le leadership du camp de l\u2019alternance face \u00e0 la gauche sortante. \u00ab\u00a0J\u2019ai une \u00e9quipe solide, j\u2019ai un projet solide\u00a0\u00bb, mart\u00e8le l\u2019une. \u00ab\u00a0Nous pouvons remettre Paris en ordre de marche\u00a0\u00bb, insiste l\u2019autre.<\/p>\n<p class=\"fig-paragraph\">Chacun tente, dans son couloir, de capitaliser sur ses atouts pr\u00e9sum\u00e9s. L\u2019\u00ab\u00a0\u00e9nergie\u00a0\u00bb et la \u00ab\u00a0t\u00e9nacit\u00e9\u00a0\u00bb, \u00e0 entendre la repr\u00e9sentante des R\u00e9publicains (LR)\u00a0; une promesse de \u00ab\u00a0changement\u00a0\u00bb et d\u2019\u00ab\u00a0ind\u00e9pendance d\u2019esprit\u00a0\u00bb pour le candidat de l\u2019alliance Horizons-Renaissance.<\/p>\n<p class=\"fig-body-link\">\n            \u00c0 lire aussi<br \/>\n        <a class=\"fig-body-link__link fig-premium-mark\" href=\"http:\/\/www.lefigaro.fr\/politique\/municipales-2026-les-quartiers-populaires-de-paris-terrains-de-campagne-incontournables-et-cles-du-scrutin-20251104\" data-fig-type=\"Article\" data-gtm-custom-categorie=\"navigation\" data-gtm-custom-action=\"crossclick\" data-gtm-custom-label=\"Contextuel\" data-gtm-event=\"customEventSPE\" data-fig-domain=\"LEFIGARO\" target=\"_blank\" rel=\"noopener\"><\/p>\n<p>        Municipales 2026\u00a0: les quartiers populaires de Paris, terrains de campagne incontournables et cl\u00e9s du scrutin<br \/>\n    <\/a>\n<\/p>\n<p class=\"fig-paragraph\">Malgr\u00e9 l\u2019appui de Gabriel Attal \u00e0 son concurrent, Rachida Dati assure ne pas \u00eatre frein\u00e9e. \u00ab\u00a0Je m\u2019en fous, a-t-elle d\u00e9clar\u00e9 lundi sur RTL. Je suis sur le terrain tout le temps, partout, et rien ne m\u2019arr\u00eate.\u00a0\u00bb La maire du 7e\u00a0arrondissement, qui militait\u2026<\/p>\n<p class=\"fig-premium-paywall__infos\">\n        Cet article est r\u00e9serv\u00e9 aux abonn\u00e9s.        Il vous reste 84% \u00e0 d\u00e9couvrir.\n    <\/p>\n<p>                <img  data- alt=\"Le Figaro\" class=\"fig-img--complete fig-img\"\/><\/p>\n<p class=\"fig-premium-paywall__title\">Vous avez envie de lire la suite ?<\/p>\n<p class=\"fig-premium-paywall__subtitle\">D\u00e9bloquez tous les articles imm\u00e9diatement.<\/p>\n<p class=\"fig-premium-paywall__connect\">\n                D\u00e9j\u00e0 abonn\u00e9\u00a0?                <a class=\"fig-premium-paywall__connect-link\" href=\"https:\/\/connect.lefigaro.fr\/login?client=horizon_web&amp;type=main&amp;redirect_uri=https%3A%2F%2Fwww.lefigaro.fr%2Fpolitique%2Fmunicipales-a-paris-a-droite-pierre-yves-bournazel-joue-sa-carte-rachida-dati-trace-sa-route-20251104\" data-js-gtm=\"{&quot;customCategorie&quot;: &quot;conversion&quot;, &quot;customAction&quot;: &quot;before_Landing_Connexion_paywall_auto&quot;, &quot;customLabel&quot;: &quot;bGVmaWdhcm8uZnJfXzFmMGI5ODZmLTcyYTUtNjliNi05MzYzLTQ3YjQyMDYyNjc4M19fQXJ0aWNsZQ==_Municipales \u00e0 Paris: \u00e0 droite, Pierre-Yves Bournazel joue sa carte, Rachida Dati trace sa route_245&quot;, &quot;customIDSPE&quot;: &quot;bGVmaWdhcm8uZnJfXzFmMGI5ODZmLTcyYTUtNjliNi05MzYzLTQ3YjQyMDYyNjc4M19fQXJ0aWNsZQ==&quot;, &quot;event&quot;: &quot;customEventSPE&quot;}\" target=\"_blank\" rel=\"noopener\"><br \/>\n                    Connectez-vous<br \/>\n                <\/a>\n            <\/p>\n","protected":false},"excerpt":{"rendered":"D\u00c9CRYPTAGE &#8211; La ministre de la Culture, soutenue par LR, et le repr\u00e9sentant de l\u2019alliance Horizons-Renaissance accentuent leur&hellip;\n","protected":false},"author":2,"featured_media":512916,"comment_status":"","ping_status":"","sticky":false,"template":"","format":"standard","meta":{"footnotes":""},"categories":[1888],"tags":[1111,1928,11,1927,4188,1777,674,1011,27,12,1926,626,1925,59616,417,25],"class_list":{"0":"post-512915","1":"post","2":"type-post","3":"status-publish","4":"format-standard","5":"has-post-thumbnail","7":"category-paris","8":"tag-actu","9":"tag-actu-paris","10":"tag-actualites","11":"tag-actualites-paris","12":"tag-elections-municipales","13":"tag-eu","14":"tag-europe","15":"tag-fr","16":"tag-france","17":"tag-news","18":"tag-news-paris","19":"tag-paris","20":"tag-paris-news","21":"tag-pierre-yves-bournazel","22":"tag-rachida-dati","23":"tag-republique-francaise"},"share_on_mastodon":{"url":"https:\/\/pubeurope.com\/@fr\/115495714467417428","error":""},"_links":{"self":[{"href":"https:\/\/www.europesays.com\/fr\/wp-json\/wp\/v2\/posts\/512915","targetHints":{"allow":["GET"]}}],"collection":[{"href":"https:\/\/www.europesays.com\/fr\/wp-json\/wp\/v2\/posts"}],"about":[{"href":"https:\/\/www.europesays.com\/fr\/wp-json\/wp\/v2\/types\/post"}],"author":[{"embeddable":true,"href":"https:\/\/www.europesays.com\/fr\/wp-json\/wp\/v2\/users\/2"}],"replies":[{"embeddable":true,"href":"https:\/\/www.europesays.com\/fr\/wp-json\/wp\/v2\/comments?post=512915"}],"version-history":[{"count":0,"href":"https:\/\/www.europesays.com\/fr\/wp-json\/wp\/v2\/posts\/512915\/revisions"}],"wp:featuredmedia":[{"embeddable":true,"href":"https:\/\/www.europesays.com\/fr\/wp-json\/wp\/v2\/media\/512916"}],"wp:attachment":[{"href":"https:\/\/www.europesays.com\/fr\/wp-json\/wp\/v2\/media?parent=512915"}],"wp:term":[{"taxonomy":"category","embeddable":true,"href":"https:\/\/www.europesays.com\/fr\/wp-json\/wp\/v2\/categories?post=512915"},{"taxonomy":"post_tag","embeddable":true,"href":"https:\/\/www.europesays.com\/fr\/wp-json\/wp\/v2\/tags?post=512915"}],"curies":[{"name":"wp","href":"https:\/\/api.w.org\/{rel}","templated":true}]}}