{"id":512917,"date":"2025-11-05T06:38:10","date_gmt":"2025-11-05T06:38:10","guid":{"rendered":"https:\/\/www.europesays.com\/fr\/512917\/"},"modified":"2025-11-05T06:38:10","modified_gmt":"2025-11-05T06:38:10","slug":"chauffage-urbain-de-paris-prix-pollution-lalerte-sur-le-contrat-du-siecle-a-15-milliards-deuros","status":"publish","type":"post","link":"https:\/\/www.europesays.com\/fr\/512917\/","title":{"rendered":"Chauffage urbain de Paris : prix, pollution\u2026 L\u2019alerte sur \u00ab le contrat du si\u00e8cle \u00bb \u00e0 15\u00a0milliards d\u2019euros"},"content":{"rendered":"<p class=\"paragraph text_align_left lp-f-body-02\">S\u2019il est surnomm\u00e9 \u00ab contrat du si\u00e8cle \u00bb par les suiveurs de la politique parisienne, peu d\u2019habitants de la capitale ont conscience des enjeux qui vont se jouer ces prochaines semaines. Les \u00e9lus du Conseil de Paris vont voter, d\u2019ici la fin de l\u2019ann\u00e9e, le <a href=\"https:\/\/www.leparisien.fr\/paris-75\/un-contrat-a-15-milliards-deuros-vote-juste-avant-les-municipales-a-paris-le-reseau-de-chauffage-attise-les-tensions-21-04-2025-2ERFYGEK5JHIJOPKX25VD5XYKY.php\" target=\"_blank\" rel=\"noreferrer nofollow noopener\">renouvellement du contrat du r\u00e9seau de chauffage urbain<\/a>. \u00ab D\u2019un point de vue \u00e9cologique, les objectifs de ce contrat pourraient m\u00eame \u00eatre plus efficaces que toutes les mesures anti-voiture de ces derni\u00e8res ann\u00e9es \u00bb, ose un suiveur du dossier.<\/p>\n<p class=\"paragraph text_align_left lp-f-body-02\">Car ce<a href=\"https:\/\/www.leparisien.fr\/paris-75\/paris-75012\/cette-tour-de-controle-gere-le-chauffage-d-un-tiers-de-paris-29-06-2017-7098684.php\" rel=\"nofollow noopener\" target=\"_blank\"> r\u00e9seau de chauffage urbain de Paris<\/a> est impressionnant : il alimente pr\u00e8s de la moiti\u00e9 de la capitale, l\u2019\u00e9quivalent de 500 000 logements ou un million de personnes. C\u2019est m\u00eame le premier r\u00e9seau de chaleur fran\u00e7ais. L\u2019un des plus grands au monde, avec ses 500 km reli\u00e9s \u00e0 16 villes voisines. Deux candidats (Engie, le sortant, et Dalkia, filiale d\u2019EDF) se disputent l\u2019exploitation de celui-ci sur vingt-cinq ans. Un contrat estim\u00e9 \u00e0 15 milliards d\u2019euros.<\/p>\n","protected":false},"excerpt":{"rendered":"S\u2019il est surnomm\u00e9 \u00ab contrat du si\u00e8cle \u00bb par les suiveurs de la politique parisienne, peu d\u2019habitants de&hellip;\n","protected":false},"author":2,"featured_media":512918,"comment_status":"","ping_status":"","sticky":false,"template":"","format":"standard","meta":{"footnotes":""},"categories":[1888],"tags":[11,33,1777,674,1011,27,1944,12,626,25],"class_list":{"0":"post-512917","1":"post","2":"type-post","3":"status-publish","4":"format-standard","5":"has-post-thumbnail","7":"category-paris","8":"tag-actualites","9":"tag-economie","10":"tag-eu","11":"tag-europe","12":"tag-fr","13":"tag-france","14":"tag-ma-ville","15":"tag-news","16":"tag-paris","17":"tag-republique-francaise"},"share_on_mastodon":{"url":"https:\/\/pubeurope.com\/@fr\/115495718358346764","error":""},"_links":{"self":[{"href":"https:\/\/www.europesays.com\/fr\/wp-json\/wp\/v2\/posts\/512917","targetHints":{"allow":["GET"]}}],"collection":[{"href":"https:\/\/www.europesays.com\/fr\/wp-json\/wp\/v2\/posts"}],"about":[{"href":"https:\/\/www.europesays.com\/fr\/wp-json\/wp\/v2\/types\/post"}],"author":[{"embeddable":true,"href":"https:\/\/www.europesays.com\/fr\/wp-json\/wp\/v2\/users\/2"}],"replies":[{"embeddable":true,"href":"https:\/\/www.europesays.com\/fr\/wp-json\/wp\/v2\/comments?post=512917"}],"version-history":[{"count":0,"href":"https:\/\/www.europesays.com\/fr\/wp-json\/wp\/v2\/posts\/512917\/revisions"}],"wp:featuredmedia":[{"embeddable":true,"href":"https:\/\/www.europesays.com\/fr\/wp-json\/wp\/v2\/media\/512918"}],"wp:attachment":[{"href":"https:\/\/www.europesays.com\/fr\/wp-json\/wp\/v2\/media?parent=512917"}],"wp:term":[{"taxonomy":"category","embeddable":true,"href":"https:\/\/www.europesays.com\/fr\/wp-json\/wp\/v2\/categories?post=512917"},{"taxonomy":"post_tag","embeddable":true,"href":"https:\/\/www.europesays.com\/fr\/wp-json\/wp\/v2\/tags?post=512917"}],"curies":[{"name":"wp","href":"https:\/\/api.w.org\/{rel}","templated":true}]}}