{"id":512921,"date":"2025-11-05T06:40:19","date_gmt":"2025-11-05T06:40:19","guid":{"rendered":"https:\/\/www.europesays.com\/fr\/512921\/"},"modified":"2025-11-05T06:40:19","modified_gmt":"2025-11-05T06:40:19","slug":"les-russes-cultivent-la-haine-de-lukraine-dans-les-territoires-occupes","status":"publish","type":"post","link":"https:\/\/www.europesays.com\/fr\/512921\/","title":{"rendered":"Les Russes cultivent la haine de l&rsquo;Ukraine dans les territoires occup\u00e9s"},"content":{"rendered":"<p class=\"ap-StoryElement ap-StoryElement--mb ap-StoryText\">\u00ab\u00a0Les gens ordinaires sont devenus les otages de cette guerre\u00a0\u00bb, d\u00e9plore Artem Oliinyk, analyste chez Crimea SOS, une ONG de d\u00e9fense des droits humains cr\u00e9\u00e9e en 2015 qui contribue \u00e0 la \u00ab\u00a0d\u00e9soccupation de la Crim\u00e9e et \u00e0 sa r\u00e9int\u00e9gration en Ukraine\u00a0\u00bb. Pour lui, le terme \u00ab\u00a0russification\u00a0\u00bb d\u00e9signe \u00ab\u00a0la politique d&rsquo;assimilation russe visant \u00e0 \u00e9liminer toutes les formes et manifestations de l&rsquo;identit\u00e9 nationale ukrainienne\u00a0\u00bb.<\/p>\n<p><a href=\"https:\/\/www.lalibre.be\/international\/europe\/guerre-ukraine-russie\/2025\/10\/22\/les-objectifs-profonds-de-vladimir-poutine-XQ6RDNCBTBG3ZKYWTF4KXJDZAA\/\" target=\"_self\" class=\"ap-StoryInterstitialLink ap-StoryElement ap-StoryElement--mb\" rel=\"nofollow noopener\">Les \u00ab\u00a0objectifs profonds\u00a0\u00bb de Vladimir Poutine<\/a>Int\u00e9gration forc\u00e9e<\/p>\n<p class=\"ap-StoryElement ap-StoryElement--mb ap-StoryText\">\u00ab\u00a0La russification ne signifie pas que les enfants \u00e0 l&rsquo;\u00e9cole sont forc\u00e9s de lire des volumes de Tolsto\u00ef et de Dosto\u00efevski, ou que les adultes sont pers\u00e9cut\u00e9s pour leur russe non grammatical\u00a0\u00bb, pr\u00e9cise Artem Oliinyk. Il s&rsquo;agit d&rsquo;un processus plus insidieux \u00ab\u00a0qui prendra des g\u00e9n\u00e9rations \u00e0 rectifier\u00a0\u00bb.<\/p>\n<p class=\"ap-StoryElement ap-StoryElement--mb ap-StoryText\">Dans un rapport d\u00e9di\u00e9 \u00e0 la strat\u00e9gie d&rsquo;occupation russe en Ukraine, l&rsquo;Institute for the Study of War (ISW) explique ainsi que \u00ab\u00a0Moscou cherche \u00e0 persuader Kiev et ses partisans que l&rsquo;int\u00e9gration forc\u00e9e de l&rsquo;Ukraine dans la Russie, et l&rsquo;\u00e9limination de l&rsquo;identit\u00e9 ukrainienne qui en r\u00e9sulte, sont permanentes et irr\u00e9versibles afin que le Kremlin puisse enti\u00e8rement dominer ces territoires et ces peuples pour son propre profit.\u00a0\u00bb<\/p>\n<p><a href=\"https:\/\/www.lalibre.be\/international\/europe\/guerre-ukraine-russie\/2025\/09\/15\/poutine-a-envahi-lukraine-parce-quil-la-veut-dans-sa-totalite-et-en-faire-un-pont-vers-lunion-europeenne-HZBLIKJKPJHJ7EFDNYMNO4KXO4\/\" target=\"_self\" class=\"ap-StoryInterstitialLink ap-StoryElement ap-StoryElement--mb\" rel=\"nofollow noopener\">\u00ab\u00a0Poutine a envahi l&rsquo;Ukraine parce qu&rsquo;il la veut dans sa totalit\u00e9 et en faire un pont vers l&rsquo;Union europ\u00e9enne\u00a0\u00bb<\/a>Langue ukrainienne invisibilis\u00e9e<\/p>\n<p class=\"ap-StoryElement ap-StoryElement--mb ap-StoryText\">Cette strat\u00e9gie se mat\u00e9rialise d&rsquo;abord sur le plan linguistique. En Crim\u00e9e, \u00ab\u00a0il n&rsquo;y a plus un seul \u00e9tablissement dont la langue d&rsquo;enseignement est l&rsquo;ukrainien. La langue elle-m\u00eame a cess\u00e9 d&rsquo;\u00eatre propos\u00e9e, m\u00eame en tant que cours facultatif\u00a0\u00bb, regrette Artem Oliinyk. Dans les territoires envahis depuis 2022, parler ukrainien dans l&rsquo;espace public ou sur les r\u00e9seaux sociaux est consid\u00e9r\u00e9 comme un acte d\u00e9loyal par les autorit\u00e9s russes. Beaucoup de professeurs ont \u00e9t\u00e9 forc\u00e9s de choisir entre enseigner exclusivement en russe ou d\u00e9missionner.<\/p>\n<blockquote class=\"ap-StoryQuote ap-StoryQuote--blockquote\">\n<p class=\"ap-StoryQuote-text\">En Crim\u00e9e, plus de 1 600 Ukrainiens sont pass\u00e9s devant les tribunaux d&rsquo;occupation en Crim\u00e9e pour \u00ab\u00a0discr\u00e9dit\u00a0\u00bb de l&rsquo;arm\u00e9e russe<\/p>\n<\/blockquote>\n<p class=\"ap-StoryElement ap-StoryElement--mb ap-StoryText\">Les citoyens ukrainophones trouvent ainsi de moins en moins d&rsquo;interlocuteurs avec qui parler leur langue maternelle. D&rsquo;apr\u00e8s les chiffres de Crimea SOS, <a href=\"https:\/\/ppu.gov.ua\/press-center\/operatyvna-informatsiia-shchodo-sytuatsii-na-tymchasovo-okupovaniy-terytorii-avtonomnoi-respubliky-krym-ta-mista-sevastopolia-stanom-na-3-lystopada-2025-roku\/\" rel=\"nofollow noopener\" target=\"_blank\">plus de 1 600 Ukrainiens<\/a> sont pass\u00e9s devant les tribunaux d&rsquo;occupation en Crim\u00e9e pour \u00ab\u00a0discr\u00e9dit\u00a0\u00bb de l&rsquo;arm\u00e9e russe : \u00e0 savoir s&rsquo;exprimer en ukrainien sur les r\u00e9seaux sociaux, y publier une photo du drapeau ukrainien, \u00e9couter de la musique ukrainienne, porter des v\u00eatements traditionnels ukrainiens\u2026 m\u00eame si vous \u00eates un enfant. \u00ab\u00a0Toute personne susceptible d&rsquo;\u00e9veiller des soup\u00e7ons peut \u00eatre d\u00e9tenue, enlev\u00e9e, emprisonn\u00e9e, soumise \u00e0 la torture et d\u00e9tenue pendant des mois sans qu&rsquo;aucune accusation claire soit port\u00e9e\u00a0\u00bb, rapporte Artem Oliinyk.<\/p>\n<p><a href=\"https:\/\/www.lalibre.be\/international\/europe\/guerre-ukraine-russie\/2024\/03\/22\/il-est-difficile-de-trouver-une-violation-des-droits-humains-que-la-russie-na-pas-encore-commise-en-crimee-UFJTDKU6GFBQFPECRDJRHTVYDE\/\" target=\"_self\" class=\"ap-StoryInterstitialLink ap-StoryElement ap-StoryElement--mb\" rel=\"nofollow noopener\">\u00ab\u00a0Il est difficile de trouver une violation des droits humains que la Russie n&rsquo;a pas encore commise en Crim\u00e9e\u00a0\u00bb<\/a>Endoctrinement<\/p>\n<p class=\"ap-StoryElement ap-StoryElement--mb ap-StoryText\">Les jeunes Ukrainiens sont la cible principale de cette russification. \u00c0 l&rsquo;\u00e9cole, les enfants \u00e9crivent des lettres de gratitude aux \u00ab\u00a0h\u00e9ros\u00a0\u00bb de la guerre contre l&rsquo;Ukraine, leur envoient des colis et tissent des filets de camouflage. De nouvelles mati\u00e8res ont \u00e9t\u00e9 ajout\u00e9es, comme \u00ab\u00a0les principes fondamentaux de la vie de famille\u00a0\u00bb qui met l&rsquo;accent sur \u00ab\u00a0l&rsquo;\u00e9veil chez les \u00e9l\u00e8ves du d\u00e9sir de cr\u00e9er une famille forte, nombreuse et heureuse\u00a0\u00bb et stigmatise les personnes de la communaut\u00e9 LGBT.<\/p>\n<p class=\"ap-StoryElement ap-StoryElement--mb ap-StoryText\">Le 24 octobre dernier, dans l&rsquo;oblast de Kherson, des parachutistes russes ont donn\u00e9 des \u00ab\u00a0le\u00e7ons de courage\u00a0\u00bb \u00e0 des enfants \u00e2g\u00e9s de 6 \u00e0 18 ans sans parents \u2013 et donc, particuli\u00e8rement vuln\u00e9rables. Selon les photos, ils leur ont permis de manipuler leurs armes. Certains enfants auraient ensuite exprim\u00e9 leur int\u00e9r\u00eat pour des \u00e9tudes militaires sup\u00e9rieures en Russie, s&rsquo;est f\u00e9licit\u00e9 le minist\u00e8re russe de la D\u00e9fense.<\/p>\n<blockquote class=\"ap-StoryQuote ap-StoryQuote--blockquote\">\n<p class=\"ap-StoryQuote-text\">De nouvelles mati\u00e8res ont \u00e9t\u00e9 ajout\u00e9es au programme scolaire, comme \u00ab\u00a0les principes fondamentaux de la vie de famille\u00a0\u00bb.<\/p>\n<\/blockquote>\n<p class=\"ap-StoryElement ap-StoryElement--mb ap-StoryText\">Cette \u00e9ducation militaro-patriotique, dans laquelle le Kremlin a investi des millions de roubles, inclut \u00e9galement des voyages culturels en Russie. Le 6 octobre, par exemple, 600 enfants ukrainiens ont \u00e9t\u00e9 emmen\u00e9s \u00e0 Saint-P\u00e9tersbourg, o\u00f9 ils ont notamment visit\u00e9 un m\u00e9morial militaire sovi\u00e9tique. Selon ISW, qui se base sur les chiffres du minist\u00e8re russe de l&rsquo;\u00c9ducation, des dizaines de milliers d&rsquo;enfants ukrainiens ont d\u00e9j\u00e0 \u00e9t\u00e9 \u00ab\u00a0russifi\u00e9s\u00a0\u00bb depuis 2022.<\/p>\n<p><a href=\"https:\/\/www.lalibre.be\/international\/europe\/guerre-ukraine-russie\/2025\/10\/27\/et-apres-la-guerre-on-fait-comment-lessentiel-de-la-force-de-travail-ukrainienne-est-mobilise-dans-larmee-ou-refugie-a-letranger-XAIMFCYAMJFM7GLCCT7333FTRI\/\" target=\"_self\" class=\"ap-StoryInterstitialLink ap-StoryElement ap-StoryElement--mb\" rel=\"nofollow noopener\">Et apr\u00e8s la guerre, on fait comment ? \u00ab\u00a0L&rsquo;essentiel de la force de travail ukrainienne est mobilis\u00e9 dans l&rsquo;arm\u00e9e ou r\u00e9fugi\u00e9 \u00e0 l&rsquo;\u00e9tranger\u00a0\u00bb<\/a>Repeuplement russe<\/p>\n<p class=\"ap-StoryElement ap-StoryElement--mb ap-StoryText\">Le Kremlin tente en outre de modifier le paysage d\u00e9mographique des zones occup\u00e9es \u00e0 travers une campagne de \u00ab\u00a0passeportisation\u00a0\u00bb. En Crim\u00e9e, \u00ab\u00a0sans passeport russe, vous ne pouvez pas voir un m\u00e9decin, inscrire votre enfant \u00e0 l&rsquo;\u00e9cole ou \u00e0 la maternelle, aller travailler ou recevoir une pension ou des prestations\u00a0\u00bb, raconte Artem Oliinyk.<\/p>\n<p class=\"ap-StoryElement ap-StoryElement--mb ap-StoryText\">Ailleurs en Ukraine, une prime de maternit\u00e9 est octroy\u00e9e si les parents demandent la nationalit\u00e9 russe pour eux et leur nouveau-n\u00e9. Les familles russes sont \u00e9galement encourag\u00e9es \u00e0 adopter des enfants ukrainiens. D&rsquo;un point de vue plus symbolique, les certificats de naissance ne sont d\u00e9livr\u00e9s plus qu&rsquo;en russe, augmentant le nombre de pr\u00e9noms russifi\u00e9s.<\/p>\n<blockquote class=\"ap-StoryQuote ap-StoryQuote--pullquote\"><p>guillement<\/p>\n<p class=\"ap-StoryQuote-text\">En Crim\u00e9e, sans passeport russe, vous ne pouvez pas voir un m\u00e9decin, inscrire votre enfant \u00e0 l&rsquo;\u00e9cole ou \u00e0 la maternelle, aller travailler ou recevoir une pension ou des prestations.<\/p>\n<\/blockquote>\n<p class=\"ap-StoryElement ap-StoryElement--mb ap-StoryText\">En parall\u00e8le, Moscou encourage ses citoyens \u00e0 s&rsquo;installer dans les zones ukrainiennes occup\u00e9es. En Crim\u00e9e, depuis 2014, la Russie a \u00ab\u00a0import\u00e9\u00a0\u00bb environ un million de Russes dans les administrations locales : fonctionnaires, juges, enseignants, personnel m\u00e9dical\u2026 mais aussi des retrait\u00e9s qui viennent profiter de la c\u00f4te au climat doux et ensoleill\u00e9. Le gouvernement russe verse \u00e9galement une prime de deux millions de roubles (24 000 dollars) aux enseignants qui s&rsquo;installent ailleurs en Ukraine occup\u00e9e.<\/p>\n<p class=\"ap-StoryElement ap-StoryElement--mb ap-StoryText\">Artem Oliinyk met en garde : la russification ne cherche pas seulement \u00e0 effacer l&rsquo;identit\u00e9 ukrainienne, elle pr\u00e9pare une extension du conflit. \u00ab\u00a0Nous ne savons pas si un nouveau 24 f\u00e9vrier aura lieu demain ou dans dix ans, mais les Russes cultivent la haine de l&rsquo;Ukraine dans les territoires occup\u00e9s.\u00a0\u00bb Les hommes qui obtiennent la nationalit\u00e9 russe sont contraints de s&rsquo;enr\u00f4ler. \u00ab\u00a0Ils seront donc probablement oblig\u00e9s de se battre contre leurs propres compatriotes\u00a0\u00bb.<\/p>\n","protected":false},"excerpt":{"rendered":"\u00ab\u00a0Les gens ordinaires sont devenus les otages de cette guerre\u00a0\u00bb, d\u00e9plore Artem Oliinyk, analyste chez Crimea SOS, une&hellip;\n","protected":false},"author":2,"featured_media":512922,"comment_status":"","ping_status":"","sticky":false,"template":"","format":"standard","meta":{"footnotes":""},"categories":[1591],"tags":[17,11,1887,12,59099,9026,59100,2405,1885,1886,132,59101],"class_list":{"0":"post-512921","1":"post","2":"type-post","3":"status-publish","4":"format-standard","5":"has-post-thumbnail","7":"category-russie","8":"tag-17","9":"tag-actualites","10":"tag-federation-de-russie","11":"tag-news","12":"tag-poetin","13":"tag-portrait","14":"tag-portret","15":"tag-poutine","16":"tag-russia","17":"tag-russian-federation","18":"tag-russie","19":"tag-vladimir-poutin"},"share_on_mastodon":{"url":"https:\/\/pubeurope.com\/@fr\/115495726231948073","error":""},"_links":{"self":[{"href":"https:\/\/www.europesays.com\/fr\/wp-json\/wp\/v2\/posts\/512921","targetHints":{"allow":["GET"]}}],"collection":[{"href":"https:\/\/www.europesays.com\/fr\/wp-json\/wp\/v2\/posts"}],"about":[{"href":"https:\/\/www.europesays.com\/fr\/wp-json\/wp\/v2\/types\/post"}],"author":[{"embeddable":true,"href":"https:\/\/www.europesays.com\/fr\/wp-json\/wp\/v2\/users\/2"}],"replies":[{"embeddable":true,"href":"https:\/\/www.europesays.com\/fr\/wp-json\/wp\/v2\/comments?post=512921"}],"version-history":[{"count":0,"href":"https:\/\/www.europesays.com\/fr\/wp-json\/wp\/v2\/posts\/512921\/revisions"}],"wp:featuredmedia":[{"embeddable":true,"href":"https:\/\/www.europesays.com\/fr\/wp-json\/wp\/v2\/media\/512922"}],"wp:attachment":[{"href":"https:\/\/www.europesays.com\/fr\/wp-json\/wp\/v2\/media?parent=512921"}],"wp:term":[{"taxonomy":"category","embeddable":true,"href":"https:\/\/www.europesays.com\/fr\/wp-json\/wp\/v2\/categories?post=512921"},{"taxonomy":"post_tag","embeddable":true,"href":"https:\/\/www.europesays.com\/fr\/wp-json\/wp\/v2\/tags?post=512921"}],"curies":[{"name":"wp","href":"https:\/\/api.w.org\/{rel}","templated":true}]}}