{"id":512941,"date":"2025-11-05T06:51:11","date_gmt":"2025-11-05T06:51:11","guid":{"rendered":"https:\/\/www.europesays.com\/fr\/512941\/"},"modified":"2025-11-05T06:51:11","modified_gmt":"2025-11-05T06:51:11","slug":"volley-ball-la-coupe-est-deja-pleine-pour-larago-de-sete","status":"publish","type":"post","link":"https:\/\/www.europesays.com\/fr\/512941\/","title":{"rendered":"Volley-ball\u00a0: la Coupe est d\u00e9j\u00e0 pleine pour l\u2019Arago de S\u00e8te"},"content":{"rendered":"<p>\n                                                                Les troupes de l\u2019Arago ont \u00e9t\u00e9 largement domin\u00e9es par Cannes, ce mardi 4\u00a0novembre (0-3). Le parcours s\u2019arr\u00eate sans le moindre set remport\u00e9 pour les S\u00e9tois.\n                            <\/p>\n<p>La Coupe de France, c\u2019est fait. Devant des tribunes peu garnies ce mardi soir, l\u2019Arago de S\u00e8te n\u2019a pas profit\u00e9 de son \u00e9tape dans ses v\u00e9ritables \u00ab\u00a0locaux\u00a0\u00bb.<\/p>\n<p>Cela avait pourtant bien commenc\u00e9. Marttila se montrait efficace \u00e0 l\u2019attaque et au block, tout comme Van der Ent qui repoussait une attaque de Biglino (6-4). Un ace de Schlienger creusait l\u2019\u00e9cart (14-10), r\u00e9duit par Kertzynski (15-14). Apr\u00e8s avoir repris trois points d\u2019avance (18-15), l\u2019Arago \u00e9tait rejoint sur un block de Biglino sur Van der Ent, lequel se vengeait imm\u00e9diatement sur Demar (22-23). Las, avec une faute de filet puis une attaque bloqu\u00e9e par Biglino, De Leon laissait les Cannois s\u2019\u00e9chapper\u00a0: 22-24, puis 23-25 apr\u00e8s une attaque de Demar.<\/p>\n<p>Toujours derri\u00e8re<\/p>\n<p>L\u2019occasion \u00e9tait pass\u00e9e, Cannes n\u2019allait plus rien conc\u00e9der. Les S\u00e9tois prenaient m\u00eame une d\u00e9rouill\u00e9e dans le deuxi\u00e8me set\u00a0; le passeur Motta Paes se permettant m\u00eame de planter une grosse attaque (4-10). Zerba et De Leon avaient beau sonner la r\u00e9volte (10-11, puis 16-16), \u00e7a ne tenait pas. Deux aces de Weir et Demar \u00e9parpillaient la r\u00e9ception (18-23) avant un service manqu\u00e9 de Trinidad (20-25).<\/p>\n<p>Le troisi\u00e8me acte \u00e9tait du m\u00eame tonneau. Distanc\u00e9s, les S\u00e9tois revenaient mais sans jamais \u00e9galiser (6-10 puis 14-16, 14-18 puis 18-19). Et les erreurs s\u2019accumulaient en fin de set. Schlienger servait dehors (18-20), Karlitzek \u00e9tait bloqu\u00e9 par Biglino puis attaquait dehors (18-22), avant une derni\u00e8re attaque de De Leon dans le bas du filet (21-25)&#8230;<\/p>\n","protected":false},"excerpt":{"rendered":"Les troupes de l\u2019Arago ont \u00e9t\u00e9 largement domin\u00e9es par Cannes, ce mardi 4\u00a0novembre (0-3). Le parcours s\u2019arr\u00eate sans&hellip;\n","protected":false},"author":2,"featured_media":512942,"comment_status":"","ping_status":"","sticky":false,"template":"","format":"standard","meta":{"footnotes":""},"categories":[1417],"tags":[1011,27,60,1470,1469],"class_list":{"0":"post-512941","1":"post","2":"type-post","3":"status-publish","4":"format-standard","5":"has-post-thumbnail","7":"category-volley","8":"tag-fr","9":"tag-france","10":"tag-sports","11":"tag-volley","12":"tag-volleyball"},"share_on_mastodon":{"url":"https:\/\/pubeurope.com\/@fr\/115495769477357235","error":""},"_links":{"self":[{"href":"https:\/\/www.europesays.com\/fr\/wp-json\/wp\/v2\/posts\/512941","targetHints":{"allow":["GET"]}}],"collection":[{"href":"https:\/\/www.europesays.com\/fr\/wp-json\/wp\/v2\/posts"}],"about":[{"href":"https:\/\/www.europesays.com\/fr\/wp-json\/wp\/v2\/types\/post"}],"author":[{"embeddable":true,"href":"https:\/\/www.europesays.com\/fr\/wp-json\/wp\/v2\/users\/2"}],"replies":[{"embeddable":true,"href":"https:\/\/www.europesays.com\/fr\/wp-json\/wp\/v2\/comments?post=512941"}],"version-history":[{"count":0,"href":"https:\/\/www.europesays.com\/fr\/wp-json\/wp\/v2\/posts\/512941\/revisions"}],"wp:featuredmedia":[{"embeddable":true,"href":"https:\/\/www.europesays.com\/fr\/wp-json\/wp\/v2\/media\/512942"}],"wp:attachment":[{"href":"https:\/\/www.europesays.com\/fr\/wp-json\/wp\/v2\/media?parent=512941"}],"wp:term":[{"taxonomy":"category","embeddable":true,"href":"https:\/\/www.europesays.com\/fr\/wp-json\/wp\/v2\/categories?post=512941"},{"taxonomy":"post_tag","embeddable":true,"href":"https:\/\/www.europesays.com\/fr\/wp-json\/wp\/v2\/tags?post=512941"}],"curies":[{"name":"wp","href":"https:\/\/api.w.org\/{rel}","templated":true}]}}