{"id":512945,"date":"2025-11-05T06:53:17","date_gmt":"2025-11-05T06:53:17","guid":{"rendered":"https:\/\/www.europesays.com\/fr\/512945\/"},"modified":"2025-11-05T06:53:17","modified_gmt":"2025-11-05T06:53:17","slug":"metz-rinderknech-tombe-de-haut","status":"publish","type":"post","link":"https:\/\/www.europesays.com\/fr\/512945\/","title":{"rendered":"Metz: Rinderknech tombe de haut"},"content":{"rendered":"<p><strong>Arthur Rinderknech a \u00e9t\u00e9 \u00e9limin\u00e9<br \/>\nd\u00e8s son entr\u00e9e en lice \u00e0 l&rsquo;ATP 250 de Metz par l&rsquo;Allemand Daniel<br \/>\nAltmaier. Il va d\u00e9sormais pouvoir se reposer en vue de la phase<br \/>\nfinale de la Coupe Davis.<\/strong><\/p>\n<p>La saison commence \u00e0 \u00eatre longue pour Arthur Rinderknech. Depuis<br \/>\nsa finale au Masters 1000 de Shanghai le 12 octobre, le joueur<br \/>\nfran\u00e7ais a renonc\u00e9 au tournoi de B\u00e2le puis a \u00e9t\u00e9 \u00e9limin\u00e9 au 2e tour<br \/>\ndu Rolex Paris Masters (par son cousin Valentin Vacherot), et il<br \/>\nesp\u00e9rait finir en beaut\u00e9 cette saison ATP riche en \u00e9motions pour<br \/>\nlui, \u00e0 l\u2019occasion du tournoi de Metz. Mais le n\u00b028 mondial et t\u00eate<br \/>\nde s\u00e9rie n\u00b06 est tomb\u00e9 d\u00e8s son entr\u00e9e en lice. Oppos\u00e9 pour la<br \/>\npremi\u00e8re fois de sa carri\u00e8re \u00e0 Daniel Altmaier (46e), tombeur la<br \/>\nsemaine pass\u00e9e \u00e0 Nanterre de Casper Ruud, Arthur Rinderknech s\u2019est<br \/>\ninclin\u00e9 sur le score de 6-4, 6-4 en 1h26.<\/p>\n<p>Rinderknech manque deux occasions<br \/>\nde break<\/p>\n<p>Le joueur allemand s\u2019est montr\u00e9 intraitable sur son service,<br \/>\nsignant treize aces (pour aucune double-faute) et 68% de premi\u00e8res<br \/>\nballes, et sauvant les deux balles de break que s\u2019est procur\u00e9 son<br \/>\nadversaire. Arthur Rinderknech a quant \u00e0 lui perdu sa mise en jeu<br \/>\nd\u00e8s le premi\u00e8re jeu et n\u2019a jamais r\u00e9ussi \u00e0 revenir dans le premier<br \/>\nset, o\u00f9 les jeux ont d\u00e9fil\u00e9 des deux c\u00f4t\u00e9s par la suite. Les jeux<br \/>\nont dur\u00e9 plus longtemps en d\u00e9but de deuxi\u00e8me manche, et c\u2019est l\u00e0<br \/>\nque le Fran\u00e7ais s\u2019est procur\u00e9 ses deux balles de break (\u00e0 1-0 et<br \/>\n2-1). Mais il les a manqu\u00e9e, et \u00e0 4-4, c\u2019est lui qui a perdu son<br \/>\nservice, sur la troisi\u00e8me occasion de l\u2019Allemand. Altmaier a<br \/>\nensuite conclu sans trembler sur sa premi\u00e8re balle de match, et le<br \/>\nvoici en huiti\u00e8mes, face \u00e0 Hugo Gaston.<\/p>\n<p>Rendez-vous \u00e0 Bologne<\/p>\n<p>Class\u00e9 59e mondial au moment de d\u00e9buter l\u2019ann\u00e9e, Arthur<br \/>\nRinderknech va la finir autour de la 27e. Mais sa saison n\u2019est pas<br \/>\nencore termin\u00e9e, car dans deux semaines, il a rendez-vous \u00e0 Bologne<br \/>\navec l\u2019\u00e9quipe de France pour les quarts de finale de la Coupe<br \/>\nDavis. Benjamin Bonzi et Ugo Humbert \u00e9tant actuellement bless\u00e9s,<br \/>\nRinderknech peut esp\u00e9rer une place de titulaire en simple. A lui de<br \/>\nprofiter de ces quelques jours de repos pour bien r\u00e9cup\u00e9rer.<\/p>\n","protected":false},"excerpt":{"rendered":"Arthur Rinderknech a \u00e9t\u00e9 \u00e9limin\u00e9 d\u00e8s son entr\u00e9e en lice \u00e0 l&rsquo;ATP 250 de Metz par l&rsquo;Allemand Daniel&hellip;\n","protected":false},"author":2,"featured_media":512946,"comment_status":"","ping_status":"","sticky":false,"template":"","format":"standard","meta":{"footnotes":""},"categories":[1415],"tags":[63382,4169,1011,27,6212,63383,57681,60,1467],"class_list":{"0":"post-512945","1":"post","2":"type-post","3":"status-publish","4":"format-standard","5":"has-post-thumbnail","7":"category-tennis","8":"tag-altmaier","9":"tag-atp","10":"tag-fr","11":"tag-france","12":"tag-metz","13":"tag-rinderknech","14":"tag-sport365-fr","15":"tag-sports","16":"tag-tennis"},"share_on_mastodon":{"url":"https:\/\/pubeurope.com\/@fr\/115495777285188105","error":""},"_links":{"self":[{"href":"https:\/\/www.europesays.com\/fr\/wp-json\/wp\/v2\/posts\/512945","targetHints":{"allow":["GET"]}}],"collection":[{"href":"https:\/\/www.europesays.com\/fr\/wp-json\/wp\/v2\/posts"}],"about":[{"href":"https:\/\/www.europesays.com\/fr\/wp-json\/wp\/v2\/types\/post"}],"author":[{"embeddable":true,"href":"https:\/\/www.europesays.com\/fr\/wp-json\/wp\/v2\/users\/2"}],"replies":[{"embeddable":true,"href":"https:\/\/www.europesays.com\/fr\/wp-json\/wp\/v2\/comments?post=512945"}],"version-history":[{"count":0,"href":"https:\/\/www.europesays.com\/fr\/wp-json\/wp\/v2\/posts\/512945\/revisions"}],"wp:featuredmedia":[{"embeddable":true,"href":"https:\/\/www.europesays.com\/fr\/wp-json\/wp\/v2\/media\/512946"}],"wp:attachment":[{"href":"https:\/\/www.europesays.com\/fr\/wp-json\/wp\/v2\/media?parent=512945"}],"wp:term":[{"taxonomy":"category","embeddable":true,"href":"https:\/\/www.europesays.com\/fr\/wp-json\/wp\/v2\/categories?post=512945"},{"taxonomy":"post_tag","embeddable":true,"href":"https:\/\/www.europesays.com\/fr\/wp-json\/wp\/v2\/tags?post=512945"}],"curies":[{"name":"wp","href":"https:\/\/api.w.org\/{rel}","templated":true}]}}