{"id":512959,"date":"2025-11-05T07:04:20","date_gmt":"2025-11-05T07:04:20","guid":{"rendered":"https:\/\/www.europesays.com\/fr\/512959\/"},"modified":"2025-11-05T07:04:20","modified_gmt":"2025-11-05T07:04:20","slug":"duel-a-monte-carlo-del-norte-le-genial-bill-plympton-de-retour-avec-une-totale-liberte-narrative-et-esthetique-telerama","status":"publish","type":"post","link":"https:\/\/www.europesays.com\/fr\/512959\/","title":{"rendered":"\u201cDuel \u00e0 Monte Carlo del Norte\u201d : le g\u00e9nial Bill Plympton de retour avec une totale libert\u00e9 narrative et esth\u00e9tique &#8211; T\u00e9l\u00e9rama"},"content":{"rendered":"<ol>\n<li><a href=\"https:\/\/news.google.com\/rss\/articles\/CBMi7gFBVV95cUxOTnV6QVZHV3JJUlBuV3ZZVnFreTZCU0dvcl9UUlc2WTJ6dzhEZGtNQV9hSVN4SEpPWVFCUFlrLTRxbnBvTXpNOUd3OEowZ0ZfN0dOTzAtdENvdnUwY29ORngxTXFXY19tdnoyZ3ROYkJtLThRRkpBemdMN0s2b3JqZU1wQThFcDIxOWNGM2JUamJDa1Y1NzlkVkJPN0p3eXNhRFZWRlZRbU50dVBGZUoxVlFGbXJkZENGMVZFWENYTjZoZllkcnBqM1ZSdWRSUEF4WkhITDVtUlVIbFcyRUxZakYxU29qcG4wbnZSTzNR?oc=5\" target=\"_blank\" rel=\"nofollow noopener\">\u201cDuel \u00e0 Monte Carlo del Norte\u201d : le g\u00e9nial Bill Plympton de retour avec une totale libert\u00e9 narrative et esth\u00e9tique<\/a>&nbsp;&nbsp;T\u00e9l\u00e9rama<\/li>\n<li><a href=\"https:\/\/news.google.com\/rss\/articles\/CBMi0gFBVV95cUxOTmdkVEM5aWU2OFVkb2xKaUc4VEJfVy0zb0hFTnhDNzVBLXk2cTZoRm0wMTRuRVBLWlRuX3VpVUxfYk82Unp0b0F2YVRzeWY2ZzFVY3FRRDExeW95Z05vUUJmcmg4SWFJcUQ4dU5DT3otYlZqbndFWnozSXhzckJzdklYaVRRWFJXYUxQenk3aGlROTlfcFlSRjUtY2lrY3FxUXFkc3Q5MHAzckF2bk5kV3ZCR01HUFRYN0QyWVg3Rjh1UnJMVGNSX285Mk9IWmoyNVE?oc=5\" target=\"_blank\" rel=\"nofollow noopener\">\u00abDuel \u00e0 Monte-Carlo del Norte\u00bb de Bill Plympton : fanfare west<\/a>&nbsp;&nbsp;Lib\u00e9ration<\/li>\n<li><a href=\"https:\/\/news.google.com\/rss\/articles\/CBMi2AFBVV95cUxOc2h5T0RyT3czRjVDbm02OFNYc2h2cWJhR1B5d0VDUC03S01RUUNNV2haTWhIQjhVbEhZSk9HN0Y1dFVGdjBnbk1QQ1c1MWxvM1NpRl9pVnBsWWZhQXIzY3h0SGhsbGtjQTBOZHFsLWZGYmw5RmwxdjIwdDJVek9RQmp0OWlPR0dIWWEwSzA1dHpnemFqMVRZcWRyNmJEeWV4cW5TVzlDZEwxbTV1dlc3YXlpdEUxOUdBbnAtYk5QbHVPVkFuMEpPVlh3NzFQSEl3OE1WNmJLYWw?oc=5\" target=\"_blank\" rel=\"nofollow noopener\">\u00ab Duel \u00e0 Monte-Carlo del Norte \u00bb : un cartoon politiquement engag\u00e9 et m\u00e9chamment incorrect<\/a>&nbsp;&nbsp;Le Nouvel Obs<\/li>\n<li><a href=\"https:\/\/news.google.com\/rss\/articles\/CBMieEFVX3lxTE5YSnUxckY0c0hjalFZNkNWOTdxZ3FhNmVvZG44TE4zZmxtVmgyZHBlUm0wTl9FTXdGTDNYbENXVjZTVk12Q2ZOOHgwT19RanE0NTFDWWNmcWZmS2NkZDJDb2JuT1RWN2xPdWlKdFpVekY4NVdXUFM5SA?oc=5\" target=\"_blank\" rel=\"nofollow noopener\">\u00ab Duel \u00e0 Monte-Carlo del Norte \u00bb de Bill Plympton : la critique du western d\u00e9lirant d&rsquo;un r\u00e9alisateur culte<\/a>&nbsp;&nbsp;Yahoo Life France<\/li>\n<li><a href=\"https:\/\/news.google.com\/rss\/articles\/CBMiiAFBVV95cUxOQ1FRTGY4RUg2R0FGbnhSRFBYMlVxM0hUNUpNNHZnbXE2ZzNJc3M2NzhYdm9KQXhKaVFUaVdpU3B5Nm1uTU1SQWh2b1lnYTdHMmxBcHhsM0V3bzVBMTF2R3VYRVdENWlzTGtwQ3dFV3NSLWpQYVZ3bjRiUXhJTFdVSjNEeVhHZXZN?oc=5\" target=\"_blank\" rel=\"nofollow noopener\">Que du plaisir par Moizi<\/a>&nbsp;&nbsp;SensCritique<\/li>\n<\/ol>\n","protected":false},"excerpt":{"rendered":"\u201cDuel \u00e0 Monte Carlo del Norte\u201d : le g\u00e9nial Bill Plympton de retour avec une totale libert\u00e9 narrative&hellip;\n","protected":false},"author":2,"featured_media":512960,"comment_status":"","ping_status":"","sticky":false,"template":"","format":"standard","meta":{"footnotes":""},"categories":[1354],"tags":[58,59,1346,1011,27,1360],"class_list":{"0":"post-512959","1":"post","2":"type-post","3":"status-publish","4":"format-standard","5":"has-post-thumbnail","7":"category-films","8":"tag-divertissement","9":"tag-entertainment","10":"tag-films","11":"tag-fr","12":"tag-france","13":"tag-movies"},"share_on_mastodon":{"url":"https:\/\/pubeurope.com\/@fr\/115495820622139240","error":""},"_links":{"self":[{"href":"https:\/\/www.europesays.com\/fr\/wp-json\/wp\/v2\/posts\/512959","targetHints":{"allow":["GET"]}}],"collection":[{"href":"https:\/\/www.europesays.com\/fr\/wp-json\/wp\/v2\/posts"}],"about":[{"href":"https:\/\/www.europesays.com\/fr\/wp-json\/wp\/v2\/types\/post"}],"author":[{"embeddable":true,"href":"https:\/\/www.europesays.com\/fr\/wp-json\/wp\/v2\/users\/2"}],"replies":[{"embeddable":true,"href":"https:\/\/www.europesays.com\/fr\/wp-json\/wp\/v2\/comments?post=512959"}],"version-history":[{"count":0,"href":"https:\/\/www.europesays.com\/fr\/wp-json\/wp\/v2\/posts\/512959\/revisions"}],"wp:featuredmedia":[{"embeddable":true,"href":"https:\/\/www.europesays.com\/fr\/wp-json\/wp\/v2\/media\/512960"}],"wp:attachment":[{"href":"https:\/\/www.europesays.com\/fr\/wp-json\/wp\/v2\/media?parent=512959"}],"wp:term":[{"taxonomy":"category","embeddable":true,"href":"https:\/\/www.europesays.com\/fr\/wp-json\/wp\/v2\/categories?post=512959"},{"taxonomy":"post_tag","embeddable":true,"href":"https:\/\/www.europesays.com\/fr\/wp-json\/wp\/v2\/tags?post=512959"}],"curies":[{"name":"wp","href":"https:\/\/api.w.org\/{rel}","templated":true}]}}