{"id":512991,"date":"2025-11-05T07:24:23","date_gmt":"2025-11-05T07:24:23","guid":{"rendered":"https:\/\/www.europesays.com\/fr\/512991\/"},"modified":"2025-11-05T07:24:23","modified_gmt":"2025-11-05T07:24:23","slug":"grenoble-shein-aux-galeries-lafayette-provoque-des-tensions-la-mairie-interpellee","status":"publish","type":"post","link":"https:\/\/www.europesays.com\/fr\/512991\/","title":{"rendered":"Grenoble. Shein aux Galeries Lafayette provoque des tensions, la mairie interpell\u00e9e"},"content":{"rendered":"<p>            Par<br \/>\n        <strong><br \/>\n            <a href=\"https:\/\/actu.fr\/auteur\/julien-sournies\" title=\"Consulter tous les articles de Julien Sournies\" target=\"_blank\" rel=\"noopener\">Julien Sournies<\/a><br \/>\n        <\/strong><\/p>\n<p>        Publi\u00e9 le<\/p>\n<p>            4 nov. 2025 \u00e0 13h37        <\/p>\n<p><strong>Shein<\/strong> est plus que jamais dans l\u2019\u0153il du cyclone. Alors que la c\u00e9l\u00e8bre marque de fast fashion en ligne d\u00e9fraye la chronique depuis la fin du week-end avec <a href=\"https:\/\/actu.fr\/ile-de-france\/paris_75056\/vente-de-poupees-pedopornographiques-sur-shein-une-manifestation-avant-l-arrivee-du-geant-chinois-au-bhv_63388716.html\" target=\"_blank\" rel=\"noopener\">l\u2019affaire des poup\u00e9es \u00e0 caract\u00e8re p\u00e9docriminel<\/a>, l\u2019enseigne chinoise ne fait \u00e9galement pas l\u2019unanimit\u00e9 \u00e0 l\u2019\u00e9chelle locale. D\u00e9but octobre, la Soci\u00e9t\u00e9 des grands magasins (SGM) a annonc\u00e9 en grande pompe <a href=\"https:\/\/actu.fr\/auvergne-rhone-alpes\/grenoble_38185\/shein-ouvre-a-grenoble-le-geant-de-la-mode-en-ligne-debarque-aux-galeries-lafayette_63241228.html\" target=\"_blank\" rel=\"noopener\">l\u2019arriv\u00e9e de Shein au sein des Galeries Lafayette<\/a> de <a href=\"https:\/\/actu.fr\/grenoble\/\" target=\"_blank\" rel=\"noopener\">Grenoble<\/a> (<a href=\"https:\/\/actu.fr\/auvergne-rhone-alpes\/isere_38\" target=\"_blank\" rel=\"noopener\">Is\u00e8re<\/a>).<br \/>Tandis que l\u2019ouverture est pr\u00e9vue<strong> fin novembre<\/strong> dans la capitale des Alpes, le sujet a engendr\u00e9 de vifs \u00e9changes lors du conseil municipal de ce lundi 3\u00a0novembre.<\/p>\n<p>\u00ab\u2009Une v\u00e9ritable provocation pour les acteurs locaux\u2009\u00bb<\/p>\n<p class=\" wall-content\">Dans le but d\u2019interpeller le gouvernement face aux \u00ab\u2009d\u00e9rives\u2009\u00bb de l\u2019ultra fast-fashion, un v\u0153u a d\u2019abord \u00e9t\u00e9 formul\u00e9 par l\u2019intergroupe d\u2019opposition \u00ab\u2009Socialistes et apparent\u00e9s\u2009\u00bb et \u00ab\u2009Grenoble D\u00e9mocratie \u00c9cologie et Solidarit\u00e9\u2009\u00bb.<\/p>\n<p class=\" wall-content\">\u00ab\u2009\u00c0 Grenoble, ville engag\u00e9e depuis de nombreuses ann\u00e9es dans la transition \u00e9cologique, la consommation responsable et la relocalisation des activit\u00e9s \u00e9conomiques, ne peuvent rester indiff\u00e9rentes \u00e0 l\u2019arriv\u00e9e d\u2019un tel acteur qui incarne le contraire de ces valeurs. Cette implantation repr\u00e9sente une v\u00e9ritable provocation pour les acteurs locaux\u2009\u00bb, a lu Pascal Clouaire, adjoint \u00e0 la mairie de Grenoble et vice-pr\u00e9sident de Grenoble Alpes M\u00e9tropole.<\/p>\n<blockquote class=\"ac-article-quote wall-content\">\n<p>Cela est d\u2019autant plus vrai que cette annonce intervient \u00e0 un moment o\u00f9 le commerce de proximit\u00e9 grenoblois est fragilis\u00e9.<\/p>\n<p>    <strong>Pascal Clouaire<\/strong><br \/>\n        Adjoint \u00e0 la mairie de Grenoble    <\/p><\/blockquote>\n<p class=\" wall-content\">Et l\u2019adjoint de poursuivre\u2009: \u00ab\u2009La lutte contre les d\u00e9rives de l\u2019ultra fast fashion n\u00e9cessite une volont\u00e9 politique forte, un encadrement national clair et une mobilisation collective de l\u2019\u00c9tat, des collectivit\u00e9s et des citoyens. Elle n\u00e9cessite la mise en place de mesures ambitieuses pour r\u00e9guler le secteur de l\u2019ultra fast fashion et prot\u00e9ger le commerce responsable.\u2009\u00bb<\/p>\n<p>Alain Carignon tacle la majorit\u00e9 \u00e9cologiste<\/p>\n<p class=\" wall-content\">Au sein du conseil, ce v\u0153u a, sans surprise, accouch\u00e9 d\u2019un <strong>d\u00e9bat tendu<\/strong> entre les diff\u00e9rents \u00e9lus municipaux.<\/p>\n<p class=\" wall-content\">\u00ab\u2009Monsieur Clouaire, vous faites \u00e9galement partie d\u2019une majorit\u00e9 m\u00e9tropolitaine qui a laiss\u00e9 Shein faire sa pub sur les bus M\u2019Tag. A minima, si vous voulez lutter contre ces marques, utilisez d\u00e9j\u00e0 les moyens que vous avez vous avant de r\u00e9clamer aux autres de les mettre en \u0153uvre\u2009\u00bb, a point\u00e9 du doigt Alain Carignon, <a href=\"https:\/\/actu.fr\/auvergne-rhone-alpes\/grenoble_38185\/municipales-a-grenoble-policiers-impots-transports-les-premieres-propositions-d-alain-carignon_63336074.html\" target=\"_blank\" rel=\"noopener\">candidat aux prochaines \u00e9lections municipales<\/a>.<\/p>\n<p>Votre r\u00e9gion, votre actu !<\/p>\n<p>Recevez chaque jour les infos qui comptent pour vous.<\/p>\n<p>\t<a href=\"https:\/\/actu.fr\/newsletter\" class=\"ac-btn ac-btn--corner ac-btn--medium ac-btn--blue800\" target=\"_blank\" rel=\"noopener\">S&rsquo;incrire<\/a><\/p>\n<p class=\" wall-content\">\u00ab\u2009La lutte contre l\u2019hyper consommation commence par la limitation des centres commerciaux dans notre M\u00e9tropole. C\u2019est sous votre majorit\u00e9 qu\u2019on a agrandi Grand\u2019Place et cr\u00e9e Neyrpic. La question qui se pose, c\u2019est pourquoi les Galeries Lafayette se tournent vers l\u2019ultra fashion dans un centre-ville o\u00f9 les rideaux baiss\u00e9s sont si nombreux\u2009\u00bb, a poursuivi l\u2019ex-premier \u00e9dile, avant de conclure\u2009: \u00ab\u2009La Ville doit <strong>s\u2019interroger<\/strong> sur ce qu\u2019elle devient.\u2009\u00bb<\/p>\n<p>\u00ab\u2009Vos responsabilit\u00e9s, elles sont l\u00e0\u2009!\u2009\u00bb<\/p>\n<p class=\" wall-content\">Une intervention qui n\u2019a pas manqu\u00e9 de faire r\u00e9agir l\u2019adjoint LFI au commerce Alan Confesson. \u00ab\u2009Quand on \u00e9coute Alain Carignon, on a l\u2019impression que nous portons une responsabilit\u00e9 dans les effets du capitalisme mondialis\u00e9. Concernant le v\u0153u, le ph\u00e9nom\u00e8ne n\u2019est pas nouveau, notamment dans l\u2019alimentaire avec la prolif\u00e9ration des enseignes de hard discount\u2009\u00bb, a-t-il lanc\u00e9.<\/p>\n<blockquote class=\"ac-article-quote wall-content\">\n<p>Mais pourquoi ces enseignes low cost viennent s\u2019installer \u00e0 Grenoble ? C\u2019est parce que le pouvoir d\u2019achat des consommateurs s\u2019est consid\u00e9rablement d\u00e9grad\u00e9. Et quels sont les gouvernements et les partis politiques qui mettent en \u0153uvre les politiques \u00e9conomiques et sociales qui conduisent \u00e0 la situation qu\u2019on conna\u00eet aujourd\u2019hui ? Ce sont les R\u00e9publicains, Renaissance, Le MoDem et compagnie. Vos responsabilit\u00e9s, elles sont l\u00e0 !<\/p>\n<p>    <strong>Alan Confesson<\/strong><br \/>\n        Adjoint LFI \u00e0 la mairie de Grenoble    <\/p><\/blockquote>\n<p class=\" wall-content\">Si le v\u0153u a tout de m\u00eame \u00e9t\u00e9 vot\u00e9 \u00e0 <strong>l\u2019unanimit\u00e9<\/strong>, les tensions sont de plus en plus palpables entre les \u00e9lus de gauche et de droite, \u00e0 un peu plus de quatre mois des \u00e9lections municipales.<\/p>\n<p class=\" wall-content\">Personnalisez votre actualit\u00e9 en ajoutant vos villes et m\u00e9dias en favori avec <a href=\"https:\/\/moncompte.actu.fr\" title=\"D\u00e9couvez Mon Actu\" rel=\"nofollow noopener\" data-trk=\"{&quot;cta&quot;:{&quot;action&quot;:&quot;https:\\\/\\\/moncompte.actu.fr&quot;,&quot;category&quot;:&quot;mon compte&quot;,&quot;from&quot;:&quot;article footer&quot;,&quot;name&quot;:&quot;Mon actu&quot;,&quot;type&quot;:&quot;cta&quot;}}\" target=\"_blank\">Mon Actu<\/a>.<\/p>\n","protected":false},"excerpt":{"rendered":"Par Julien Sournies Publi\u00e9 le 4 nov. 2025 \u00e0 13h37 Shein est plus que jamais dans l\u2019\u0153il du&hellip;\n","protected":false},"author":2,"featured_media":512992,"comment_status":"","ping_status":"","sticky":false,"template":"","format":"standard","meta":{"footnotes":""},"categories":[9566],"tags":[1111,11,2430,215,33,1777,674,1011,27,4238,2731,12,3147,25],"class_list":{"0":"post-512991","1":"post","2":"type-post","3":"status-publish","4":"format-standard","5":"has-post-thumbnail","7":"category-grenoble","8":"tag-actu","9":"tag-actualites","10":"tag-auvergne-rhone-alpes","11":"tag-commerce","12":"tag-economie","13":"tag-eu","14":"tag-europe","15":"tag-fr","16":"tag-france","17":"tag-galeries-lafayette","18":"tag-grenoble","19":"tag-news","20":"tag-nouveaux-commerces","21":"tag-republique-francaise"},"share_on_mastodon":{"url":"https:\/\/pubeurope.com\/@fr\/115495900008094206","error":""},"_links":{"self":[{"href":"https:\/\/www.europesays.com\/fr\/wp-json\/wp\/v2\/posts\/512991","targetHints":{"allow":["GET"]}}],"collection":[{"href":"https:\/\/www.europesays.com\/fr\/wp-json\/wp\/v2\/posts"}],"about":[{"href":"https:\/\/www.europesays.com\/fr\/wp-json\/wp\/v2\/types\/post"}],"author":[{"embeddable":true,"href":"https:\/\/www.europesays.com\/fr\/wp-json\/wp\/v2\/users\/2"}],"replies":[{"embeddable":true,"href":"https:\/\/www.europesays.com\/fr\/wp-json\/wp\/v2\/comments?post=512991"}],"version-history":[{"count":0,"href":"https:\/\/www.europesays.com\/fr\/wp-json\/wp\/v2\/posts\/512991\/revisions"}],"wp:featuredmedia":[{"embeddable":true,"href":"https:\/\/www.europesays.com\/fr\/wp-json\/wp\/v2\/media\/512992"}],"wp:attachment":[{"href":"https:\/\/www.europesays.com\/fr\/wp-json\/wp\/v2\/media?parent=512991"}],"wp:term":[{"taxonomy":"category","embeddable":true,"href":"https:\/\/www.europesays.com\/fr\/wp-json\/wp\/v2\/categories?post=512991"},{"taxonomy":"post_tag","embeddable":true,"href":"https:\/\/www.europesays.com\/fr\/wp-json\/wp\/v2\/tags?post=512991"}],"curies":[{"name":"wp","href":"https:\/\/api.w.org\/{rel}","templated":true}]}}