{"id":512995,"date":"2025-11-05T07:26:22","date_gmt":"2025-11-05T07:26:22","guid":{"rendered":"https:\/\/www.europesays.com\/fr\/512995\/"},"modified":"2025-11-05T07:26:22","modified_gmt":"2025-11-05T07:26:22","slug":"bruz-la-passerelle-pieton-velo-de-ker-lann-a-ete-posee","status":"publish","type":"post","link":"https:\/\/www.europesays.com\/fr\/512995\/","title":{"rendered":"Bruz. La passerelle pi\u00e9ton-v\u00e9lo de Ker Lann a \u00e9t\u00e9 pos\u00e9e"},"content":{"rendered":"<p>Une passerelle pour pi\u00e9tons et cyclistes au-dessus de la quatre voies Rennes-Redon, \u00e0 hauteur de Ker Lann, a \u00e9t\u00e9 install\u00e9e dans la nuit du 29 au 30\u00a0octobre. La circulation a \u00e9t\u00e9 d\u00e9vi\u00e9e \u00e0 cette occasion.<\/p>\n<p>Cet ouvrage va permettre aux \u00e9tudiants du campus de rejoindre la zone des portes de Ker Lann sans avoir \u00e0 traverser \u00e0 pied ou \u00e0 v\u00e9lo les ronds points tr\u00e8s accidentog\u00e8nes. C\u2019est dans cette zone que se trouve le restaurant McDonald\u2019s. Mais cette passerelle de 50\u00a0m\u00e8tres est aussi le point d\u2019orgue de la ligne R\u00e9seau express v\u00e9lo, entre Rennes et Bruz, qui passe par Saint-Jacques-de-la-Lande et qui doit \u00eatre finalis\u00e9e avant la fin de l\u2019ann\u00e9e. Les cyclistes ,qui doivent emprunter les deux ronds-points au niveau de Ker Lann et du Parc-expo, attendent avec impatience cette r\u00e9alisation. Un \u00eelot refuge a \u00e9t\u00e9 r\u00e9alis\u00e9 cet \u00e9t\u00e9 pour traverser la D 34\u00a0afin de relier les portes de Ker Lann \u00e0 la nouvelle piste cyclable qui passe derri\u00e8re l\u2019h\u00f4tel B &amp; B. \u00a0On attend la pose de la passerelle et la continuit\u00e9 cyclable pour installer la signalisation d\u00e9finitive fin 2025\u00a0\u00bb, d\u00e9clarait en septembre, Charline Martel, en charge du projet \u00e0 Rennes m\u00e9tropole. La ligne aura co\u00fbt\u00e9 autour de quatre millions d\u2019euros.<\/p>\n<p>\u00a0<\/p>\n","protected":false},"excerpt":{"rendered":"Une passerelle pour pi\u00e9tons et cyclistes au-dessus de la quatre voies Rennes-Redon, \u00e0 hauteur de Ker Lann, a&hellip;\n","protected":false},"author":2,"featured_media":512996,"comment_status":"","ping_status":"","sticky":false,"template":"","format":"standard","meta":{"footnotes":""},"categories":[2821],"tags":[1111,11,829,26739,2883,1777,674,1011,27,63386,63387,12,26301,63385,58915,3086,584,25],"class_list":{"0":"post-512995","1":"post","2":"type-post","3":"status-publish","4":"format-standard","5":"has-post-thumbnail","7":"category-rennes","8":"tag-actu","9":"tag-actualites","10":"tag-bretagne","11":"tag-bruz","12":"tag-ete","13":"tag-eu","14":"tag-europe","15":"tag-fr","16":"tag-france","17":"tag-ker","18":"tag-lann","19":"tag-news","20":"tag-passerelle","21":"tag-pieton-velo","22":"tag-posee","23":"tag-redon","24":"tag-rennes","25":"tag-republique-francaise"},"share_on_mastodon":{"url":"https:\/\/pubeurope.com\/@fr\/115495907147589641","error":""},"_links":{"self":[{"href":"https:\/\/www.europesays.com\/fr\/wp-json\/wp\/v2\/posts\/512995","targetHints":{"allow":["GET"]}}],"collection":[{"href":"https:\/\/www.europesays.com\/fr\/wp-json\/wp\/v2\/posts"}],"about":[{"href":"https:\/\/www.europesays.com\/fr\/wp-json\/wp\/v2\/types\/post"}],"author":[{"embeddable":true,"href":"https:\/\/www.europesays.com\/fr\/wp-json\/wp\/v2\/users\/2"}],"replies":[{"embeddable":true,"href":"https:\/\/www.europesays.com\/fr\/wp-json\/wp\/v2\/comments?post=512995"}],"version-history":[{"count":0,"href":"https:\/\/www.europesays.com\/fr\/wp-json\/wp\/v2\/posts\/512995\/revisions"}],"wp:featuredmedia":[{"embeddable":true,"href":"https:\/\/www.europesays.com\/fr\/wp-json\/wp\/v2\/media\/512996"}],"wp:attachment":[{"href":"https:\/\/www.europesays.com\/fr\/wp-json\/wp\/v2\/media?parent=512995"}],"wp:term":[{"taxonomy":"category","embeddable":true,"href":"https:\/\/www.europesays.com\/fr\/wp-json\/wp\/v2\/categories?post=512995"},{"taxonomy":"post_tag","embeddable":true,"href":"https:\/\/www.europesays.com\/fr\/wp-json\/wp\/v2\/tags?post=512995"}],"curies":[{"name":"wp","href":"https:\/\/api.w.org\/{rel}","templated":true}]}}