{"id":512997,"date":"2025-11-05T07:27:12","date_gmt":"2025-11-05T07:27:12","guid":{"rendered":"https:\/\/www.europesays.com\/fr\/512997\/"},"modified":"2025-11-05T07:27:12","modified_gmt":"2025-11-05T07:27:12","slug":"la-culture-ne-doit-pas-devenir-elitiste-pourquoi-ce-festival-gratuit-est-en-danger-a-rennes","status":"publish","type":"post","link":"https:\/\/www.europesays.com\/fr\/512997\/","title":{"rendered":"\u00ab\u00a0La culture ne doit pas devenir \u00e9litiste\u00a0\u00bb\u00a0: pourquoi ce festival gratuit est en danger \u00e0 Rennes"},"content":{"rendered":"<p>C\u2019est un rendez-vous incontournable de la rentr\u00e9e \u00e0 Rennes. Chaque mois de septembre, depuis 2012, le festival musical I\u2019m From Rennes prend ses quartiers pour une semaine de concerts dans le magnifique \u00e9crin du parc du Thabor. Avec une particularit\u00e9 qui fait sa force : sa totale gratuit\u00e9. Pourtant, l\u2018\u00e9v\u00e9nement est aujourd\u2019hui en p\u00e9ril, selon les organisateurs.<\/p>\n<p>Des difficult\u00e9s financi\u00e8res<\/p>\n<p>En cause, une sant\u00e9 financi\u00e8re qui s\u2019est d\u00e9grad\u00e9e suite \u00e0 une \u00e9dition 2025 plomb\u00e9e par la m\u00e9t\u00e9o. \u00ab On a un manque \u00e0 gagner sur le bar et la restauration qui laisse une balance d\u00e9ficitaire importante \u00bb, affirme l\u2019organisateur. \u00ab Il y a un gros point d\u2019interrogation sur la p\u00e9rennit\u00e9 du festival \u00bb.<\/p>\n<p>\u00ab Alors, que faire ? \u00bb, s\u2019interrogent les responsables. \u00ab Fermer boutique et se priver de ce beau rendez-vous annuel ? Annoncer que les entr\u00e9es sont dor\u00e9navant payantes et renoncer ainsi \u00e0 un syst\u00e8me \u00e9conomique g\u00e9n\u00e9reux, \u00e9galitaire et non discriminant ? \u00bb<\/p>\n<p>Appel aux dons<\/p>\n<p>Afin d\u2019assurer une nouvelle \u00e9dition en pr\u00e9servant la gratuit\u00e9, le festival lance un appel \u00e0 l\u2019aide aupr\u00e8s des collectivit\u00e9s, des entreprises, des artistes et des Rennais de tous horizons.<\/p>\n<p>Les organisateurs sont \u00e0 l\u2019initiative d\u2019<a href=\"https:\/\/www.helloasso.com\/associations\/imfr\/collectes\/festival-i-m-from-rennes?fbclid=IwY2xjawN3FLxleHRuA2FlbQIxMABicmlkETFucDRJSnY4RXdRNzhSbTZtAR50s2kISGH2CNJQP9JO2hVIIWGmBH6bkfTceIwd-SsM1wLWWLdhw4rwPpCttw_aem_eezEgsOlgMfqh7n1wJAI4w\" target=\"_blank\" rel=\"noopener\">une cagnotte en ligne<\/a> qui vise \u00e0 r\u00e9colter 20 000 \u20ac afin de redresser la barre. \u00ab Nous ne souhaitons pas que l\u2019offre culturelle r\u00e9tr\u00e9cisse un peu plus \u00e0 Rennes et que la culture devienne alors \u00e9litiste, co\u00fbteuse et peu attentive aux artistes locaux \u00bb, ajoutent ces derniers.<\/p>\n","protected":false},"excerpt":{"rendered":"C\u2019est un rendez-vous incontournable de la rentr\u00e9e \u00e0 Rennes. Chaque mois de septembre, depuis 2012, le festival musical&hellip;\n","protected":false},"author":2,"featured_media":512998,"comment_status":"","ping_status":"","sticky":false,"template":"","format":"standard","meta":{"footnotes":""},"categories":[2821],"tags":[1111,11,829,3173,1777,674,1011,27,848,12,584,25],"class_list":{"0":"post-512997","1":"post","2":"type-post","3":"status-publish","4":"format-standard","5":"has-post-thumbnail","7":"category-rennes","8":"tag-actu","9":"tag-actualites","10":"tag-bretagne","11":"tag-culture-a-rennes","12":"tag-eu","13":"tag-europe","14":"tag-fr","15":"tag-france","16":"tag-ille-et-vilaine","17":"tag-news","18":"tag-rennes","19":"tag-republique-francaise"},"share_on_mastodon":{"url":"https:\/\/pubeurope.com\/@fr\/115495911065674932","error":""},"_links":{"self":[{"href":"https:\/\/www.europesays.com\/fr\/wp-json\/wp\/v2\/posts\/512997","targetHints":{"allow":["GET"]}}],"collection":[{"href":"https:\/\/www.europesays.com\/fr\/wp-json\/wp\/v2\/posts"}],"about":[{"href":"https:\/\/www.europesays.com\/fr\/wp-json\/wp\/v2\/types\/post"}],"author":[{"embeddable":true,"href":"https:\/\/www.europesays.com\/fr\/wp-json\/wp\/v2\/users\/2"}],"replies":[{"embeddable":true,"href":"https:\/\/www.europesays.com\/fr\/wp-json\/wp\/v2\/comments?post=512997"}],"version-history":[{"count":0,"href":"https:\/\/www.europesays.com\/fr\/wp-json\/wp\/v2\/posts\/512997\/revisions"}],"wp:featuredmedia":[{"embeddable":true,"href":"https:\/\/www.europesays.com\/fr\/wp-json\/wp\/v2\/media\/512998"}],"wp:attachment":[{"href":"https:\/\/www.europesays.com\/fr\/wp-json\/wp\/v2\/media?parent=512997"}],"wp:term":[{"taxonomy":"category","embeddable":true,"href":"https:\/\/www.europesays.com\/fr\/wp-json\/wp\/v2\/categories?post=512997"},{"taxonomy":"post_tag","embeddable":true,"href":"https:\/\/www.europesays.com\/fr\/wp-json\/wp\/v2\/tags?post=512997"}],"curies":[{"name":"wp","href":"https:\/\/api.w.org\/{rel}","templated":true}]}}