{"id":512999,"date":"2025-11-05T07:28:16","date_gmt":"2025-11-05T07:28:16","guid":{"rendered":"https:\/\/www.europesays.com\/fr\/512999\/"},"modified":"2025-11-05T07:28:16","modified_gmt":"2025-11-05T07:28:16","slug":"le-festival-des-universites-du-rhin-superieur-du-5-au-7-novembre","status":"publish","type":"post","link":"https:\/\/www.europesays.com\/fr\/512999\/","title":{"rendered":"le festival des universit\u00e9s du Rhin sup\u00e9rieur du 5 au 7 novembre"},"content":{"rendered":"<p>Festival universitaire trinational, UR FUTUR (Festival of Universities of Technology in the Upper Rhine) a pour objectif de mettre en lumi\u00e8re les fili\u00e8res enseign\u00e9es au sein des grandes \u00e9coles fran\u00e7aises et des Hochschulen allemandes et suisses. Au programme\u00a0:<\/p>\n<p>\u25b6 URAI les 5 et 6\u00a0novembre (P\u00f4le API)\u00a0: un symposium autour de l\u2019intelligence artificielle traite de l\u2019IA en m\u00e9decine et sant\u00e9\u00a0: de la conception algorithmique \u00e0 l\u2019usage clinique<\/p>\n<p>\u25b6 UR EXPERIENCE les 6 et 7\u00a0novembre dans les locaux de l\u2019ENGEES (\u00c9cole Nationale du G\u00e9nie de l\u2019Eau et de l\u2019Environnement de Strasbourg)\u00a0: une exposition interactive pr\u00e9sente une quarantaine de prototypes pr\u00e9sentant un concentr\u00e9 d\u2019id\u00e9es \u00ab\u00a0made in Rhin sup\u00e9rieur\u00a0\u00bb \u00e0 d\u00e9couvrir en avant-premi\u00e8re.<\/p>\n<p>L\u2019exposition est ouverte le jeudi d\u00e8s 14\u00a0h et le vendredi 7\u00a0novembre toute la journ\u00e9e.<\/p>\n<p>\u25b6 UR INSPIRATION le 6\u00a0novembre \u00e0 19\u00a0h dans les locaux de la HEAR (Haute \u00c9cole des Arts du Rhin)\u00a0: discussion sans langue de bois pour questionner l\u2019Europe d\u2019aujourd\u2019hui et imaginer celle de demain\u00a0: \u00ab\u00a0Europe\u00a0: un r\u00eave de boomers\u00a0? Moins de fronti\u00e8res, plus de neurones\u00a0!\u00a0\u00bb<\/p>\n<p>\u25b6 UR PARTY le 6\u00a0novembre \u00e0 22\u00a0h au club Karmen Camina (4 cour des Cigari\u00e8res)\u00a0: une soir\u00e9e festive avec trois pays, trois \u00e9nergies, un seul dance floor.<\/p>\n<p class=\"note\">Plus d\u2019infos sur https:\/\/www.trirhenatech.org\/festival-ur-futur<\/p>\n","protected":false},"excerpt":{"rendered":"Festival universitaire trinational, UR FUTUR (Festival of Universities of Technology in the Upper Rhine) a pour objectif de&hellip;\n","protected":false},"author":2,"featured_media":513000,"comment_status":"","ping_status":"","sticky":false,"template":"","format":"standard","meta":{"footnotes":""},"categories":[2820],"tags":[1111,11,2389,2649,2880,1057,4854,1777,674,107,1011,27,775,12,25,640,2879],"class_list":{"0":"post-512999","1":"post","2":"type-post","3":"status-publish","4":"format-standard","5":"has-post-thumbnail","7":"category-strasbourg","8":"tag-actu","9":"tag-actualites","10":"tag-alsace","11":"tag-bas-rhin","12":"tag-edition-strasbourg","13":"tag-education","14":"tag-enseignement-superieur","15":"tag-eu","16":"tag-europe","17":"tag-fil-info","18":"tag-fr","19":"tag-france","20":"tag-grand-est","21":"tag-news","22":"tag-republique-francaise","23":"tag-strasbourg","24":"tag-strasbourg-ville"},"share_on_mastodon":{"url":"https:\/\/pubeurope.com\/@fr\/115495915064490268","error":""},"_links":{"self":[{"href":"https:\/\/www.europesays.com\/fr\/wp-json\/wp\/v2\/posts\/512999","targetHints":{"allow":["GET"]}}],"collection":[{"href":"https:\/\/www.europesays.com\/fr\/wp-json\/wp\/v2\/posts"}],"about":[{"href":"https:\/\/www.europesays.com\/fr\/wp-json\/wp\/v2\/types\/post"}],"author":[{"embeddable":true,"href":"https:\/\/www.europesays.com\/fr\/wp-json\/wp\/v2\/users\/2"}],"replies":[{"embeddable":true,"href":"https:\/\/www.europesays.com\/fr\/wp-json\/wp\/v2\/comments?post=512999"}],"version-history":[{"count":0,"href":"https:\/\/www.europesays.com\/fr\/wp-json\/wp\/v2\/posts\/512999\/revisions"}],"wp:featuredmedia":[{"embeddable":true,"href":"https:\/\/www.europesays.com\/fr\/wp-json\/wp\/v2\/media\/513000"}],"wp:attachment":[{"href":"https:\/\/www.europesays.com\/fr\/wp-json\/wp\/v2\/media?parent=512999"}],"wp:term":[{"taxonomy":"category","embeddable":true,"href":"https:\/\/www.europesays.com\/fr\/wp-json\/wp\/v2\/categories?post=512999"},{"taxonomy":"post_tag","embeddable":true,"href":"https:\/\/www.europesays.com\/fr\/wp-json\/wp\/v2\/tags?post=512999"}],"curies":[{"name":"wp","href":"https:\/\/api.w.org\/{rel}","templated":true}]}}