{"id":513001,"date":"2025-11-05T07:29:12","date_gmt":"2025-11-05T07:29:12","guid":{"rendered":"https:\/\/www.europesays.com\/fr\/513001\/"},"modified":"2025-11-05T07:29:12","modified_gmt":"2025-11-05T07:29:12","slug":"le-strasbourg-ath-a-besoin-dun-declic-contre-chambray","status":"publish","type":"post","link":"https:\/\/www.europesays.com\/fr\/513001\/","title":{"rendered":"le Strasbourg ATH a besoin d\u2019un \u00ab d\u00e9clic \u00bb contre Chambray"},"content":{"rendered":"<p>Il reste deux matches en 2025 pour commencer \u00e0 changer son destin. Ils ne seront pas des plus simples et s\u2019annoncent m\u00eame abrupts.<\/p>\n<p>Avant de se rendre \u00e0 Nice (4e ) dans huit jours, c\u2019est d\u2019abord face \u00e0 Chambray (7e , 3 victoires, 1 nul, 3 d\u00e9faites) qu\u2019il faudra guetter l\u2019ouverture ce mercredi soir.<\/p>\n<p>\u00ab\u00a0On cherche ensemble les solutions envisageables\u00a0\u00bb<\/p>\n<p>Mais les \u201c <a href=\"https:\/\/www.dna.fr\/sport\/strasbourg-ath\" target=\"_blank\" rel=\"noopener\">Piraths<\/a> \u201d (13es ), meurtries par <a href=\"https:\/\/www.dna.fr\/sport\/2025\/10\/25\/le-strasbourg-ath-n-etait-pas-loin\" target=\"_blank\" rel=\"noopener\">leur derni\u00e8re d\u00e9faite \u00e0 Toulon (33-30)<\/a> , la septi\u00e8me de suite en D1, en ont-elles les moyens\u00a0?<\/p>\n<p>C\u2019est toute la question. \u00ab\u00a0Il reste toujours de la frustration, de la d\u00e9ception, un m\u00e9lange d\u2019\u00e9motions&#8230;<\/p>\n","protected":false},"excerpt":{"rendered":"Il reste deux matches en 2025 pour commencer \u00e0 changer son destin. Ils ne seront pas des plus&hellip;\n","protected":false},"author":2,"featured_media":513002,"comment_status":"","ping_status":"","sticky":false,"template":"","format":"standard","meta":{"footnotes":""},"categories":[2820],"tags":[1111,11,2389,2649,2880,1777,674,107,1701,1011,27,775,1792,12,25,7770,517,640,12904,18463],"class_list":{"0":"post-513001","1":"post","2":"type-post","3":"status-publish","4":"format-standard","5":"has-post-thumbnail","7":"category-strasbourg","8":"tag-actu","9":"tag-actualites","10":"tag-alsace","11":"tag-bas-rhin","12":"tag-edition-strasbourg","13":"tag-eu","14":"tag-europe","15":"tag-fil-info","16":"tag-fil-info-sport","17":"tag-fr","18":"tag-france","19":"tag-grand-est","20":"tag-handball","21":"tag-news","22":"tag-republique-francaise","23":"tag-secteur-de-truchtersheim","24":"tag-sport","25":"tag-strasbourg","26":"tag-strasbourg-ath","27":"tag-truchtersheim"},"share_on_mastodon":{"url":"https:\/\/pubeurope.com\/@fr\/115495918849235945","error":""},"_links":{"self":[{"href":"https:\/\/www.europesays.com\/fr\/wp-json\/wp\/v2\/posts\/513001","targetHints":{"allow":["GET"]}}],"collection":[{"href":"https:\/\/www.europesays.com\/fr\/wp-json\/wp\/v2\/posts"}],"about":[{"href":"https:\/\/www.europesays.com\/fr\/wp-json\/wp\/v2\/types\/post"}],"author":[{"embeddable":true,"href":"https:\/\/www.europesays.com\/fr\/wp-json\/wp\/v2\/users\/2"}],"replies":[{"embeddable":true,"href":"https:\/\/www.europesays.com\/fr\/wp-json\/wp\/v2\/comments?post=513001"}],"version-history":[{"count":0,"href":"https:\/\/www.europesays.com\/fr\/wp-json\/wp\/v2\/posts\/513001\/revisions"}],"wp:featuredmedia":[{"embeddable":true,"href":"https:\/\/www.europesays.com\/fr\/wp-json\/wp\/v2\/media\/513002"}],"wp:attachment":[{"href":"https:\/\/www.europesays.com\/fr\/wp-json\/wp\/v2\/media?parent=513001"}],"wp:term":[{"taxonomy":"category","embeddable":true,"href":"https:\/\/www.europesays.com\/fr\/wp-json\/wp\/v2\/categories?post=513001"},{"taxonomy":"post_tag","embeddable":true,"href":"https:\/\/www.europesays.com\/fr\/wp-json\/wp\/v2\/tags?post=513001"}],"curies":[{"name":"wp","href":"https:\/\/api.w.org\/{rel}","templated":true}]}}