{"id":513013,"date":"2025-11-05T07:36:17","date_gmt":"2025-11-05T07:36:17","guid":{"rendered":"https:\/\/www.europesays.com\/fr\/513013\/"},"modified":"2025-11-05T07:36:17","modified_gmt":"2025-11-05T07:36:17","slug":"un-accident-sur-la620-a-hauteur-de-purpan-a-louest-de-toulouse-ce-mercredi","status":"publish","type":"post","link":"https:\/\/www.europesays.com\/fr\/513013\/","title":{"rendered":"Un accident sur l&rsquo;A620, \u00e0 hauteur de Purpan, \u00e0 l&rsquo;Ouest de Toulouse, ce mercredi"},"content":{"rendered":"<p><strong>Apr\u00e8s un premier accident sur l\u2019A620, \u00e0 l\u2019Ouest de Toulouse, au niveau de Purpan, ce mercredi 5 novembre 2025, une seconde collision s\u2019est produite entre deux v\u00e9hicules, sur le m\u00eame axe routier, \u00e0 hauteur d\u2019Empalot, dans le Sud. Le Journal Toulousain fait le point sur les conditions de circulation. <\/strong><\/p>\n<p><img fetchpriority=\"high\" decoding=\"async\" width=\"1200\" height=\"800\" src=\"https:\/\/www.europesays.com\/fr\/wp-content\/uploads\/2025\/11\/Depositphotos_533928708_XL.jpg\" alt=\"Info Trafic : Un accident sur l'A620, \u00e0 hauteur de Purpan, \u00e0 l'Ouest de Toulouse, ce mercredi\"  \/><\/p>\n<p>Info Trafic : Un accident sur l\u2019A620, \u00e0 hauteur de Purpan, \u00e0 l\u2019Ouest de Toulouse, ce mercredi \u00a9 lucky_pics \/ Depositphotos<\/p>\n<p><strong>A l\u2019Ouest de Toulouse : <\/strong>Attention sur les routes toulousaines ce mercredi 5 novembre 2025, un accident entre deux v\u00e9hicules l\u00e9gers a \u00e9t\u00e9 signal\u00e9 par Bison Fut\u00e9 avant 7h20 sur l\u2019A620, dans le sens int\u00e9rieur de Toulouse sud vers Toulouse nord, \u00e0 hauteur de Purpan. Du c\u00f4t\u00e9 de la route nationale 124, dans le sens Langon-Toulouse, un bouchon de pr\u00e8s de 3 kilom\u00e8tres s\u2019est form\u00e9 entre Pibrac et Colomiers. <\/p>\n<p><strong>Au Sud de Toulouse :<\/strong> Un autre accident est survenu avant 8h sur l\u2019A620, dans le sens int\u00e9rieur de Toulouse sud vers Toulouse nord, \u00e0 hauteur du quartier Empalot. Deux v\u00e9hicules l\u00e9gers sont concern\u00e9s. Des ralentissements sur pr\u00e8s de 9 kilom\u00e8tres sont \u00e0 d\u00e9plorer sur l\u2019A64, dans le sens Bayonne-Toulouse, entre Roques et la Ville rose. En cause : le r\u00e9tr\u00e9cissement des voies. Sur l\u2019A620, dans le sens int\u00e9rieur de Toulouse sud vers Toulouse nord, les automobilistes sont \u00e0 l\u2019arr\u00eat sur plus de 2 kilom\u00e8tres entre Montaudran et Rangueil. <\/p>\n<p><strong>Au Nord de Toulouse : <\/strong>La circulation est \u00e9galement perturb\u00e9e par le r\u00e9tr\u00e9cissement des voies sur l\u2019A62, dans le sens ext\u00e9rieur de Toulouse vers Bordeaux : le trafic routier est au ralenti sur pr\u00e8s de 5 kilom\u00e8tres entre Aucamville et Gramont. Du c\u00f4t\u00e9 de l\u2019A68, dans le sens Albi-Toulouse, des ralentissements sont en cours sur pr\u00e8s de 3 kilom\u00e8tres entre Montrab\u00e9 et la Ville rose. <\/p>\n<p><strong>A l\u2019Est de Toulouse : <\/strong>Les automobilistes doivent prendre leur mal en patience sur l\u2019A61, dans le sens int\u00e9rieur de Toulouse vers Narbonne. <a href=\"https:\/\/www.bison-fute.gouv.fr\/maintenant.html\" data-type=\"link\" data-id=\"https:\/\/www.bison-fute.gouv.fr\/maintenant.html\" target=\"_blank\" rel=\"noopener nofollow\">Bison Fut\u00e9<\/a> recense un ralentissement de la circulation sur 5 kilom\u00e8tres entre Gramont et Ch\u00e2teau de l\u2019Hers \u00e0 cause du r\u00e9tr\u00e9cissement des voies. <\/p>\n","protected":false},"excerpt":{"rendered":"Apr\u00e8s un premier accident sur l\u2019A620, \u00e0 l\u2019Ouest de Toulouse, au niveau de Purpan, ce mercredi 5 novembre&hellip;\n","protected":false},"author":2,"featured_media":513014,"comment_status":"","ping_status":"","sticky":false,"template":"","format":"standard","meta":{"footnotes":""},"categories":[2816],"tags":[1111,11,57353,1777,674,1011,27,63394,12,2680,25,2312,63395],"class_list":{"0":"post-513013","1":"post","2":"type-post","3":"status-publish","4":"format-standard","5":"has-post-thumbnail","7":"category-toulouse","8":"tag-actu","9":"tag-actualites","10":"tag-ce-mercredi","11":"tag-eu","12":"tag-europe","13":"tag-fr","14":"tag-france","15":"tag-info-trafic-2-accidents-signalu00e9s-sur-la620","16":"tag-news","17":"tag-occitanie","18":"tag-republique-francaise","19":"tag-toulouse","20":"tag-u00e0-louest-et-au-sud-de-toulouse"},"share_on_mastodon":{"url":"https:\/\/pubeurope.com\/@fr\/115495946605577287","error":""},"_links":{"self":[{"href":"https:\/\/www.europesays.com\/fr\/wp-json\/wp\/v2\/posts\/513013","targetHints":{"allow":["GET"]}}],"collection":[{"href":"https:\/\/www.europesays.com\/fr\/wp-json\/wp\/v2\/posts"}],"about":[{"href":"https:\/\/www.europesays.com\/fr\/wp-json\/wp\/v2\/types\/post"}],"author":[{"embeddable":true,"href":"https:\/\/www.europesays.com\/fr\/wp-json\/wp\/v2\/users\/2"}],"replies":[{"embeddable":true,"href":"https:\/\/www.europesays.com\/fr\/wp-json\/wp\/v2\/comments?post=513013"}],"version-history":[{"count":0,"href":"https:\/\/www.europesays.com\/fr\/wp-json\/wp\/v2\/posts\/513013\/revisions"}],"wp:featuredmedia":[{"embeddable":true,"href":"https:\/\/www.europesays.com\/fr\/wp-json\/wp\/v2\/media\/513014"}],"wp:attachment":[{"href":"https:\/\/www.europesays.com\/fr\/wp-json\/wp\/v2\/media?parent=513013"}],"wp:term":[{"taxonomy":"category","embeddable":true,"href":"https:\/\/www.europesays.com\/fr\/wp-json\/wp\/v2\/categories?post=513013"},{"taxonomy":"post_tag","embeddable":true,"href":"https:\/\/www.europesays.com\/fr\/wp-json\/wp\/v2\/tags?post=513013"}],"curies":[{"name":"wp","href":"https:\/\/api.w.org\/{rel}","templated":true}]}}