{"id":513023,"date":"2025-11-05T07:41:11","date_gmt":"2025-11-05T07:41:11","guid":{"rendered":"https:\/\/www.europesays.com\/fr\/513023\/"},"modified":"2025-11-05T07:41:11","modified_gmt":"2025-11-05T07:41:11","slug":"les-supporters-italiens-interdits-de-centre-ville-a-marseille-securite-renforcee","status":"publish","type":"post","link":"https:\/\/www.europesays.com\/fr\/513023\/","title":{"rendered":"les supporters italiens interdits de centre-ville \u00e0 Marseille, s\u00e9curit\u00e9 renforc\u00e9e"},"content":{"rendered":"<p>Grosse s\u00e9curit\u00e9 pour OM-Atalanta ce 5 novembre. 500 supporters italiens sont attendus au V\u00e9lodrome. La pr\u00e9fecture de police leur interdit le centre-ville de Marseille et interdit les fumig\u00e8nes au stade.<\/p>\n<p>C&rsquo;est soir de Ligue des champions \u00e0 Marseille. L&rsquo;Olympique de Marseille affronte les Italiens de l&rsquo;Atalanta Bergame ce\u00a0<strong>mercredi 5 novembre \u00e0 21h00<\/strong> au stade Orange V\u00e9lodrome.<\/p>\n<p>Un match sous haute tension : <strong>pr\u00e8s de 500 supporters de l&rsquo;Atalanta<\/strong> sont attendus dans la cit\u00e9 phoc\u00e9enne. Pour garantir l&rsquo;ordre public, la pr\u00e9f\u00e8te de police d\u00e9l\u00e9gu\u00e9e, Corinne Simon, a mis en place un dispositif de s\u00e9curit\u00e9 renforc\u00e9 et pris plusieurs arr\u00eat\u00e9s stricts.<\/p>\n<p>\u00a0<\/p>\n<p>Supporters italiens interdits dans le centre-ville<\/p>\n<p>\u00a0<\/p>\n<p>C&rsquo;est la mesure la plus forte de ce dispositif. La pr\u00e9fecture a pris un arr\u00eat\u00e9 interdisant \u00ab\u00a0de stationner et de circuler sur la voie publique, dans le centre-ville de Marseille, \u00e0 toute personne se pr\u00e9valant de la qualit\u00e9 de supporters de l\u2019Atalanta Bergame ou agissant comme tel\u00a0\u00bb.<\/p>\n<p>Concr\u00e8tement, les supporters italiens ne pourront pas se regrouper dans l&rsquo;hypercentre en dehors du d\u00e9placement encadr\u00e9 vers le stade.<\/p>\n<p>\u00a0<\/p>\n<p>Fumig\u00e8nes et p\u00e9tards bannis aux abords du stade<\/p>\n<p>\u00a0<\/p>\n<p>Comme pour chaque match sensible, un second arr\u00eat\u00e9 a \u00e9t\u00e9 pris. Il porte sur \u00ab\u00a0l\u2019interdiction de port, de transport, de d\u00e9tention et d\u2019usage d\u2019engins pyrotechniques aux abords du stade\u00a0\u00bb.<\/p>\n<p>\u00a0<\/p>\n<p>\u00ab\u00a0Aucun d\u00e9bordement ne sera tol\u00e9r\u00e9\u00a0\u00bb<\/p>\n<p>\u00a0<\/p>\n<p>La pr\u00e9fecture pr\u00e9vient que des unit\u00e9s de forces mobiles sont d\u00e9ploy\u00e9es aujourd&rsquo;hui en renfort des effectifs locaux pour faire respecter ces mesures.<\/p>\n<p>Le message est clair : <strong>\u00ab\u00a0Aucun d\u00e9bordement ne sera tol\u00e9r\u00e9\u00a0\u00bb<\/strong>. L&rsquo;objectif est que cette rencontre europ\u00e9enne, \u00e0 laquelle les supporters des deux \u00e9quipes pourront assister, \u00ab\u00a0doit rester une f\u00eate sportive\u00a0\u00bb.<\/p>\n<p>La rencontre sera bien \u00e9videmment \u00e0 suivre en direct sur maritima.\u00a0<\/p>\n","protected":false},"excerpt":{"rendered":"Grosse s\u00e9curit\u00e9 pour OM-Atalanta ce 5 novembre. 500 supporters italiens sont attendus au V\u00e9lodrome. La pr\u00e9fecture de police&hellip;\n","protected":false},"author":2,"featured_media":513024,"comment_status":"","ping_status":"","sticky":false,"template":"","format":"standard","meta":{"footnotes":""},"categories":[2814],"tags":[1111,11,43431,1777,674,1011,27,447,884,12,149,882,25,1280],"class_list":{"0":"post-513023","1":"post","2":"type-post","3":"status-publish","4":"format-standard","5":"has-post-thumbnail","7":"category-marseille","8":"tag-actu","9":"tag-actualites","10":"tag-atalanta","11":"tag-eu","12":"tag-europe","13":"tag-fr","14":"tag-france","15":"tag-ligue-des-champions","16":"tag-marseille","17":"tag-news","18":"tag-om","19":"tag-provence-alpes-cote-dazur","20":"tag-republique-francaise","21":"tag-stade-velodrome"},"share_on_mastodon":{"url":"https:\/\/pubeurope.com\/@fr\/115495966092828847","error":""},"_links":{"self":[{"href":"https:\/\/www.europesays.com\/fr\/wp-json\/wp\/v2\/posts\/513023","targetHints":{"allow":["GET"]}}],"collection":[{"href":"https:\/\/www.europesays.com\/fr\/wp-json\/wp\/v2\/posts"}],"about":[{"href":"https:\/\/www.europesays.com\/fr\/wp-json\/wp\/v2\/types\/post"}],"author":[{"embeddable":true,"href":"https:\/\/www.europesays.com\/fr\/wp-json\/wp\/v2\/users\/2"}],"replies":[{"embeddable":true,"href":"https:\/\/www.europesays.com\/fr\/wp-json\/wp\/v2\/comments?post=513023"}],"version-history":[{"count":0,"href":"https:\/\/www.europesays.com\/fr\/wp-json\/wp\/v2\/posts\/513023\/revisions"}],"wp:featuredmedia":[{"embeddable":true,"href":"https:\/\/www.europesays.com\/fr\/wp-json\/wp\/v2\/media\/513024"}],"wp:attachment":[{"href":"https:\/\/www.europesays.com\/fr\/wp-json\/wp\/v2\/media?parent=513023"}],"wp:term":[{"taxonomy":"category","embeddable":true,"href":"https:\/\/www.europesays.com\/fr\/wp-json\/wp\/v2\/categories?post=513023"},{"taxonomy":"post_tag","embeddable":true,"href":"https:\/\/www.europesays.com\/fr\/wp-json\/wp\/v2\/tags?post=513023"}],"curies":[{"name":"wp","href":"https:\/\/api.w.org\/{rel}","templated":true}]}}