{"id":513029,"date":"2025-11-05T07:45:42","date_gmt":"2025-11-05T07:45:42","guid":{"rendered":"https:\/\/www.europesays.com\/fr\/513029\/"},"modified":"2025-11-05T07:45:42","modified_gmt":"2025-11-05T07:45:42","slug":"transport-en-ile-de-france-apparu-en-1900-le-ticket-de-metro-en-carton-cest-presque-fini","status":"publish","type":"post","link":"https:\/\/www.europesays.com\/fr\/513029\/","title":{"rendered":"Transport en \u00cele-de-France\u00a0: apparu en 1900, le ticket de m\u00e9tro en carton, c\u2019est (presque) fini"},"content":{"rendered":"<p class=\"paragraph text_align_left lp-f-body-02\">Il \u00e9tait pr\u00e9sent dans les poches des Franciliens depuis cinq g\u00e9n\u00e9rations. <a href=\"https:\/\/www.leparisien.fr\/info-paris-ile-de-france-oise\/transports\/tickets-carton-en-ile-de-france-a-partir-de-lete-2026-ils-ne-seront-plus-valables-pour-voyager-16-05-2025-UOREE6BSRJBNXIVAK2VUQAGTYY.php\" target=\"_self\" rel=\"noopener\">Le ticket de transport en carton<\/a> est n\u00e9 en m\u00eame temps que le m\u00e9tro parisien, en juillet 1900, il y a 125 ans. Jusqu\u2019au dernier moment, il a jou\u00e9 les prolongations. Pr\u00e9vue au d\u00e9part le 1er novembre, la date de fin de sa commercialisation a \u00e9t\u00e9 d\u00e9cal\u00e9e \u00e0 ce mercredi 5 novembre.<\/p>\n<p class=\"paragraph text_align_left lp-f-body-02\">\u00c0 cette date, l\u2019embl\u00e9matique rectangle de carton de 6,5 x 3 cm, muni d\u2019une bande magn\u00e9tique depuis 1973, rejoindra alors le rayon des objets souvenirs\u2026 sauf pour ceux qui ont fait leur stock par anticipation.<\/p>\n","protected":false},"excerpt":{"rendered":"Il \u00e9tait pr\u00e9sent dans les poches des Franciliens depuis cinq g\u00e9n\u00e9rations. Le ticket de transport en carton est&hellip;\n","protected":false},"author":2,"featured_media":513030,"comment_status":"","ping_status":"","sticky":false,"template":"","format":"standard","meta":{"footnotes":""},"categories":[1592],"tags":[1111,11,1777,674,1011,27,662,1944,12,626,25,2382],"class_list":{"0":"post-513029","1":"post","2":"type-post","3":"status-publish","4":"format-standard","5":"has-post-thumbnail","7":"category-ile-de-france","8":"tag-actu","9":"tag-actualites","10":"tag-eu","11":"tag-europe","12":"tag-fr","13":"tag-france","14":"tag-ile-de-france","15":"tag-ma-ville","16":"tag-news","17":"tag-paris","18":"tag-republique-francaise","19":"tag-transport-idf-oise"},"share_on_mastodon":{"url":"https:\/\/pubeurope.com\/@fr\/115495982051905704","error":""},"_links":{"self":[{"href":"https:\/\/www.europesays.com\/fr\/wp-json\/wp\/v2\/posts\/513029","targetHints":{"allow":["GET"]}}],"collection":[{"href":"https:\/\/www.europesays.com\/fr\/wp-json\/wp\/v2\/posts"}],"about":[{"href":"https:\/\/www.europesays.com\/fr\/wp-json\/wp\/v2\/types\/post"}],"author":[{"embeddable":true,"href":"https:\/\/www.europesays.com\/fr\/wp-json\/wp\/v2\/users\/2"}],"replies":[{"embeddable":true,"href":"https:\/\/www.europesays.com\/fr\/wp-json\/wp\/v2\/comments?post=513029"}],"version-history":[{"count":0,"href":"https:\/\/www.europesays.com\/fr\/wp-json\/wp\/v2\/posts\/513029\/revisions"}],"wp:featuredmedia":[{"embeddable":true,"href":"https:\/\/www.europesays.com\/fr\/wp-json\/wp\/v2\/media\/513030"}],"wp:attachment":[{"href":"https:\/\/www.europesays.com\/fr\/wp-json\/wp\/v2\/media?parent=513029"}],"wp:term":[{"taxonomy":"category","embeddable":true,"href":"https:\/\/www.europesays.com\/fr\/wp-json\/wp\/v2\/categories?post=513029"},{"taxonomy":"post_tag","embeddable":true,"href":"https:\/\/www.europesays.com\/fr\/wp-json\/wp\/v2\/tags?post=513029"}],"curies":[{"name":"wp","href":"https:\/\/api.w.org\/{rel}","templated":true}]}}