{"id":513031,"date":"2025-11-05T07:46:14","date_gmt":"2025-11-05T07:46:14","guid":{"rendered":"https:\/\/www.europesays.com\/fr\/513031\/"},"modified":"2025-11-05T07:46:14","modified_gmt":"2025-11-05T07:46:14","slug":"les-valeurs-a-suivre-a-paris-et-en-europe-actualise-05-11-2025-a-0815","status":"publish","type":"post","link":"https:\/\/www.europesays.com\/fr\/513031\/","title":{"rendered":"Les valeurs \u00e0 suivre \u00e0 Paris et en Europe (actualis\u00e9) &#8211; 05\/11\/2025 \u00e0 08:15"},"content":{"rendered":"<p>\n *\n<\/p>\n<p>\n Variation des futures sur indice CAC 40  0#FCE:\n<\/p>\n<p>\n *\n<\/p>\n<p>\n Variation des futures sur indice Stoxx 600  0#FXXP:\n<\/p>\n<p>\n *\n<\/p>\n<p>\n Valeurs qui se traitent ex-dividende  .EX.PA\n<\/p>\n<p>\n *\n<\/p>\n<p>\n Le point sur les march\u00e9s europ\u00e9ens  .EUFR\n<\/p>\n<p>\n Les valeurs \u00e0<br \/>\nsuivre mercredi \u00e0 la Bourse de Paris et en Europe :\n<\/p>\n<p>\n * RUBIS<br \/>\n <a href=\"https:\/\/www.boursorama.com\/cours\/1rPRUI\/\" target=\"_blank\" rel=\"noopener\"><br \/>\n  RUBF.PA<br \/>\n <\/a><br \/>\n a confirm\u00e9 mardi ses objectifs financiers<br \/>\npour 2025, apr\u00e8s un troisi\u00e8me trimestre marqu\u00e9 par une<br \/>\ncroissance des volumes.\n<\/p>\n<p>\n * BOUYGUES<br \/>\n <a href=\"https:\/\/www.boursorama.com\/cours\/1rPEN\/\" target=\"_blank\" rel=\"noopener\"><br \/>\n  BOUY.PA<br \/>\n <\/a><br \/>\n a annonc\u00e9 mercredi que son chiffre<br \/>\nd&rsquo;affaires publi\u00e9 pour 2025 devrait \u00eatre similaire \u00e0 celui-ci de<br \/>\n2024, le groupe de construction et de t\u00e9l\u00e9communications citant<br \/>\nl&rsquo;impact des fluctuations de devises, notamment celles li\u00e9es au<br \/>\ndollar am\u00e9ricain.\n<\/p>\n<p>\n * NOVO NORDISK<br \/>\n <a href=\"https:\/\/www.boursorama.com\/cours\/1uNVOB.L\/\" target=\"_blank\" rel=\"noopener\"><br \/>\n  NOVOb.CO<br \/>\n <\/a><br \/>\n &#8211; Le laboratoire<br \/>\npharmaceutique danois a abaiss\u00e9 mercredi sa pr\u00e9vision de<br \/>\nb\u00e9n\u00e9fice pour l&rsquo;ensemble de l&rsquo;ann\u00e9e, portant un premier coup dur<br \/>\nau nouveau directeur g\u00e9n\u00e9ral, qui m\u00e8ne une profonde<br \/>\nrestructuration pour regagner le terrain perdu dans la bataille<br \/>\nacharn\u00e9e que se livrent les fabricants de m\u00e9dicaments contre<br \/>\nl&rsquo;ob\u00e9sit\u00e9.\n<\/p>\n<p>\n * BARRY CALLEBAUT<br \/>\n <a href=\"https:\/\/www.boursorama.com\/cours\/2aBARN\/\" target=\"_blank\" rel=\"noopener\"><br \/>\n  BARN.S<br \/>\n <\/a><br \/>\n a d\u00e9clar\u00e9 mercredi s&rsquo;attendre \u00e0<br \/>\nune baisse d&rsquo;environ 0,5% (\u00ab\u00a0mid single-digit decline\u00a0\u00bb) de ses<br \/>\nventes de produits \u00e0 base de cacao au cours du prochain exercice<br \/>\nfinancier, citant la pression des prix \u00e9lev\u00e9s de cette mati\u00e8re<br \/>\npremi\u00e8re.\n<\/p>\n<p>\n * BMW<br \/>\n <a href=\"https:\/\/www.boursorama.com\/cours\/1zBMW\/\" target=\"_blank\" rel=\"noopener\"><br \/>\n  BMWG.DE<br \/>\n <\/a><br \/>\n &#8211; Le constructeur automobile allemand a<br \/>\nannonc\u00e9 mercredi avoir enregistr\u00e9 une marge b\u00e9n\u00e9ficiaire<br \/>\nsup\u00e9rieure aux pr\u00e9visions dans son activit\u00e9 principale au<br \/>\ntroisi\u00e8me trimestre, malgr\u00e9 les droits de douane impos\u00e9s par les<br \/>\n\u00c9tats-Unis et l&rsquo;Union europ\u00e9enne et la concurrence intense en<br \/>\nChine.\n<\/p>\n<p>\n * PANDORA  PNDORA.CO  &#8211; La marque danoise de bijoux a publi\u00e9<br \/>\nmercredi un b\u00e9n\u00e9fice d&rsquo;exploitation l\u00e9g\u00e8rement sup\u00e9rieur aux<br \/>\npr\u00e9visions pour le troisi\u00e8me trimestre, mais une croissance du<br \/>\nchiffre d&rsquo;affaires comparable plus faible, les ventes en Europe<br \/>\nrestant moroses.\n<\/p>\n<p>\n * M&amp;S<br \/>\n <a href=\"https:\/\/www.boursorama.com\/cours\/1uMKS.L\/\" target=\"_blank\" rel=\"noopener\"><br \/>\n  MKS.L<br \/>\n <\/a><br \/>\n &#8211; Le d\u00e9taillant britannique Marks &amp;<br \/>\nSpencer a annonc\u00e9 une baisse de 55,4% de son b\u00e9n\u00e9fice<br \/>\nsous-jacent au premier semestre, refl\u00e9tant l&rsquo;impact sur les<br \/>\nventes et les marges d&rsquo;une cyberattaque survenue en avril qui<br \/>\nl&rsquo;a contraint \u00e0 suspendre les commandes de v\u00eatements en ligne<br \/>\npendant sept semaines et a \u00e9galement affect\u00e9 la disponibilit\u00e9<br \/>\ndes produits alimentaires.\n<\/p>\n<p>\n * Le SECTEUR DES SEMI-CONDUCTEURS est \u00e0 surveiller dans<br \/>\nle contexte des craintes sur les valorisations \u00e9lev\u00e9es des<br \/>\ngroupes li\u00e9es \u00e0 l&rsquo;intelligence artificielle (IA) et alors que<br \/>\nplusieurs acteurs am\u00e9ricains de cette industrie ont publi\u00e9 leurs<br \/>\nr\u00e9sultats trimestriels mardi soir.\n<\/p>\n<p>\n Le groupe am\u00e9ricain Super Micro Computer<br \/>\n <a href=\"https:\/\/www.boursorama.com\/cours\/SMCI\/\" target=\"_blank\" rel=\"noopener\"><br \/>\n  SMCI.O<br \/>\n <\/a><br \/>\n n&rsquo;a<br \/>\npas atteint les estimations de Wall Street en mati\u00e8re de<br \/>\nb\u00e9n\u00e9fice et de chiffre d&rsquo;affaires trimestriels, p\u00e9nalis\u00e9 par un<br \/>\nchangement dans les calendriers de livraison de contrats<br \/>\nimportants dans le domaine de l&rsquo;intelligence artificielle (IA).\n<\/p>\n<p>\n AMD<br \/>\n <a href=\"https:\/\/www.boursorama.com\/cours\/AMD\/\" target=\"_blank\" rel=\"noopener\"><br \/>\n  AMD.O<br \/>\n <\/a><br \/>\n a en revanche dit pr\u00e9voir un chiffre<br \/>\nd&rsquo;affaires pour le quatri\u00e8me trimestre sup\u00e9rieur aux<br \/>\nestimations, misant sur les investissements dans l&rsquo;expansion des<br \/>\ninfrastructures des centres de donn\u00e9es. Cependant, l&rsquo;action du<br \/>\ngroupe am\u00e9ricain recule d&rsquo;environ 3% dans les \u00e9changes<br \/>\napr\u00e8s-Bourse.\n<\/p>\n<p>\n * VESTAS  VWS.CO  &#8211; Le fabricant d&rsquo;\u00e9oliennes a annonc\u00e9<br \/>\nmercredi un b\u00e9n\u00e9fice d&rsquo;exploitation sup\u00e9rieur aux attentes pour<br \/>\nle troisi\u00e8me trimestre, gr\u00e2ce \u00e0 la bonne performance de son<br \/>\nactivit\u00e9 \u00ab\u00a0onshore\u00a0\u00bb.\n<\/p>\n<p>\n * SIEMENS HEALTHINEERS<br \/>\n <a href=\"https:\/\/www.boursorama.com\/cours\/1zSHL\/\" target=\"_blank\" rel=\"noopener\"><br \/>\n  SHLG.DE<br \/>\n <\/a><br \/>\n a fait \u00e9tat mercredi d&rsquo;un<br \/>\nchiffre d&rsquo;affaires l\u00e9g\u00e8rement inf\u00e9rieur aux pr\u00e9visions pour le<br \/>\nquatri\u00e8me trimestre, les droits de douane am\u00e9ricains plus \u00e9lev\u00e9s<br \/>\nayant pes\u00e9 sur les ventes.\n<\/p>\n<p>\n * VONOVIA<br \/>\n <a href=\"https:\/\/www.boursorama.com\/cours\/1zVNA\/\" target=\"_blank\" rel=\"noopener\"><br \/>\n  VNAn.DE<br \/>\n <\/a><br \/>\n &#8211; Le plus grand groupe immobilier<br \/>\nallemand a annonc\u00e9 mercredi avoir renou\u00e9 avec les b\u00e9n\u00e9fices au<br \/>\ncours des neuf premiers mois de l&rsquo;ann\u00e9e, alors qu&rsquo;il se remet de<br \/>\nla pire crise immobili\u00e8re que le pays ait connue depuis des<br \/>\nd\u00e9cennies.\n<\/p>\n<p>\n * FRESENIUS<br \/>\n <a href=\"https:\/\/www.boursorama.com\/cours\/1zFRE\/\" target=\"_blank\" rel=\"noopener\"><br \/>\n  FREG.DE<br \/>\n <\/a><br \/>\n &#8211; Le groupe allemand de soins de sant\u00e9<br \/>\na relev\u00e9 mercredi sa pr\u00e9vision de b\u00e9n\u00e9fice d&rsquo;exploitation pour<br \/>\n2025, invoquant la forte croissance enregistr\u00e9e au cours des<br \/>\ntrois premiers trimestres de l&rsquo;ann\u00e9e.\n<\/p>\n<p>\n * AHOLD DELHAIZE<br \/>\n <a href=\"https:\/\/www.boursorama.com\/cours\/1rAAD\/\" target=\"_blank\" rel=\"noopener\"><br \/>\n  AD.AS<br \/>\n <\/a><br \/>\n &#8211; Le groupe n\u00e9erlandais de<br \/>\nsupermarch\u00e9s a annonc\u00e9 mercredi son intention de proc\u00e9der \u00e0 un<br \/>\nrachat d&rsquo;actions d&rsquo;un montant de 1 milliard d&rsquo;euros \u00e0 partir du<br \/>\nd\u00e9but de l&rsquo;ann\u00e9e 2026, apr\u00e8s avoir d\u00e9pass\u00e9 les pr\u00e9visions<br \/>\nconcernant son r\u00e9sultat d&rsquo;exploitation sous-jacent au troisi\u00e8me<br \/>\ntrimestre.\n<\/p>\n<p>\n * VOPAK<br \/>\n <a href=\"https:\/\/www.boursorama.com\/cours\/1rAVPK\/\" target=\"_blank\" rel=\"noopener\"><br \/>\n  VOPA.AS<br \/>\n <\/a><br \/>\n &#8211; Le groupe n\u00e9erlandais de stockage a<br \/>\nfait \u00e9tat mercredi d&rsquo;un b\u00e9n\u00e9fice de base inf\u00e9rieur aux<br \/>\npr\u00e9visions pour le troisi\u00e8me trimestre, p\u00e9nalis\u00e9 par un effet de<br \/>\nchange n\u00e9gatif et des d\u00e9penses exceptionnelles.\n<\/p>\n<p>\n * NEXI<br \/>\n <a href=\"https:\/\/www.boursorama.com\/cours\/1gNEXI\/\" target=\"_blank\" rel=\"noopener\"><br \/>\n  NEXII.MI<br \/>\n <\/a><br \/>\n &#8211; Le groupe italien de paiements a annonc\u00e9<br \/>\nmercredi une hausse de 0,9% de son b\u00e9n\u00e9fice net au troisi\u00e8me<br \/>\ntrimestre, \u00e0 526,4 millions d&rsquo;euros, manquant de peu le<br \/>\nconsensus de 530 millions d&rsquo;euros fourni par la soci\u00e9t\u00e9.\n<\/p>\n<p>\n * FINECO<br \/>\n <a href=\"https:\/\/www.boursorama.com\/cours\/1gFBK\/\" target=\"_blank\" rel=\"noopener\"><br \/>\n  FBK.MI<br \/>\n <\/a><br \/>\n &#8211; La banque num\u00e9rique italienne Fineco a<br \/>\npubli\u00e9 mercredi un b\u00e9n\u00e9fice sup\u00e9rieur aux pr\u00e9visions pour le<br \/>\ntroisi\u00e8me trimestre.\n<\/p>\n<p>\n L&rsquo;AGENDA FRANCE &amp; INTERNATIONAL \u00c0 7 JOURS:<br \/>\n nL8N3WF18B\n<\/p>\n<p>\n (R\u00e9dig\u00e9 par Diana Mandia, \u00e9dit\u00e9 par Augustin Turpin)<\/p>\n","protected":false},"excerpt":{"rendered":"* Variation des futures sur indice CAC 40 0#FCE: * Variation des futures sur indice Stoxx 600 0#FXXP:&hellip;\n","protected":false},"author":2,"featured_media":64038,"comment_status":"","ping_status":"","sticky":false,"template":"","format":"standard","meta":{"footnotes":""},"categories":[1888],"tags":[400,1111,1928,11,1927,398,408,405,1777,674,1011,27,403,402,399,404,12,1926,626,1925,25,401,406,407],"class_list":{"0":"post-513031","1":"post","2":"type-post","3":"status-publish","4":"format-standard","5":"has-post-thumbnail","7":"category-paris","8":"tag-action-cac-40","9":"tag-actu","10":"tag-actu-paris","11":"tag-actualites","12":"tag-actualites-paris","13":"tag-bourse-de-paris","14":"tag-boursorama","15":"tag-cotations","16":"tag-eu","17":"tag-europe","18":"tag-fr","19":"tag-france","20":"tag-indices-devises","21":"tag-investir","22":"tag-investissement","23":"tag-marche-boursier","24":"tag-news","25":"tag-news-paris","26":"tag-paris","27":"tag-paris-news","28":"tag-republique-francaise","29":"tag-sicav","30":"tag-trackers","31":"tag-warrants"},"share_on_mastodon":{"url":"https:\/\/pubeurope.com\/@fr\/115495985758220132","error":""},"_links":{"self":[{"href":"https:\/\/www.europesays.com\/fr\/wp-json\/wp\/v2\/posts\/513031","targetHints":{"allow":["GET"]}}],"collection":[{"href":"https:\/\/www.europesays.com\/fr\/wp-json\/wp\/v2\/posts"}],"about":[{"href":"https:\/\/www.europesays.com\/fr\/wp-json\/wp\/v2\/types\/post"}],"author":[{"embeddable":true,"href":"https:\/\/www.europesays.com\/fr\/wp-json\/wp\/v2\/users\/2"}],"replies":[{"embeddable":true,"href":"https:\/\/www.europesays.com\/fr\/wp-json\/wp\/v2\/comments?post=513031"}],"version-history":[{"count":0,"href":"https:\/\/www.europesays.com\/fr\/wp-json\/wp\/v2\/posts\/513031\/revisions"}],"wp:featuredmedia":[{"embeddable":true,"href":"https:\/\/www.europesays.com\/fr\/wp-json\/wp\/v2\/media\/64038"}],"wp:attachment":[{"href":"https:\/\/www.europesays.com\/fr\/wp-json\/wp\/v2\/media?parent=513031"}],"wp:term":[{"taxonomy":"category","embeddable":true,"href":"https:\/\/www.europesays.com\/fr\/wp-json\/wp\/v2\/categories?post=513031"},{"taxonomy":"post_tag","embeddable":true,"href":"https:\/\/www.europesays.com\/fr\/wp-json\/wp\/v2\/tags?post=513031"}],"curies":[{"name":"wp","href":"https:\/\/api.w.org\/{rel}","templated":true}]}}