{"id":513032,"date":"2025-11-05T07:47:25","date_gmt":"2025-11-05T07:47:25","guid":{"rendered":"https:\/\/www.europesays.com\/fr\/513032\/"},"modified":"2025-11-05T07:47:25","modified_gmt":"2025-11-05T07:47:25","slug":"jour-j-pour-shein-a-paris-la-boutique-souvre-sous-haute-tension-des-forces-de-police-deja-presentes-mardi-soir","status":"publish","type":"post","link":"https:\/\/www.europesays.com\/fr\/513032\/","title":{"rendered":"Jour-J pour Shein \u00e0 Paris : la boutique s\u2019ouvre&#8230; sous haute tension, des forces de police d\u00e9j\u00e0 pr\u00e9sentes mardi soir"},"content":{"rendered":"<p>  \tLa premi\u00e8re boutique Shein en Europe s\u2019installe sous haute tension \u00e0 Paris. La police \u00e9tait d\u00e9j\u00e0 pr\u00e9sente ce mardi soir.<\/p>\n<p>&#13;<br \/>\n&#13;<\/p>\n<p>Malgr\u00e9 les sanctions administratives et l\u2019enqu\u00eate judiciaire ouverte pour la vente de poup\u00e9es sexuelles d\u2019apparence enfantine, le g\u00e9ant de l\u2019e-commerce asiatique Shein ouvre mercredi son premier magasin physique et p\u00e9renne au monde \u00e0 Paris.<\/p>\n<p>Symbole de la port\u00e9e hautement pol\u00e9mique de cette ouverture \u00e0 13h, au 6e \u00e9tage du BHV, des forces de police \u00e9taient pr\u00e9sentes d\u00e8s mardi soir autour du magasin, la pr\u00e9fecture de police suivant l\u2019\u00e9v\u00e9nement avec une \u00abattention toute particuli\u00e8re\u00bb.<\/p>\n<p>&#13;<br \/>\n&#13;<\/p>\n<p>&#13;<br \/>\n&#13;<\/p>\n<p>L\u2019arriv\u00e9e de la plateforme, fond\u00e9e en 2012 en Chine et d\u00e9sormais bas\u00e9e \u00e0 Singapour, cristallise les tensions autour de la r\u00e9gulation du commerce en ligne et de la mode jetable ultra-\u00e9ph\u00e9m\u00e8re.<\/p>\n<p><img loading=\"lazy\" decoding=\"async\" typeof=\"foaf:Image\" src=\"https:\/\/www.europesays.com\/fr\/wp-content\/uploads\/2025\/11\/53643639.jpeg\" width=\"6000\" height=\"4000\" alt=\"AFP_82Z72MU\" title=\"AFP_82Z72MU\"\/><img loading=\"lazy\" decoding=\"async\" typeof=\"foaf:Image\" src=\"https:\/\/www.europesays.com\/fr\/wp-content\/uploads\/2025\/11\/53643640.jpeg\" width=\"8256\" height=\"5504\" alt=\"AFP_832739E\" title=\"AFP_832739E\"\/><\/p>\n<p>Vis\u00e9e par une proposition de loi anti fast-fashion, l\u2019entreprise a d\u00e9j\u00e0 \u00e9cop\u00e9 cette ann\u00e9e en France de trois amendes pour un total de 191 millions d\u2019euros, pour non-respect de la l\u00e9gislation sur les cookies, fausses promotions, informations trompeuses et non-d\u00e9claration de microfibres plastiques.<\/p>\n<p>Depuis son annonce d\u00e9but octobre, le gouvernement, la mairie de Paris, des \u00e9lus, des associations et des acteurs du secteur textile fran\u00e7ais ont fustig\u00e9 son implantation en France.<\/p>\n<p>&#13;<br \/>\n&#13;<\/p>\n<p>&#13;<br \/>\n&#13;<\/p>\n<p>Cela avant m\u00eame la r\u00e9v\u00e9lation samedi par la R\u00e9pression des fraudes (DGCCRF) de la vente de poup\u00e9es sexuelles ressemblant \u00e0 des fillettes. Shein est vis\u00e9 depuis lundi par une enqu\u00eate du parquet de Paris et sera auditionn\u00e9e par une mission d\u2019information de l\u2019Assembl\u00e9e nationale.<\/p>\n<p>Jusqu\u2019ici exclusivement disponible en ligne et dans des magasins \u00e9ph\u00e9m\u00e8res, l\u2019entreprise franchit mercredi une \u00e9tape strat\u00e9gique avec son implantation durable. Et par n\u2019importe o\u00f9 : dans un embl\u00e9matique symbole du commerce parisien, le BHV, un joyau art d\u00e9co situ\u00e9 face \u00e0 l\u2019h\u00f4tel de ville.<\/p>\n<p>Six magasins <\/p>\n<p>C\u2019est au 6e \u00e9tage que les adeptes de Shein ont rendez-vous \u00e0 l\u2019heure du d\u00e9jeuner pour d\u00e9couvrir un espace de 1.200 m2.<\/p>\n<p>Fr\u00e9d\u00e9ric Merlin, patron de la Soci\u00e9t\u00e9 des grands magasins (SGM), propri\u00e9taire du BHV depuis 2023, a assur\u00e9 que les produits vendus dans ce magasin ne sont pas ceux de la \u00abmarketplace\u00bb de Shein et qu\u2019ils r\u00e9pondent aux normes europ\u00e9ennes.<\/p>\n<p>Avant m\u00eame l\u2019arriv\u00e9e de Shein au BHV, plusieurs marques fran\u00e7aises ont fui le grand magasin, d\u00e9non\u00e7ant un partenariat en contradiction avec leurs valeurs et leurs int\u00e9r\u00eats. L\u2019intersyndicale des salari\u00e9s y est \u00e9galement oppos\u00e9e.<\/p>\n<p><img loading=\"lazy\" decoding=\"async\" typeof=\"foaf:Image\" src=\"https:\/\/www.europesays.com\/fr\/wp-content\/uploads\/2025\/11\/53643646.jpeg\" width=\"8018\" height=\"5345\" alt=\"AFP_83269NQ\" title=\"AFP_83269NQ\"\/><img loading=\"lazy\" decoding=\"async\" typeof=\"foaf:Image\" src=\"https:\/\/www.europesays.com\/fr\/wp-content\/uploads\/2025\/11\/53643651.jpeg\" width=\"8113\" height=\"5409\" alt=\"AFP_8326864\" title=\"AFP_8326864\"\/><\/p>\n<p>Reste \u00e0 voir si les consommateurs r\u00e9pondront pr\u00e9sent. Pour les attirer, et pour tenter de juguler le m\u00e9contentement des autres marques partenaires, les achats effectu\u00e9s mercredi dans le magasin Shein donneront lieu \u00e0 un bon d\u2019achat d\u2019un m\u00eame montant ailleurs au BHV.<\/p>\n<p>La marque, qui revendique 25 millions de clients en France, est loin d\u2019\u00eatre inconnue des consommateurs : elle \u00e9tait en 2024 l\u2019enseigne de mode o\u00f9 les Fran\u00e7ais ont d\u00e9pens\u00e9 le plus, selon une \u00e9tude de l\u2019application de shopping Joko.<\/p>\n<p>Cinq autres magasins Shein ouvriront en province prochainement \u00e0 Angers, Dijon, Grenoble, Limoges et Reims. Les grands magasins qui les accueilleront ne seront plus des Galeries Lafayette mais des \u00abBHV\u00bb, le groupe Galeries Lafayette ayant rompu son contrat avec la SGM pour ne pas \u00eatre associ\u00e9 \u00e0 Shein.<\/p>\n<\/p>\n<p>Le secteur du textile et les petits commerces sont particuli\u00e8rement touch\u00e9s par la d\u00e9ferlante de produits con\u00e7us en Asie, majoritairement en Chine. En 2024, 4,6 milliards de colis \u00e0 moins de 150 euros ont \u00e9t\u00e9 import\u00e9s dans l\u2019UE. Le nombre de ces colis, exempt\u00e9s de droits de douane, double tous les deux ans au rythme actuel.<\/p>\n<p>&#13;<br \/>\n&#13;<\/p>\n<p>&#13;<br \/>\n&#13;<\/p>\n","protected":false},"excerpt":{"rendered":"La premi\u00e8re boutique Shein en Europe s\u2019installe sous haute tension \u00e0 Paris. La police \u00e9tait d\u00e9j\u00e0 pr\u00e9sente ce&hellip;\n","protected":false},"author":2,"featured_media":513033,"comment_status":"","ping_status":"","sticky":false,"template":"","format":"standard","meta":{"footnotes":""},"categories":[1888],"tags":[1111,1928,11,1927,1777,674,1011,27,12,1926,626,1925,25,63397],"class_list":{"0":"post-513032","1":"post","2":"type-post","3":"status-publish","4":"format-standard","5":"has-post-thumbnail","7":"category-paris","8":"tag-actu","9":"tag-actu-paris","10":"tag-actualites","11":"tag-actualites-paris","12":"tag-eu","13":"tag-europe","14":"tag-fr","15":"tag-france","16":"tag-news","17":"tag-news-paris","18":"tag-paris","19":"tag-paris-news","20":"tag-republique-francaise","21":"tag-rtl-info"},"share_on_mastodon":{"url":"https:\/\/pubeurope.com\/@fr\/115495990294625200","error":""},"_links":{"self":[{"href":"https:\/\/www.europesays.com\/fr\/wp-json\/wp\/v2\/posts\/513032","targetHints":{"allow":["GET"]}}],"collection":[{"href":"https:\/\/www.europesays.com\/fr\/wp-json\/wp\/v2\/posts"}],"about":[{"href":"https:\/\/www.europesays.com\/fr\/wp-json\/wp\/v2\/types\/post"}],"author":[{"embeddable":true,"href":"https:\/\/www.europesays.com\/fr\/wp-json\/wp\/v2\/users\/2"}],"replies":[{"embeddable":true,"href":"https:\/\/www.europesays.com\/fr\/wp-json\/wp\/v2\/comments?post=513032"}],"version-history":[{"count":0,"href":"https:\/\/www.europesays.com\/fr\/wp-json\/wp\/v2\/posts\/513032\/revisions"}],"wp:featuredmedia":[{"embeddable":true,"href":"https:\/\/www.europesays.com\/fr\/wp-json\/wp\/v2\/media\/513033"}],"wp:attachment":[{"href":"https:\/\/www.europesays.com\/fr\/wp-json\/wp\/v2\/media?parent=513032"}],"wp:term":[{"taxonomy":"category","embeddable":true,"href":"https:\/\/www.europesays.com\/fr\/wp-json\/wp\/v2\/categories?post=513032"},{"taxonomy":"post_tag","embeddable":true,"href":"https:\/\/www.europesays.com\/fr\/wp-json\/wp\/v2\/tags?post=513032"}],"curies":[{"name":"wp","href":"https:\/\/api.w.org\/{rel}","templated":true}]}}