{"id":513044,"date":"2025-11-05T07:53:11","date_gmt":"2025-11-05T07:53:11","guid":{"rendered":"https:\/\/www.europesays.com\/fr\/513044\/"},"modified":"2025-11-05T07:53:11","modified_gmt":"2025-11-05T07:53:11","slug":"bouygues-choisi-pour-realiser-les-travaux-de-genie-civil-dune-centrale-nucleaire-au-royaume-uni","status":"publish","type":"post","link":"https:\/\/www.europesays.com\/fr\/513044\/","title":{"rendered":"Bouygues choisi pour r\u00e9aliser les travaux de g\u00e9nie civil d&rsquo;une centrale nucl\u00e9aire au Royaume-Uni"},"content":{"rendered":"<p>La centrale Sizewell C, qui doit \u00eatre constitu\u00e9e de deux r\u00e9acteurs EPR, est un projet majeur du programme de relance du nucl\u00e9aire au Royaume-Uni. EDF est \u00e9galement investi.<\/p>\n<p>Bouygues a remport\u00e9 en consortium le contrat pour la r\u00e9alisation des travaux de g\u00e9nie civil de la <a href=\"https:\/\/www.bfmtv.com\/economie\/entreprises\/energie\/on-ouvre-age-d-or-du-nucleaire-le-royaume-uni-va-investir-17-milliards-d-euros-dans-deux-nouveaux-reacteurs-epr-construits-par-edf_AD-202506100262.html\" title=\"&quot;On ouvre \u00e2ge d&#039;or du nucl\u00e9aire&quot;: le Royaume-Uni va investir 17 milliards d&#039;euros dans deux nouveaux r\u00e9acteurs EPR construits par EDF\" class=\"internal_link\" rel=\"nofollow noopener\" target=\"_blank\">centrale nucl\u00e9aire de Sizewell C<\/a> au Royaume-Uni, qui repr\u00e9sentera pour le g\u00e9ant fran\u00e7ais un montant cumul\u00e9 de l&rsquo;ordre 3,3 milliards d&rsquo;euros, a-t-il annonc\u00e9 mercredi. Il s&rsquo;agit d&rsquo;un projet important du programme de relance nucl\u00e9aire outre-Manche.<\/p>\n<p>Le groupe a par ailleurs publi\u00e9 un chiffre d&rsquo;affaires en hausse de 0,9% \u00e0 41,9 milliards d&rsquo;euros sur les neuf premiers mois de l&rsquo;ann\u00e9e mais son r\u00e9sultat net part du groupe ressort en l\u00e9g\u00e8re baisse en incluant l&rsquo;imp\u00f4t exceptionnel sur les b\u00e9n\u00e9fices des grandes entreprises en France.<\/p>\n<p>Production pas avant 2035<\/p>\n<p><a href=\"https:\/\/www.bfmtv.com\/economie\/entreprises\/le-royaume-uni-va-discuter-avec-edf-pour-la-construction-d-une-nouvelle-centrale-nucleaire_AD-202012140123.html\" title=\"Le Royaume-Uni va discuter avec EDF pour la construction d&#039;une nouvelle centrale nucl\u00e9aire\" class=\"internal_link\" rel=\"nofollow noopener\" target=\"_blank\">EDF est \u00e9galement investi dans le projet de Sizewell C<\/a>. L&rsquo;\u00e9nerg\u00e9ticien fran\u00e7ais a annonc\u00e9 mardi la finalisation de ce projet de centrale nucl\u00e9aire, et pr\u00e9voit d&rsquo;y investir 1,2 milliard d&rsquo;euros pendant la phase de construction. L&rsquo;\u00e9nerg\u00e9ticien fran\u00e7ais aura une participation de 12,5% dans ce projet, le gouvernement britannique en aura 44,9%, le fonds de pension qu\u00e9becois 20%, Centrica 15% et Amber Infrastructure 7,6%.<\/p>\n<p>La centrale Sizewell C, qui doit \u00eatre constitu\u00e9e de deux r\u00e9acteurs EPR, chacun d&rsquo;une puissance de 1,6 gigawatt, pourrait co\u00fbter au total 20 \u00e0 30 milliards de livres (24 \u00e0 36 milliards d&rsquo;euros), voire davantage selon des estimations contest\u00e9es par le gouvernement. Elle ne devrait pas commencer sa production d&rsquo;\u00e9lectricit\u00e9 avant 2035.<\/p>\n","protected":false},"excerpt":{"rendered":"La centrale Sizewell C, qui doit \u00eatre constitu\u00e9e de deux r\u00e9acteurs EPR, est un projet majeur du programme&hellip;\n","protected":false},"author":2,"featured_media":513045,"comment_status":"","ping_status":"","sticky":false,"template":"","format":"standard","meta":{"footnotes":""},"categories":[1588],"tags":[11,1777,674,12,473,1853,1851,1850,1852],"class_list":{"0":"post-513044","1":"post","2":"type-post","3":"status-publish","4":"format-standard","5":"has-post-thumbnail","7":"category-royaume-uni","8":"tag-actualites","9":"tag-eu","10":"tag-europe","11":"tag-news","12":"tag-royaume-uni","13":"tag-royaume-uni-de-grande-bretagne-et-dirlande-du-nord","14":"tag-uk","15":"tag-united-kingdom","16":"tag-united-kingdom-of-great-britain-and-northern-ireland"},"share_on_mastodon":{"url":"https:\/\/pubeurope.com\/@fr\/115496013262232074","error":""},"_links":{"self":[{"href":"https:\/\/www.europesays.com\/fr\/wp-json\/wp\/v2\/posts\/513044","targetHints":{"allow":["GET"]}}],"collection":[{"href":"https:\/\/www.europesays.com\/fr\/wp-json\/wp\/v2\/posts"}],"about":[{"href":"https:\/\/www.europesays.com\/fr\/wp-json\/wp\/v2\/types\/post"}],"author":[{"embeddable":true,"href":"https:\/\/www.europesays.com\/fr\/wp-json\/wp\/v2\/users\/2"}],"replies":[{"embeddable":true,"href":"https:\/\/www.europesays.com\/fr\/wp-json\/wp\/v2\/comments?post=513044"}],"version-history":[{"count":0,"href":"https:\/\/www.europesays.com\/fr\/wp-json\/wp\/v2\/posts\/513044\/revisions"}],"wp:featuredmedia":[{"embeddable":true,"href":"https:\/\/www.europesays.com\/fr\/wp-json\/wp\/v2\/media\/513045"}],"wp:attachment":[{"href":"https:\/\/www.europesays.com\/fr\/wp-json\/wp\/v2\/media?parent=513044"}],"wp:term":[{"taxonomy":"category","embeddable":true,"href":"https:\/\/www.europesays.com\/fr\/wp-json\/wp\/v2\/categories?post=513044"},{"taxonomy":"post_tag","embeddable":true,"href":"https:\/\/www.europesays.com\/fr\/wp-json\/wp\/v2\/tags?post=513044"}],"curies":[{"name":"wp","href":"https:\/\/api.w.org\/{rel}","templated":true}]}}