{"id":513046,"date":"2025-11-05T07:54:15","date_gmt":"2025-11-05T07:54:15","guid":{"rendered":"https:\/\/www.europesays.com\/fr\/513046\/"},"modified":"2025-11-05T07:54:15","modified_gmt":"2025-11-05T07:54:15","slug":"lettres-de-creance-de-lambassadeur-de-republique-federale-dallemagne","status":"publish","type":"post","link":"https:\/\/www.europesays.com\/fr\/513046\/","title":{"rendered":"Lettres de Cr\u00e9ance de l\u2019ambassadeur de R\u00e9publique f\u00e9d\u00e9rale d\u2019Allemagne"},"content":{"rendered":"<p>        <img decoding=\"async\" title=\" Lettres de Cr\u00e9ance de l\u2019ambassadeur de R\u00e9publique f\u00e9d\u00e9rale d\u2019Allemagne  FRA-012\" src=\"https:\/\/www.europesays.com\/fr\/wp-content\/uploads\/2025\/11\/cq5dam.thumbnail.cropped.500.281.jpeg\" alt=\" Lettres de Cr\u00e9ance de l\u2019ambassadeur de R\u00e9publique f\u00e9d\u00e9rale d\u2019Allemagne  FRA-012\"\/><\/p>\n<p>\n    05 novembre 2025<\/p>\n<p>\n            Dans la matin\u00e9e du samedi 11 octobre, le Pape a re\u00e7u en audience S.E. M. Bruno Kahl, nouvel ambassadeur de la R\u00e9publique f\u00e9d\u00e9rale d\u2019Allemagne, \u00e0 l\u2019occasion de la pr\u00e9sentation des Lettres qui l\u2019accr\u00e9ditent pr\u00e8s le Saint-Si\u00e8ge.<br \/>\nLe repr\u00e9sentant diplomatique, n\u00e9 le 12 juillet 1962 \u00e0 Essen, a \u00e9tudi\u00e9 le droit (1983-1988) \u00e0 l\u2019universit\u00e9 de Bonn et Lausanne, et a obtenu un doctorat de recherche (Dr. jur.) de l\u2019universit\u00e9 de Bonn (2008). Il a pr\u00eat\u00e9 service aupr\u00e8s des institutions suivantes: avocat, Cour d\u2019appel de Cologne (1991-1994); collaborateur scientifique d\u2019un membre du Bundestag (1994); employ\u00e9 de la Conf\u00e9d\u00e9ration des associations allemandes d\u2019employeurs (1995); fonctionnaire &#8230;<\/p>\n<p class=\"paywall__title\">Ce contenu est r\u00e9serv\u00e9 aux abonn\u00e9s<\/p>\n","protected":false},"excerpt":{"rendered":"05 novembre 2025 Dans la matin\u00e9e du samedi 11 octobre, le Pape a re\u00e7u en audience S.E. M.&hellip;\n","protected":false},"author":2,"featured_media":513047,"comment_status":"","ping_status":"","sticky":false,"template":"","format":"standard","meta":{"footnotes":""},"categories":[1587],"tags":[11,672,1804,1805,1803,1777,674,1801,12,63398,1802],"class_list":{"0":"post-513046","1":"post","2":"type-post","3":"status-publish","4":"format-standard","5":"has-post-thumbnail","7":"category-allemagne","8":"tag-actualites","9":"tag-allemagne","10":"tag-bundesrepublik-deutschland","11":"tag-de","12":"tag-deutschland","13":"tag-eu","14":"tag-europe","15":"tag-germany","16":"tag-news","17":"tag-osservatore-romano","18":"tag-republique-federale-dallemagne"},"share_on_mastodon":{"url":"https:\/\/pubeurope.com\/@fr\/115496017760101373","error":""},"_links":{"self":[{"href":"https:\/\/www.europesays.com\/fr\/wp-json\/wp\/v2\/posts\/513046","targetHints":{"allow":["GET"]}}],"collection":[{"href":"https:\/\/www.europesays.com\/fr\/wp-json\/wp\/v2\/posts"}],"about":[{"href":"https:\/\/www.europesays.com\/fr\/wp-json\/wp\/v2\/types\/post"}],"author":[{"embeddable":true,"href":"https:\/\/www.europesays.com\/fr\/wp-json\/wp\/v2\/users\/2"}],"replies":[{"embeddable":true,"href":"https:\/\/www.europesays.com\/fr\/wp-json\/wp\/v2\/comments?post=513046"}],"version-history":[{"count":0,"href":"https:\/\/www.europesays.com\/fr\/wp-json\/wp\/v2\/posts\/513046\/revisions"}],"wp:featuredmedia":[{"embeddable":true,"href":"https:\/\/www.europesays.com\/fr\/wp-json\/wp\/v2\/media\/513047"}],"wp:attachment":[{"href":"https:\/\/www.europesays.com\/fr\/wp-json\/wp\/v2\/media?parent=513046"}],"wp:term":[{"taxonomy":"category","embeddable":true,"href":"https:\/\/www.europesays.com\/fr\/wp-json\/wp\/v2\/categories?post=513046"},{"taxonomy":"post_tag","embeddable":true,"href":"https:\/\/www.europesays.com\/fr\/wp-json\/wp\/v2\/tags?post=513046"}],"curies":[{"name":"wp","href":"https:\/\/api.w.org\/{rel}","templated":true}]}}