{"id":513048,"date":"2025-11-05T07:55:12","date_gmt":"2025-11-05T07:55:12","guid":{"rendered":"https:\/\/www.europesays.com\/fr\/513048\/"},"modified":"2025-11-05T07:55:12","modified_gmt":"2025-11-05T07:55:12","slug":"leurope-et-la-culture-chretienne","status":"publish","type":"post","link":"https:\/\/www.europesays.com\/fr\/513048\/","title":{"rendered":"L\u2019Europe et la culture chr\u00e9tienne"},"content":{"rendered":"<p>\u00abL\u2019Eglise ne doit jamais renoncer \u00e0 la culture, m\u00eame si l\u2019engagement dans le monde de la culture aujourd\u2019hui semble exiger un plus grand effort de r\u00e9flexion et de discernement. La culture est pourtant une composante profonde de notre nature humaine, assum\u00e9e et rachet\u00e9e par le Verbe incarn\u00e9, J\u00e9sus-Christ\u00bb. L\u2019auteur de ces mots est Mgr Gintaras Gru\u0161as, archev\u00eaque de Vilnius, qui a introduit, le 28 octobre \u00e0 Turin, les deux journ\u00e9es de travaux des \u00e9v\u00eaques et directeurs nationaux responsables de la culture au sein du Conseil des Conf\u00e9rences \u00e9piscopales d\u2019Europe (CCEE), dont il est le pr\u00e9sident. Lors de la s\u00e9ance inaugurale, le haut pr\u00e9lat a invit\u00e9 les participants \u00e0 red\u00e9couvrir le rapport entre foi et culture dans l\u2019Europe d\u2019aujourd\u2019hui, marqu\u00e9e par la s\u00e9cularisation et le pluralisme culturel, un contexte que les chr\u00e9tiens doivent appr\u00e9hender en gardant \u00e0 l\u2019esprit leur authentique mission d\u2019\u00e9vang\u00e9lisation. L\u2019Evangile, a assur\u00e9 Mgr Gru\u0161as, est encore aujourd\u2019hui capable d\u2019enrichir la culture contemporaine, en encourageant une culture de paix, de vie et de charit\u00e9.<\/p>\n<p>Le discours suivant, qui portait sur le th\u00e8me de \u00abLa culture comme outil d\u2019\u00e9vang\u00e9lisation\u00bb, a \u00e9t\u00e9 prononc\u00e9 par Mgr Jes\u00fas Sanz Montes, archev\u00eaque d&rsquo;Oviedo et responsable de la section culture du CCEE. Dans son allocution, le haut pr\u00e9lat espagnol a mis en \u00e9vidence le lien profond qui unit le christianisme et la culture europ\u00e9enne, insistant sur le fait que l\u2019\u00e9vang\u00e9lisation et la culture sont des r\u00e9alit\u00e9s indissociables. L\u2019Evangile, en effet, transforme la culture et, en m\u00eame temps, la culture chr\u00e9tienne enrichit la soci\u00e9t\u00e9. Mgr Sanz Montes a rappel\u00e9 les d\u00e9fis qui menacent aujourd\u2019hui l\u2019identit\u00e9 chr\u00e9tienne de l\u2019Europe, invitant \u00e0 red\u00e9couvrir la force de la pens\u00e9e et de la beaut\u00e9 chr\u00e9tiennes comme r\u00e9ponse culturelle et morale pour l\u2019Europe contemporaine.<\/p>\n<p>La rencontre de Turin n\u2019\u00e9tait qu\u2019un des nombreux \u00e9v\u00e9nements du calendrier du Conseil des Conf\u00e9rences \u00e9piscopales europ\u00e9ennes pour cet automne. Du 4 au 6 novembre, en effet, \u00e0 Rome, se tiendra la r\u00e9union du Comit\u00e9 conjoint regroupant des repr\u00e9sentants du CCEE et de la Conf\u00e9rence des Eglises europ\u00e9ennes (CEC). A cette occasion, le 5 novembre \u00e0 l\u2019abbaye des Trois Fontaines, les participants signeront une version mise \u00e0 jour de la Charta \u0153cumenica que le CECC et la CEC avaient sign\u00e9e en 2001 \u2014 marquant \u00e0 cette occasion une \u00e9tape importante dans l\u2019\u0153cum\u00e9nisme sur le Vieux continent \u2014 en signe de l\u2019engagement commun des chr\u00e9tiens d\u2019Europe en faveur de l\u2019unit\u00e9, du dialogue et de la coop\u00e9ration.<\/p>\n","protected":false},"excerpt":{"rendered":"\u00abL\u2019Eglise ne doit jamais renoncer \u00e0 la culture, m\u00eame si l\u2019engagement dans le monde de la culture aujourd\u2019hui&hellip;\n","protected":false},"author":2,"featured_media":513049,"comment_status":"","ping_status":"","sticky":false,"template":"","format":"standard","meta":{"footnotes":""},"categories":[1586],"tags":[11,1777,674,1011,27,12,4020,25],"class_list":{"0":"post-513048","1":"post","2":"type-post","3":"status-publish","4":"format-standard","5":"has-post-thumbnail","7":"category-europe","8":"tag-actualites","9":"tag-eu","10":"tag-europe","11":"tag-fr","12":"tag-france","13":"tag-news","14":"tag-religion","15":"tag-republique-francaise"},"share_on_mastodon":{"url":"https:\/\/pubeurope.com\/@fr\/115496021090353986","error":""},"_links":{"self":[{"href":"https:\/\/www.europesays.com\/fr\/wp-json\/wp\/v2\/posts\/513048","targetHints":{"allow":["GET"]}}],"collection":[{"href":"https:\/\/www.europesays.com\/fr\/wp-json\/wp\/v2\/posts"}],"about":[{"href":"https:\/\/www.europesays.com\/fr\/wp-json\/wp\/v2\/types\/post"}],"author":[{"embeddable":true,"href":"https:\/\/www.europesays.com\/fr\/wp-json\/wp\/v2\/users\/2"}],"replies":[{"embeddable":true,"href":"https:\/\/www.europesays.com\/fr\/wp-json\/wp\/v2\/comments?post=513048"}],"version-history":[{"count":0,"href":"https:\/\/www.europesays.com\/fr\/wp-json\/wp\/v2\/posts\/513048\/revisions"}],"wp:featuredmedia":[{"embeddable":true,"href":"https:\/\/www.europesays.com\/fr\/wp-json\/wp\/v2\/media\/513049"}],"wp:attachment":[{"href":"https:\/\/www.europesays.com\/fr\/wp-json\/wp\/v2\/media?parent=513048"}],"wp:term":[{"taxonomy":"category","embeddable":true,"href":"https:\/\/www.europesays.com\/fr\/wp-json\/wp\/v2\/categories?post=513048"},{"taxonomy":"post_tag","embeddable":true,"href":"https:\/\/www.europesays.com\/fr\/wp-json\/wp\/v2\/tags?post=513048"}],"curies":[{"name":"wp","href":"https:\/\/api.w.org\/{rel}","templated":true}]}}