{"id":513058,"date":"2025-11-05T08:00:23","date_gmt":"2025-11-05T08:00:23","guid":{"rendered":"https:\/\/www.europesays.com\/fr\/513058\/"},"modified":"2025-11-05T08:00:23","modified_gmt":"2025-11-05T08:00:23","slug":"justin-rose-annonce-une-decision-importante-pour-la-ryder-cup-2027","status":"publish","type":"post","link":"https:\/\/www.europesays.com\/fr\/513058\/","title":{"rendered":"Justin Rose annonce une d\u00e9cision importante pour la Ryder Cup 2027"},"content":{"rendered":"<p>\t\t\t\t\t\t<img width=\"770\" height=\"566\" src=\"https:\/\/www.europesays.com\/fr\/wp-content\/uploads\/2025\/11\/afp__20250929__2237956123__v3__highres__rydercup2025singlesmatches-770x566.jpg\" class=\"img-responsive wp-post-image\" alt=\"\" decoding=\"async\" fetchpriority=\"high\"  \/>\t\t\t\t\t<\/p>\n<p>\t\t\t\t\t\t Partager cet article <\/p>\n<p class=\"screen-reader-text juiz_sps_maybe_hidden_text\">Partager la publication \u00ab\u00a0Justin Rose annonce une d\u00e9cision importante pour la Ryder Cup 2027\u00a0\u00bb<\/p>\n<p><strong>Justin Rose aurait pu \u00eatre un candidat id\u00e9al pour endosser le costume de capitaine europ\u00e9en pour la Ryder Cup 2027. Mais le v\u00e9t\u00e9ran anglais, l\u2019un des artisans des deux derni\u00e8res victoires de l\u2019Europe, a annonc\u00e9 qu\u2019il ne souhaitait pas obtenir ce poste. Pas tout de suite\u2026<\/strong><\/p>\n<p>\t\t\t\t\t<a id=\"189447\" href=\"https:\/\/golfplus.fr\/content\/57-programme-de-fidelite\" target=\"_blank\" rel=\"sponsorised noopener\"><img decoding=\"async\" src=\"data:image\/svg+xml,%3Csvg%20xmlns=\" http:=\"\" class=\"img-responsive\" alt=\"\" data-lazy-src=\"https:\/\/www.europesays.com\/fr\/wp-content\/uploads\/2025\/10\/golfplus-e28-programme-fidelite-1170x275-1.jpg\"\/><\/a><\/p>\n<p><strong>Luke Donald<\/strong> <a href=\"https:\/\/www.golfplanete.com\/actualites\/toujours-sur-son-nuage-luke-donald-na-rien-decide-pour-2027\/\" target=\"_blank\" rel=\"noopener\">h\u00e9site encore<\/a>, <strong>Graeme McDowell<\/strong> <a href=\"https:\/\/www.golfplanete.com\/actualites\/graeme-mcdowell-et-pourquoi-je-ne-pourrais-pas-etre-capitaine\/\" target=\"_blank\" rel=\"noopener\">en r\u00eave<\/a>, <strong>Justin Rose<\/strong> n\u2019en veut pas\u2026 Le poste de capitaine europ\u00e9en pour la prochaine <strong>Ryder Cup<\/strong>, qui va se jouer en 2027 en Irlande \u00e0 Adare Manor, fait beaucoup parler. Il est \u00e9videmment tr\u00e8s convoit\u00e9, mais pas par tout le monde.<\/p>\n<p>A 45 ans, Justin Rose se consid\u00e8re \u00e0 juste titre comme encore tr\u00e8s comp\u00e9titif. Et son but dans deux ans est de se qualifier pour jouer une huiti\u00e8me Ryder Cup. Pas d\u2019\u00eatre capitaine. Il l\u2019a annonc\u00e9 en exclusivit\u00e9 au quotidien The Telegraph.<\/p>\n<p>\t\t\t\t\t<a id=\"187708\" href=\"https:\/\/www.swing.fr\/projet.php?id=36\" target=\"_blank\" rel=\"sponsorised noopener\"><img decoding=\"async\" src=\"data:image\/svg+xml,%3Csvg%20xmlns=\" http:=\"\" class=\"img-responsive\" alt=\"\" data-lazy-src=\"https:\/\/www.europesays.com\/fr\/wp-content\/uploads\/2025\/09\/swing-e05-golf-gourmet-trophy-1170x275-1.gif\"\/><\/a><br \/>\nSi pr\u00e9cieux \u00e0 Bethpage<\/p>\n<p>\u00ab Le r\u00f4le de capitaine compromettrait mon calendrier de jeu. Mon but est de jouer suffisamment bien pour \u00eatre utile \u00e0 cette \u00e9quipe. \u00bb<\/p>\n<p>\u00c9videmment, l\u2019ancien vainqueur de l\u2019U.S. Open ne ferme pas la porte au capitanat pour un plus lointain avenir. \u00ab Ce serait un immense honneur, et j\u2019adorerais l\u2019assumer. \u00bb Mais pas en 2027 donc.\u00a0<\/p>\n<p>Nul doute qu\u2019il pourrait encore \u00eatre un atout pr\u00e9cieux pour l\u2019Europe en tant que joueur, malgr\u00e9 son \u00e2ge. <\/p>\n<p>A Rome et plus encore \u00e0 Bethpage, il a jou\u00e9 un r\u00f4le crucial sur le terrain (2 victoires en 3 matchs, deux quatre balles avec <strong>Tommy Fleetwood<\/strong>) et dans le vestiaire.<\/p>\n<p><a href=\"https:\/\/www.golfplanete.com\/actualites\/les-insultes-du-public-envers-lowry-et-mcilroy-le-zero-pointe-de-scheffler-et-lechauffouree-avec-le-caddie-de-dechambeau-sont-dans-le-recap-du-jour\/\" target=\"_blank\" rel=\"noopener\">Son \u00e9chauffour\u00e9e avec le caddie<\/a> de <strong>Bryson DeChalmbeau<\/strong> avait marqu\u00e9 les esprits, montrant ainsi que l\u2019Europe n\u2019\u00e9tait pas pr\u00eate \u00e0 se laisser marcher sur les pieds. Mais c\u2019est surtout sa performance XXL dans ce double du samedi disput\u00e9 face \u00e0 BDC et <strong>Scottie Scheffler<\/strong>, avec une pluie de birdies de la part de Rose, qui avait marqu\u00e9 les esprits.\u00a0<\/p>\n<p>Selon les bookmakers britanniques qui suivent l\u2019affaire de pr\u00e8s, Luke Donald reste \u00e0 ce jour le favori pour \u00eatre de nouveau capitaine en Irlande, pour un troisi\u00e8me mandait d\u2019affil\u00e9e donc. Plus que jamais.<\/p>\n<p>\t\t\t\t\t<a id=\"180479\" href=\"https:\/\/www.swing.fr\/voyage\/35-14eme-edition-des-doubles-gosset-by-beachcomber\" target=\"_blank\" rel=\"sponsorised noopener\"><img fetchpriority=\"high\" decoding=\"async\" src=\"https:\/\/www.europesays.com\/fr\/wp-content\/uploads\/2025\/07\/beachcomber-e01-doubles-gosset-26-1170x275-1.jpg\" class=\"img-responsive\" alt=\"\"\/><\/a><\/p>\n<p>Photo Mike Stobe \/ GETTY IMAGES NORTH AMERICA \/ Getty Images via AFP<\/p>\n","protected":false},"excerpt":{"rendered":"Partager cet article Partager la publication \u00ab\u00a0Justin Rose annonce une d\u00e9cision importante pour la Ryder Cup 2027\u00a0\u00bb Justin&hellip;\n","protected":false},"author":2,"featured_media":513059,"comment_status":"","ping_status":"","sticky":false,"template":"","format":"standard","meta":{"footnotes":""},"categories":[1418],"tags":[1011,27,1472,60],"class_list":{"0":"post-513058","1":"post","2":"type-post","3":"status-publish","4":"format-standard","5":"has-post-thumbnail","7":"category-golf","8":"tag-fr","9":"tag-france","10":"tag-golf","11":"tag-sports"},"share_on_mastodon":{"url":"https:\/\/pubeurope.com\/@fr\/115496041447593980","error":""},"_links":{"self":[{"href":"https:\/\/www.europesays.com\/fr\/wp-json\/wp\/v2\/posts\/513058","targetHints":{"allow":["GET"]}}],"collection":[{"href":"https:\/\/www.europesays.com\/fr\/wp-json\/wp\/v2\/posts"}],"about":[{"href":"https:\/\/www.europesays.com\/fr\/wp-json\/wp\/v2\/types\/post"}],"author":[{"embeddable":true,"href":"https:\/\/www.europesays.com\/fr\/wp-json\/wp\/v2\/users\/2"}],"replies":[{"embeddable":true,"href":"https:\/\/www.europesays.com\/fr\/wp-json\/wp\/v2\/comments?post=513058"}],"version-history":[{"count":0,"href":"https:\/\/www.europesays.com\/fr\/wp-json\/wp\/v2\/posts\/513058\/revisions"}],"wp:featuredmedia":[{"embeddable":true,"href":"https:\/\/www.europesays.com\/fr\/wp-json\/wp\/v2\/media\/513059"}],"wp:attachment":[{"href":"https:\/\/www.europesays.com\/fr\/wp-json\/wp\/v2\/media?parent=513058"}],"wp:term":[{"taxonomy":"category","embeddable":true,"href":"https:\/\/www.europesays.com\/fr\/wp-json\/wp\/v2\/categories?post=513058"},{"taxonomy":"post_tag","embeddable":true,"href":"https:\/\/www.europesays.com\/fr\/wp-json\/wp\/v2\/tags?post=513058"}],"curies":[{"name":"wp","href":"https:\/\/api.w.org\/{rel}","templated":true}]}}