{"id":513060,"date":"2025-11-05T08:01:11","date_gmt":"2025-11-05T08:01:11","guid":{"rendered":"https:\/\/www.europesays.com\/fr\/513060\/"},"modified":"2025-11-05T08:01:11","modified_gmt":"2025-11-05T08:01:11","slug":"volley-ball-coupe-de-france-les-centurions-narbonne-sortis-par-une-equipe-de-ligue-b","status":"publish","type":"post","link":"https:\/\/www.europesays.com\/fr\/513060\/","title":{"rendered":"Volley-ball \u2013 Coupe de France\u00a0: les Centurions Narbonne sortis par une \u00e9quipe de Ligue B\u2026"},"content":{"rendered":"<p>\n                                                                    Publi\u00e9 le 04\/11\/2025 \u00e0 22:44<br \/>\n                                                                            , mis \u00e0 jour<\/p>\n<p>                                                                                                    \u00e0 22:49<\/p>\n<p class=\"article-full__chapo \">\n                                                                16es de finale de la coupe de France. Les Centurions Narbonne se sont plant\u00e9s dans les grandes largeurs ce mardi soir \u00e0 Saint-Quentin dans l\u2019Aisne. D\u00e9faite 3-2 (29-31, 27-29, 25-23, 25-19, 15-6).\n                            <\/p>\n<p>Quelle d\u00e9sillusion\u00a0! Les Narbonnais ont \u00e9t\u00e9 \u00e9limin\u00e9s hier \u00e0 Saint-Quentin dans l\u2019Aisne. Ils sortent donc de la coupe de France par la toute petite porte. Les Centurions ne confirment\u00a0pas leur bon d\u00e9but de saison. Apr\u00e8s avoir battu Toulouse (3-1), S\u00e8te (3-1), perdu \u00e0 Tours (3-0), et vaincu Nice (3-2), les Narbonnais ont failli grandement en Coupe de France face \u00e0 une \u00e9quipe de Ligue B\u2026 Il va falloir se reprendre \u00e0 Paris samedi prochain en SpikeLigue\u2026<\/p>\n","protected":false},"excerpt":{"rendered":"Publi\u00e9 le 04\/11\/2025 \u00e0 22:44 , mis \u00e0 jour \u00e0 22:49 16es de finale de la coupe de&hellip;\n","protected":false},"author":2,"featured_media":513061,"comment_status":"","ping_status":"","sticky":false,"template":"","format":"standard","meta":{"footnotes":""},"categories":[1417],"tags":[1011,27,60,1470,1469],"class_list":{"0":"post-513060","1":"post","2":"type-post","3":"status-publish","4":"format-standard","5":"has-post-thumbnail","7":"category-volley","8":"tag-fr","9":"tag-france","10":"tag-sports","11":"tag-volley","12":"tag-volleyball"},"share_on_mastodon":{"url":"https:\/\/pubeurope.com\/@fr\/115496044778774932","error":""},"_links":{"self":[{"href":"https:\/\/www.europesays.com\/fr\/wp-json\/wp\/v2\/posts\/513060","targetHints":{"allow":["GET"]}}],"collection":[{"href":"https:\/\/www.europesays.com\/fr\/wp-json\/wp\/v2\/posts"}],"about":[{"href":"https:\/\/www.europesays.com\/fr\/wp-json\/wp\/v2\/types\/post"}],"author":[{"embeddable":true,"href":"https:\/\/www.europesays.com\/fr\/wp-json\/wp\/v2\/users\/2"}],"replies":[{"embeddable":true,"href":"https:\/\/www.europesays.com\/fr\/wp-json\/wp\/v2\/comments?post=513060"}],"version-history":[{"count":0,"href":"https:\/\/www.europesays.com\/fr\/wp-json\/wp\/v2\/posts\/513060\/revisions"}],"wp:featuredmedia":[{"embeddable":true,"href":"https:\/\/www.europesays.com\/fr\/wp-json\/wp\/v2\/media\/513061"}],"wp:attachment":[{"href":"https:\/\/www.europesays.com\/fr\/wp-json\/wp\/v2\/media?parent=513060"}],"wp:term":[{"taxonomy":"category","embeddable":true,"href":"https:\/\/www.europesays.com\/fr\/wp-json\/wp\/v2\/categories?post=513060"},{"taxonomy":"post_tag","embeddable":true,"href":"https:\/\/www.europesays.com\/fr\/wp-json\/wp\/v2\/tags?post=513060"}],"curies":[{"name":"wp","href":"https:\/\/api.w.org\/{rel}","templated":true}]}}