{"id":513066,"date":"2025-11-05T08:07:11","date_gmt":"2025-11-05T08:07:11","guid":{"rendered":"https:\/\/www.europesays.com\/fr\/513066\/"},"modified":"2025-11-05T08:07:11","modified_gmt":"2025-11-05T08:07:11","slug":"caliste-chainel-marracher-et-finir-a-quatre-pattes-sil-le-faut-actualite","status":"publish","type":"post","link":"https:\/\/www.europesays.com\/fr\/513066\/","title":{"rendered":"Caliste Chainel : \u00ab M&rsquo;arracher et finir \u00e0 quatre pattes s&rsquo;il le faut \u00bb &#8211; Actualit\u00e9"},"content":{"rendered":"<p style=\"text-align: justify;\"><strong><a href=\"https:\/\/www.directvelo.com\/coureur\/53254\/caliste-chainel\" target=\"_blank\" rel=\"noopener\">Caliste Chainel<\/a><\/strong>\u00a0a ouvert son compteur en UCI. Ce dimanche, <strong><a href=\"https:\/\/www.directvelo.com\/actualite\/125082\/cyclo-cross-uci-de-langres-theo-thomas-1er\" target=\"_blank\" rel=\"noopener\">il a remport\u00e9 l&rsquo;\u00e9preuve Junior du cyclo-cross de Langres<\/a><\/strong>. \u00ab\u00a0Franchement je ne m&rsquo;attendais pas forc\u00e9ment \u00e0 gagner en UCI cette ann\u00e9e. Le d\u00e9but de saison a \u00e9t\u00e9 assez compliqu\u00e9 \u00e0 Brumath en plus, donc l\u00e0 \u00e7a remotive et \u00e7a fait plaisir, \u00e7a donne la confiance avant le Championnat d&rsquo;Europe\u00a0\u00bb. Concurrenc\u00e9 au d\u00e9part par Tim\u00e9o Louison, il a jou\u00e9 la carte de la patience. \u00ab\u00a0Il a fait un super d\u00e9part, il m&rsquo;a fait p\u00e9ter de la roue. Je savais que la course allait \u00eatre longue donc je ne me suis pas affol\u00e9. Je suis rentr\u00e9 au bout de deux tours, sans forc\u00e9ment attaquer. Je pense que je lui ai fait mal dans les parties \u00e0 pied, et l&rsquo;\u00e9cart s&rsquo;est fait tout de suite\u00a0\u00bb.<\/p>\n<p><strong>LE RETOUR DE LA CONSOLE<\/strong><\/p>\n<p>Une fois devant, il n&rsquo;y avait plus qu&rsquo;\u00e0 assurer pour ne rien se casser avant le Championnat d&rsquo;Europe, o\u00f9 il s&rsquo;appr\u00eate \u00e0 porter le maillot bleu pour la premi\u00e8re fois. \u00ab\u00a0\u00c7a fait plaisir d&rsquo;\u00eatre pris en \u00e9quipe de France pour la premi\u00e8re fois. Fran\u00e7ois Trarieux, qui m&rsquo;a appel\u00e9 lundi, m&rsquo;a dit que c&rsquo;\u00e9tait vraiment pour d\u00e9couvrir, donc je suis pr\u00eat \u00e0 me donner \u00e0 fond sur un circuit avec du sable, \u00e7a va \u00eatre sympa\u00a0\u00bb. Mais Caliste Chainel n&rsquo;a pas eu l&rsquo;occasion de c\u00f4toyer les Bleus en stage. \u00ab\u00a0Paul Goux et moi, on a \u00e9t\u00e9 rajout\u00e9s entre guillemets. Par rapport aux quotas, on n&rsquo;\u00e9tait pas s\u00fbr d&rsquo;y \u00eatre. Du coup on ne part que jeudi avec l&rsquo;\u00e9quipe de France, depuis Langres, justement\u00a0\u00bb.<\/p>\n<p>Cette semaine, avant d&rsquo;aborder la course de Middelkerke, le Vosgien va retrouver une activit\u00e9 qu&rsquo;il appr\u00e9cie. \u00ab\u00a0Pour l&rsquo;instant, je vais me reposer, jouer \u00e0 la console, et puis apr\u00e8s on se repr\u00e9pare mercredi, en se concentrant toute la fin de semaine. On va \u00eatre \u00e0 l&rsquo;\u00e9coute de l&rsquo;\u00e9quipe de France, de Fran\u00e7ois Trarieux, et m\u00eame de Soren Bruy\u00e8re qui peut donner des conseils \u00e0 tout le monde\u00a0\u00bb. \u00c0 Albi, <strong><a href=\"https:\/\/www.directvelo.com\/actualite\/124943\/caliste-chainel-jessaie-de-lacher-la-play\" target=\"_blank\" rel=\"noopener\">Caliste Chainel avait d\u00e9j\u00e0 \u00e9voqu\u00e9 son p\u00e9ch\u00e9 mignon pour les jeux vid\u00e9o aupr\u00e8s de DirectVelo<\/a><\/strong>. \u00ab\u00a0Je vais bient\u00f4t l\u00e2cher, rigole-t-il. L\u00e0 il y a un petit coup de repos, et apr\u00e8s \u00e7a repart d\u00e8s que possible \u00e0 fond. L&rsquo;entra\u00eenement, c&rsquo;est tr\u00e8s important, je commence seulement \u00e0 vraiment bien m&rsquo;entra\u00eener cette ann\u00e9e, et je me rends compte de l&rsquo;importance que \u00e7a a. En plus, maintenant que je suis au Championnat d&rsquo;Europe, c&rsquo;est important et je privil\u00e9gie \u00e7a quand m\u00eame\u00a0\u00bb.<\/p>\n<p><strong>UNE PREMI\u00c8RE ANN\u00c9E SANS FOOT<\/strong><\/p>\n<p>Il y a une autre activit\u00e9 qu&rsquo;il aimait pratiquer en parall\u00e8le du v\u00e9lo, jusqu&rsquo;\u00e0 pr\u00e9sent. \u00ab\u00a0C&rsquo;est ma premi\u00e8re ann\u00e9e o\u00f9 je n&rsquo;ai pas fait de foot, habituellement, l&rsquo;\u00e9t\u00e9, j&rsquo;en fais \u00e0 c\u00f4t\u00e9. L\u00e0 j&rsquo;ai fait la saison de VTT enti\u00e8rement, d&rsquo;ailleurs j&rsquo;ai sign\u00e9 dans un team VTT normalement\u00a0\u00bb. Mais jusqu&rsquo;alors, il ne souhaitait pas non plus n&rsquo;avoir que le v\u00e9lo dans la t\u00eate. \u00ab\u00a0Je ne prenais pas vraiment le v\u00e9lo au s\u00e9rieux. Maintenant que je fais des UCI, je m&rsquo;y mets vraiment. Je pense forc\u00e9ment \u00e0 Remco Evenepoel qui a fait du foot avant d&rsquo;\u00eatre pro. De mes 12 ans jusqu&rsquo;\u00e0 mes 16 ans je faisais du foot, \u00e7a m&rsquo;a vraiment appris le c\u00f4t\u00e9 collectif\u00a0\u00bb.<\/p>\n<p>Ce nouvel \u00e9quilibre doit lui permettre d&rsquo;aller jusqu&rsquo;au bout de l&rsquo;hiver sans accroc. \u00ab\u00a0On sait que la saison va \u00eatre longue. L&rsquo;ann\u00e9e derni\u00e8re j&rsquo;ai eu du mal \u00e0 finir, j&rsquo;ai fait 45e au Championnat de France, c&rsquo;\u00e9tait tr\u00e8s d\u00e9cevant, malgr\u00e9 d&rsquo;autres facteurs, comme le stress par exemple\u00a0\u00bb. Mais pour le moment, ce n&rsquo;est que le d\u00e9but, et sa mont\u00e9e en puissance week-end apr\u00e8s week-end pourrait se concr\u00e9tiser au Championnat d&rsquo;Europe. \u00ab\u00a0\u00c7a va \u00eatre ma premi\u00e8re fois en Belgique. L&rsquo;ann\u00e9e derni\u00e8re j&rsquo;avais h\u00e9sit\u00e9 \u00e0 y aller, donc \u00e7a va faire plaisir de se confronter avec l&rsquo;international. L&rsquo;ambition est de tout donner, de n&rsquo;avoir aucun probl\u00e8me, d&rsquo;\u00eatre propre techniquement et surtout d&rsquo;apprendre. Je suis pr\u00eat \u00e0 m&rsquo;arracher et \u00e0 finir \u00e0 quatre pattes s&rsquo;il le faut\u00a0\u00bb, s&rsquo;amuse Caliste Chainel.<\/p>\n","protected":false},"excerpt":{"rendered":"Caliste Chainel\u00a0a ouvert son compteur en UCI. Ce dimanche, il a remport\u00e9 l&rsquo;\u00e9preuve Junior du cyclo-cross de Langres.&hellip;\n","protected":false},"author":2,"featured_media":513067,"comment_status":"","ping_status":"","sticky":false,"template":"","format":"standard","meta":{"footnotes":""},"categories":[1411],"tags":[834,828,836,829,837,827,83,826,824,823,1154,207,814,817,815,816,822,821,832,211,839,1011,27,820,818,819,835,831,830,833,838,60,212,208,825],"class_list":{"0":"post-513066","1":"post","2":"type-post","3":"status-publish","4":"format-standard","5":"has-post-thumbnail","7":"category-cyclisme","8":"tag-attaque","9":"tag-belgique","10":"tag-braquet","11":"tag-bretagne","12":"tag-chute","13":"tag-competition","14":"tag-coupe-de-france","15":"tag-coureur","16":"tag-course-cyclisme","17":"tag-course-cycliste","18":"tag-cycling","19":"tag-cyclisme","20":"tag-direct","21":"tag-direct-velo","22":"tag-directvelo","23":"tag-directvelo-com","24":"tag-epreuve","25":"tag-epreuve-cycliste","26":"tag-federation-francaise-de-cyclisme","27":"tag-ffc","28":"tag-flandres","29":"tag-fr","30":"tag-france","31":"tag-live","32":"tag-live-course","33":"tag-live-epreuve","34":"tag-peloton","35":"tag-radio-peloton","36":"tag-radio-tour","37":"tag-ravitaillement","38":"tag-relance","39":"tag-sports","40":"tag-uci","41":"tag-velo","42":"tag-velos"},"share_on_mastodon":{"url":"https:\/\/pubeurope.com\/@fr\/115496068353771916","error":""},"_links":{"self":[{"href":"https:\/\/www.europesays.com\/fr\/wp-json\/wp\/v2\/posts\/513066","targetHints":{"allow":["GET"]}}],"collection":[{"href":"https:\/\/www.europesays.com\/fr\/wp-json\/wp\/v2\/posts"}],"about":[{"href":"https:\/\/www.europesays.com\/fr\/wp-json\/wp\/v2\/types\/post"}],"author":[{"embeddable":true,"href":"https:\/\/www.europesays.com\/fr\/wp-json\/wp\/v2\/users\/2"}],"replies":[{"embeddable":true,"href":"https:\/\/www.europesays.com\/fr\/wp-json\/wp\/v2\/comments?post=513066"}],"version-history":[{"count":0,"href":"https:\/\/www.europesays.com\/fr\/wp-json\/wp\/v2\/posts\/513066\/revisions"}],"wp:featuredmedia":[{"embeddable":true,"href":"https:\/\/www.europesays.com\/fr\/wp-json\/wp\/v2\/media\/513067"}],"wp:attachment":[{"href":"https:\/\/www.europesays.com\/fr\/wp-json\/wp\/v2\/media?parent=513066"}],"wp:term":[{"taxonomy":"category","embeddable":true,"href":"https:\/\/www.europesays.com\/fr\/wp-json\/wp\/v2\/categories?post=513066"},{"taxonomy":"post_tag","embeddable":true,"href":"https:\/\/www.europesays.com\/fr\/wp-json\/wp\/v2\/tags?post=513066"}],"curies":[{"name":"wp","href":"https:\/\/api.w.org\/{rel}","templated":true}]}}