{"id":513070,"date":"2025-11-05T08:09:20","date_gmt":"2025-11-05T08:09:20","guid":{"rendered":"https:\/\/www.europesays.com\/fr\/513070\/"},"modified":"2025-11-05T08:09:20","modified_gmt":"2025-11-05T08:09:20","slug":"natasha-andrews-evoque-son-quotidien-avec-son-compagnon-pierre-niney-et-ce-moment-passe-avec-lui-dans-des-conditions-particulieres","status":"publish","type":"post","link":"https:\/\/www.europesays.com\/fr\/513070\/","title":{"rendered":"Natasha Andrews \u00e9voque son quotidien avec son compagnon Pierre Niney et ce moment pass\u00e9 avec lui dans des conditions particuli\u00e8res"},"content":{"rendered":"<p>Invit\u00e9e sur le plateau de Quotidien ce mardi 4 novembre pour faire la promotion de Flows, son nouvel ouvrage, Natasha Andrews a \u00e9voqu\u00e9 sa vie de couple avec Pierre Niney.<\/p>\n<p><a href=\"https:\/\/www.programme-tv.net\/news\/people\/353563-qui-est-natasha-andrews-la-compagne-de-lacteur-pierre-niney\/\" data-api-deeplink=\"teleloisirs:\/\/news\/353563\" target=\"_blank\" rel=\"noopener\">Pierre Niney partage la vie de Natasha Andrews depuis 2008<\/a>. L&rsquo;acteur a rencontr\u00e9 sa compagne sur les bancs du Cours Florent. D&rsquo;origine australienne, elle \u00e9tait venue en France pour suivre des \u00e9tudes de langues et civilisation fran\u00e7aise \u00e0 la Sorbonne, avant d&rsquo;\u00e9tudier le th\u00e9\u00e2tre. Ensemble, ils sont devenus les parents de deux petites filles, Lola, qui a vu le jour en 2017 et Billie, n\u00e9e en 2019. Si elle a jou\u00e9 dans plusieurs films, la compagne de l&rsquo;acteur \u00e9tait l&rsquo;invit\u00e9e de Quotidien, ce mardi 4 novembre, pour \u00e9voquer son ouvrage Flows, dans lequel elle partage ses secrets de bien-\u00eatre. <a href=\"https:\/\/www.programme-tv.net\/biographie\/93334-barthes-yann\/\" data-link-people=\"7c4bedca-4fdc-448d-b51e-276a2ccddc8b\" target=\"_blank\" rel=\"noopener\">Yann Barth\u00e8s<\/a> l&rsquo;a \u00e9videmment taquin\u00e9e sur sa relation avec l&rsquo;interpr\u00e8te du Comte de Monte-Cristo.<\/p>\n<p>Pierre Niney et Natasha Andrews ont choisi de s&rsquo;\u00e9loigner de Paris<\/p>\n<p>Comme l&rsquo;a rappel\u00e9 l&rsquo;animateur, le couple a fait le choix de s&rsquo;\u00e9loigner de Paris. \u00ab\u00a0Je suis all\u00e9 chercher la tranquillit\u00e9 \u00e0 la campagne o\u00f9, avec ma famille, on respire. Je ne pourrais plus vivre loin de mes animaux\u00a0\u00bb, avait confi\u00e9 Pierre Niney dans les colonnes de Paris-Match. Pour se ressourcer, ils ont m\u00eame tent\u00e9 une aventure encore plus extr\u00eame dans des conditions v\u00e9ritablement spartiates. \u00ab\u00a0C&rsquo;est en Auvergne, c&rsquo;est un buron qui \u00e9tait vraiment construit pour s&rsquo;occuper des animaux, les moutons et faire du fromage. Il n&rsquo;y a pas d&rsquo;\u00e9lectricit\u00e9. On vit \u00e0 la lumi\u00e8re des bougies, des deux. C&rsquo;est extraordinaire. J&rsquo;ai v\u00e9cu un moment incroyable\u00a0\u00bb, a expliqu\u00e9 Natasha Andrews \u00e0 Yann Barth\u00e8s. L&rsquo;animateur a donc voulu savoir si c&rsquo;\u00e9tait elle qui avait \u00ab\u00a0marabout\u00e9 son compagnon afin de le pousser \u00e0 s&rsquo;\u00e9loigner de la ville. <b>\u00ab\u00a0Je pense que je dois en faire un petit peu partie, oui<\/b><b>\u00ab\u00a0,<\/b> a-t-elle reconnu. L&rsquo;animateur de TMC a \u00e9galement rediffus\u00e9 des images o\u00f9 <a href=\"https:\/\/www.programme-tv.net\/news\/people\/370631-parce-que-les-engueulades-en-anglais-pierre-niney-fait-de-rares-confidences-sur-sa-femme-natasha-andrews-et-le-role-qu-elle-a-joue-dans-sa-carriere\/\" data-api-deeplink=\"teleloisirs:\/\/news\/370631\" target=\"_blank\" rel=\"noopener\">Pierre Niney \u00e9voquait ses disputes en anglais avec sa compagne, qui l&rsquo;ont fait progresser dans la langue<\/a>. \u00ab\u00a0J&rsquo;ai pris de l&rsquo;avance en prenant une femme australienne. Ca m&rsquo;a vraiment permis de gagner quelques ann\u00e9es sur le c\u00f4t\u00e9 coaching. Parce que les engueulades en anglais, \u00e7a vous fait faire des progr\u00e8s, parce que tu cherches vraiment ce que tu veux dire\u00a0\u00bb, s&rsquo;\u00e9tait-il amus\u00e9. <b>\u00ab\u00a0Moi j&rsquo;engueule en anglais. C&rsquo;est ma langue natale, c&rsquo;est plus visc\u00e9ral\u00a0\u00bb<\/b>, a r\u00e9agi la com\u00e9dienne et photographe.<\/p>\n<p>                        Natasha Andrews donne des nouvelles de \u00e2nes de Pierre Niney<\/p>\n<p><a href=\"https:\/\/www.programme-tv.net\/news\/people\/355950-ca-va-beaucoup-trop-loin-pierre-niney-devoile-une-obsession-surprenante-de-ses-fans\/\" data-api-deeplink=\"teleloisirs:\/\/news\/355950\" target=\"_blank\" rel=\"noopener\">Yann Barth\u00e8s a aussi demand\u00e9 \u00e0 Natasha Andrews des nouvelles de l&rsquo;\u00e2ne de compagnie de Pierre Niney<\/a>, devenu une star sur les r\u00e9seaux sociaux. \u00ab\u00a0Il est grand comme un chien. D&rsquo;ailleurs, m\u00eame s&rsquo;ils sont trop mignons et que c&rsquo;est g\u00e9nial qu&rsquo;ils soient devenus des stars des r\u00e9seaux. On a vraiment pris ces animaux-l\u00e0 aussi pour se connecter \u00e0 la biodiversit\u00e9. (&#8230;) On a un vrai contact avec eux\u00a0\u00bb, a-t-elle expliqu\u00e9.<\/p>\n","protected":false},"excerpt":{"rendered":"Invit\u00e9e sur le plateau de Quotidien ce mardi 4 novembre pour faire la promotion de Flows, son nouvel&hellip;\n","protected":false},"author":2,"featured_media":513071,"comment_status":"","ping_status":"","sticky":false,"template":"","format":"standard","meta":{"footnotes":""},"categories":[1359],"tags":[4548,7196,244,6924,58,59,2081,1011,27,63401,63400,63399,973,17758,1404,4581,2175,63402],"class_list":{"0":"post-513070","1":"post","2":"type-post","3":"status-publish","4":"format-standard","5":"has-post-thumbnail","7":"category-people","8":"tag-channel_tl-story","9":"tag-cinu00e9ma","10":"tag-commentaire","11":"tag-couples-de-stars","12":"tag-divertissement","13":"tag-entertainment","14":"tag-film","15":"tag-fr","16":"tag-france","17":"tag-guid_5636981087001","18":"tag-natacha-andrews","19":"tag-natasha-andrews","20":"tag-people","21":"tag-pierre-niney","22":"tag-quotidien","23":"tag-story","24":"tag-tl-story","25":"tag-uuid_2fa212cd-ee61-434d-860b-554fea0e7644"},"share_on_mastodon":{"url":"https:\/\/pubeurope.com\/@fr\/115496076267556201","error":""},"_links":{"self":[{"href":"https:\/\/www.europesays.com\/fr\/wp-json\/wp\/v2\/posts\/513070","targetHints":{"allow":["GET"]}}],"collection":[{"href":"https:\/\/www.europesays.com\/fr\/wp-json\/wp\/v2\/posts"}],"about":[{"href":"https:\/\/www.europesays.com\/fr\/wp-json\/wp\/v2\/types\/post"}],"author":[{"embeddable":true,"href":"https:\/\/www.europesays.com\/fr\/wp-json\/wp\/v2\/users\/2"}],"replies":[{"embeddable":true,"href":"https:\/\/www.europesays.com\/fr\/wp-json\/wp\/v2\/comments?post=513070"}],"version-history":[{"count":0,"href":"https:\/\/www.europesays.com\/fr\/wp-json\/wp\/v2\/posts\/513070\/revisions"}],"wp:featuredmedia":[{"embeddable":true,"href":"https:\/\/www.europesays.com\/fr\/wp-json\/wp\/v2\/media\/513071"}],"wp:attachment":[{"href":"https:\/\/www.europesays.com\/fr\/wp-json\/wp\/v2\/media?parent=513070"}],"wp:term":[{"taxonomy":"category","embeddable":true,"href":"https:\/\/www.europesays.com\/fr\/wp-json\/wp\/v2\/categories?post=513070"},{"taxonomy":"post_tag","embeddable":true,"href":"https:\/\/www.europesays.com\/fr\/wp-json\/wp\/v2\/tags?post=513070"}],"curies":[{"name":"wp","href":"https:\/\/api.w.org\/{rel}","templated":true}]}}