{"id":513072,"date":"2025-11-05T08:10:13","date_gmt":"2025-11-05T08:10:13","guid":{"rendered":"https:\/\/www.europesays.com\/fr\/513072\/"},"modified":"2025-11-05T08:10:13","modified_gmt":"2025-11-05T08:10:13","slug":"une-sculpture-provocante-de-donald-trump-sangle-sur-une-croix-exposee-en-suisse","status":"publish","type":"post","link":"https:\/\/www.europesays.com\/fr\/513072\/","title":{"rendered":"Une sculpture provocante de Donald Trump sangl\u00e9 sur une croix expos\u00e9e en Suisse"},"content":{"rendered":"<p>\n    L\u2019artiste britannique Mason Storm a repr\u00e9sent\u00e9 le pr\u00e9sident am\u00e9ricain dans la traditionnelle combinaison orange que portent les prisonniers. L\u2019exposition a rassembl\u00e9 3000 personnes lundi 3 novembre.<\/p>\n<p class=\"fig-paragraph\"><a href=\"http:\/\/www.lefigaro.fr\/international\/dossier\/donald-trump-investi-47e-president-des-etats-unis-notre-dossier-pour-tout-comprendre\" data-fig-type=\"Topic\" data-gtm-custom-categorie=\"navigation\" data-gtm-custom-action=\"crossclick\" data-gtm-custom-label=\"Contextuel\" data-gtm-event=\"customEventSPE\" data-fig-domain=\"LEFIGARO\" target=\"_blank\" rel=\"noopener\">Donald Trump<\/a>\u00a0en combinaison orange de prisonnier attach\u00e9 \u00e0 une croix par des sangles de contention\u00a0:\u00a0<a href=\"http:\/\/www.lefigaro.fr\/arts-expositions\/je-le-mets-au-ras-du-sol-le-toulousain-james-colomina-plonge-donald-trump-dans-les-egouts-de-new-york-20250725\" data-fig-type=\"Article\" data-gtm-custom-categorie=\"navigation\" data-gtm-custom-action=\"crossclick\" data-gtm-custom-label=\"Contextuel\" data-gtm-event=\"customEventSPE\" data-fig-domain=\"LEFIGARO\" target=\"_blank\" rel=\"noopener\">une sculpture provocante<\/a>\u00a0de l&rsquo;artiste britannique Mason Storm est expos\u00e9e depuis quelques jours en Suisse sans particuli\u00e8rement \u00e9mouvoir. La sculpture de r\u00e9sine intitul\u00e9e Saint or Sinner (Saint ou p\u00e9cheur) repr\u00e9sente le pr\u00e9sident am\u00e9ricain en tenue de prisonnier et les yeux clos. Son corps est immobilis\u00e9 sur une croix blanche matelass\u00e9e l\u00e9g\u00e8rement inclin\u00e9e.<\/p>\n<p class=\"fig-paragraph\">L&rsquo;\u0153uvre, expos\u00e9e depuis samedi \u00e0 B\u00e2le (nord) apr\u00e8s un passage cette ann\u00e9e \u00e0 Vienne, en Autriche, peut \u00e9voquer une sc\u00e8ne de crucifixion comme celle d&rsquo;une ex\u00e9cution par injection l\u00e9tale. \u00ab\u00a0C&rsquo;est d&rsquo;un r\u00e9alisme effrayant, je peux l&rsquo;affirmer sans h\u00e9siter, car lors de l&rsquo;installation, nous \u00e9tions vraiment au plus pr\u00e8s du r\u00e9sultat. On voit chaque ride, la peau est tellement r\u00e9aliste, c&rsquo;est vraiment troublant\u00a0\u00bb, sourit Konrad Breznik, propri\u00e9taire de la galerie Gleis 4.<\/p>\n<p>    La sculpture provocante de Donald Trump a \u00e9t\u00e9 vue par plus de 3000 personnes le 3 novembre.<br \/>\n                SEBASTIEN BOZON \/ AFP<\/p>\n<p>                                    <a class=\"fig-a11y-skip a11y-hidden\" href=\"#fig-a11y-skip-main-inarticle\"><br \/>\n        Passer la publicit\u00e9<br \/>\n    <\/a><\/p>\n<p class=\"fig-paragraph\">Initialement, cette galerie bas\u00e9e \u00e0 Zoug, dans le centre de la Suisse, souhaitait exposer l&rsquo;\u0153uvre dans ses locaux de la gare de B\u00e2le (nord). Mais elle y a finalement renonc\u00e9 pour occuper l&rsquo;espace moins fr\u00e9quent\u00e9 d&rsquo;une vitrine du Basler Kunstmeile, un espace d&rsquo;exposition le long d&rsquo;un passage pi\u00e9ton du centre-ville. Les compteurs install\u00e9s sur place ont pourtant relev\u00e9 plus de 3000 passages lundi. \u00c0 la vue de l&rsquo;\u0153uvre, beaucoup de passants sourient, mais personne ne s&rsquo;indigne vraiment dans la ville d&rsquo;<a href=\"http:\/\/www.lefigaro.fr\/arts-expositions\/les-coups-de-coeur-du-figaro-de-la-folle-semaine-d-art-basel-paris-2025-20251025\" data-fig-type=\"Article\" data-gtm-custom-categorie=\"navigation\" data-gtm-custom-action=\"crossclick\" data-gtm-custom-label=\"Contextuel\" data-gtm-event=\"customEventSPE\" data-fig-domain=\"LEFIGARO\" target=\"_blank\" rel=\"noopener\">Art Basel<\/a>, la foire de l&rsquo;art contemporain mondialement r\u00e9put\u00e9e.<\/p>\n<p>Le \u00ab\u00a0J\u00e9sus moderne\u00a0\u00bb<\/p>\n<p class=\"fig-paragraph\">\u00ab\u00a0Le fait que nous puissions montrer ces choses de ce genre illustre le fait que nous sommes en d\u00e9mocratie\u00a0\u00bb, salue parmi eux Marit, une Norv\u00e9gienne vivant \u00e0 B\u00e2le. Selon elle, une telle \u0153uvre ne pourrait \u00eatre ainsi expos\u00e9e \u00e0 tous les regards aux \u00c9tats-Unis. Konrad Breznik pense, lui, que le pr\u00e9sident am\u00e9ricain appr\u00e9cierait l&rsquo;\u0153uvre. \u00ab\u00a0Je pense sinc\u00e8rement que Donald Trump pourrait tr\u00e8s bien se voir dans le r\u00f4le d&rsquo;un J\u00e9sus moderne (&#8230;) Et je suis presque certain qu&rsquo;il est lui-m\u00eame convaincu d&rsquo;agir dans le bon sens\u00a0\u00bb.<\/p>\n<p class=\"fig-body-link\">\n            \u00c0 lire aussi<br \/>\n        <a class=\"fig-body-link__link fig-premium-mark\" href=\"http:\/\/www.lefigaro.fr\/culture\/chasse-au-wokisme-dans-la-culture-en-ciblant-les-musees-donald-trump-rappelle-les-beaux-jours-du-communisme-20250822\" target=\"_blank\" data-fig-type=\"Article\" rel=\"noopener\" data-gtm-custom-categorie=\"navigation\" data-gtm-custom-action=\"crossclick\" data-gtm-custom-label=\"Contextuel\" data-gtm-event=\"customEventSPE\" data-fig-domain=\"LEFIGARO\"><\/p>\n<p>        Chasse au wokisme dans la culture: \u00abEn ciblant les mus\u00e9es, Donald Trump rappelle les beaux jours du communisme\u00bb<br \/>\n    <\/a>\n<\/p>\n<p class=\"fig-paragraph\">Le Londonien Mason Storm, artiste connu pour ses sculptures et toiles aussi r\u00e9alistes que d\u00e9cal\u00e9es \u00e0 tendance street art, maintient son anonymat en dissimulant son visage derri\u00e8re des cagoules ou masques de sa cr\u00e9ation. Son travail est souvent associ\u00e9 \u00e0 celui de son c\u00e9l\u00e8bre compatriote\u00a0<a href=\"http:\/\/www.lefigaro.fr\/culture\/londres-une-fresque-de-banksy-effacee-par-les-autorites-britanniques-20250910\" data-fig-type=\"NewsFlash\" data-gtm-custom-categorie=\"navigation\" data-gtm-custom-action=\"crossclick\" data-gtm-custom-label=\"Contextuel\" data-gtm-event=\"customEventSPE\" data-fig-domain=\"LEFIGARO\" target=\"_blank\" rel=\"noopener\">Banksy<\/a>. Sur son site Instagram, il se d\u00e9crit comme \u00ab\u00a0l&rsquo;artiste que l&rsquo;on adore adorer et d\u00e9tester, bon vivant international, promoteur de pigments et homme d&rsquo;action\u00a0\u00bb. Bien avant son s\u00e9jour b\u00e2lois, l&rsquo;\u0153uvre a \u00e9t\u00e9 acquise par un collectionneur, une \u00ab\u00a0personnalit\u00e9 internationalement connue qui vit en Europe\u00a0\u00bb mais dont le nom sera tenu secret.<\/p>\n","protected":false},"excerpt":{"rendered":"L\u2019artiste britannique Mason Storm a repr\u00e9sent\u00e9 le pr\u00e9sident am\u00e9ricain dans la traditionnelle combinaison orange que portent les prisonniers.&hellip;\n","protected":false},"author":2,"featured_media":513073,"comment_status":"","ping_status":"","sticky":false,"template":"","format":"standard","meta":{"footnotes":""},"categories":[1358],"tags":[1348,1384,1385,1386,58,75,59,1011,27,3899,3067],"class_list":{"0":"post-513072","1":"post","2":"type-post","3":"status-publish","4":"format-standard","5":"has-post-thumbnail","7":"category-arts-et-design","8":"tag-arts","9":"tag-arts-and-design","10":"tag-arts-et-design","11":"tag-design","12":"tag-divertissement","13":"tag-donald-trump","14":"tag-entertainment","15":"tag-fr","16":"tag-france","17":"tag-sculpture","18":"tag-suisse"},"share_on_mastodon":{"url":"https:\/\/pubeurope.com\/@fr\/115496080044968414","error":""},"_links":{"self":[{"href":"https:\/\/www.europesays.com\/fr\/wp-json\/wp\/v2\/posts\/513072","targetHints":{"allow":["GET"]}}],"collection":[{"href":"https:\/\/www.europesays.com\/fr\/wp-json\/wp\/v2\/posts"}],"about":[{"href":"https:\/\/www.europesays.com\/fr\/wp-json\/wp\/v2\/types\/post"}],"author":[{"embeddable":true,"href":"https:\/\/www.europesays.com\/fr\/wp-json\/wp\/v2\/users\/2"}],"replies":[{"embeddable":true,"href":"https:\/\/www.europesays.com\/fr\/wp-json\/wp\/v2\/comments?post=513072"}],"version-history":[{"count":0,"href":"https:\/\/www.europesays.com\/fr\/wp-json\/wp\/v2\/posts\/513072\/revisions"}],"wp:featuredmedia":[{"embeddable":true,"href":"https:\/\/www.europesays.com\/fr\/wp-json\/wp\/v2\/media\/513073"}],"wp:attachment":[{"href":"https:\/\/www.europesays.com\/fr\/wp-json\/wp\/v2\/media?parent=513072"}],"wp:term":[{"taxonomy":"category","embeddable":true,"href":"https:\/\/www.europesays.com\/fr\/wp-json\/wp\/v2\/categories?post=513072"},{"taxonomy":"post_tag","embeddable":true,"href":"https:\/\/www.europesays.com\/fr\/wp-json\/wp\/v2\/tags?post=513072"}],"curies":[{"name":"wp","href":"https:\/\/api.w.org\/{rel}","templated":true}]}}